{"id":30235,"date":"2022-02-06T16:15:20","date_gmt":"2022-02-06T15:15:20","guid":{"rendered":"http:\/\/fegrama.cat\/web\/?p=30235"},"modified":"2022-02-06T16:15:21","modified_gmt":"2022-02-06T15:15:21","slug":"dos-gols-en-dos-minuts-per-sumar-el-segon-triomf-consecutiu","status":"publish","type":"post","link":"http:\/\/fegrama.cat\/web\/dos-gols-en-dos-minuts-per-sumar-el-segon-triomf-consecutiu\/","title":{"rendered":"Dos gols en dos minuts per sumar el segon triomf consecutiu"},"content":{"rendered":"\n<p>Segona vict\u00f2ria consecutiva de la FE Grama, aquesta vegada 2-1 davant de la UE Sant Andreu en un Nou Municipal amb prop de 1.000 espectadors. Davant la pres\u00e8ncia tamb\u00e9 de l&#8217;Alcaldessa de Santa Coloma, N\u00faria Parl\u00f3n, acompanyada per Esteve Serrano (Primer Tinent d&#8217;alcaldessa), Mireia Gonz\u00e1lez (8a Tinenta d&#8217;alcaldessa), Dani Salgado (Regidor d&#8217;Esports) i \u00c1lvaro Rodilla (Regidor de Medi Ambient i Protecci\u00f3 Animal). Entre moltes altres personalitats tamb\u00e9 va acudir Gemma Espa\u00f1ol (Presidenta d&#8217;ERC Gramenet).<\/p>\n\n\n\n<div class=\"wp-block-image\"><figure class=\"aligncenter size-large\"><img loading=\"lazy\" decoding=\"async\" width=\"1024\" height=\"716\" src=\"http:\/\/fegrama.cat\/web\/wp-content\/uploads\/2022\/02\/11gramauesa-1024x716.jpeg\" alt=\"\" class=\"wp-image-30242\" srcset=\"http:\/\/fegrama.cat\/web\/wp-content\/uploads\/2022\/02\/11gramauesa-1024x716.jpeg 1024w, http:\/\/fegrama.cat\/web\/wp-content\/uploads\/2022\/02\/11gramauesa-300x210.jpeg 300w, http:\/\/fegrama.cat\/web\/wp-content\/uploads\/2022\/02\/11gramauesa-768x537.jpeg 768w, http:\/\/fegrama.cat\/web\/wp-content\/uploads\/2022\/02\/11gramauesa-1536x1074.jpeg 1536w, http:\/\/fegrama.cat\/web\/wp-content\/uploads\/2022\/02\/11gramauesa.jpeg 1600w\" sizes=\"auto, (max-width: 1024px) 100vw, 1024px\" \/><\/figure><\/div>\n\n\n\n<p>Juanma Pons va repetir l&#8217;11 de la vict\u00f2ria a Hospitalet. Primer quart de m\u00e0xima igualtat amb els dos equips intentant aconseguir el domini de l&#8217;esf\u00e8ric. La Grama va provar sort al minut 8 amb una internada a l&#8217;\u00e0rea de Fran, el porter visitant evitava el gol del migcampista andal\u00fas.<\/p>\n\n\n\n<p>El Sant Andreu ho va intentar al 19\u2032 amb un xut lluny\u00e0 de falta que acabaria molt alt. El partit i el marcador es van trencar en dos minuts brillants de la Grama. Al minut 23 Solsona rebia una exquisida passada a l&#8217;espai de Peris i el davanter no fallava a l&#8217;u contra u (1-0). Un minut m\u00e9s tard, i despr\u00e9s del servei des del centre, Roger Garc\u00eda li robava la pilota al defensa a la frontal de l&#8217;\u00e0rea i afusellava el porter (2-0).<\/p>\n\n\n\n<p>D&#8217;aqu\u00ed al descans els colomencs es van ordenar en bloc, pressionant la sortida de pilota i sense deixar espais un Sant Andreu que no va crear cap perill. Despr\u00e9s del pas per vestidors la Grama va saltar amb molta for\u00e7a, primerament anul\u00b7laven un gol a Roger Garc\u00eda per un dubt\u00f3s fora de joc i despr\u00e9s Solsona de xut creuat quasi marcava.<\/p>\n\n\n\n<div class=\"wp-block-image\"><figure class=\"aligncenter size-large\"><img loading=\"lazy\" decoding=\"async\" width=\"1024\" height=\"683\" src=\"https:\/\/fegrama.cat\/web\/wp-content\/uploads\/2022\/02\/grama-uesa-1024x683.jpeg\" alt=\"\" class=\"wp-image-30243\" srcset=\"http:\/\/fegrama.cat\/web\/wp-content\/uploads\/2022\/02\/grama-uesa-1024x683.jpeg 1024w, http:\/\/fegrama.cat\/web\/wp-content\/uploads\/2022\/02\/grama-uesa-300x200.jpeg 300w, http:\/\/fegrama.cat\/web\/wp-content\/uploads\/2022\/02\/grama-uesa-768x512.jpeg 768w, http:\/\/fegrama.cat\/web\/wp-content\/uploads\/2022\/02\/grama-uesa-1536x1024.jpeg 1536w, http:\/\/fegrama.cat\/web\/wp-content\/uploads\/2022\/02\/grama-uesa.jpeg 2048w\" sizes=\"auto, (max-width: 1024px) 100vw, 1024px\" \/><\/figure><\/div>\n\n\n\n<p>Amb el pas dels minuts la Grama va anar deixant la pilota a l&#8217;equip rival i es va protegir al seu camp a la recerca d&#8217;un robatori per matar el partit al contraatac. El Sant Andreu no creava gaire perill per\u00f2 al minut 69 un rebuig a la frontal de l&#8217;\u00e0rea el recolliria Dom\u00e8nech per retallar dist\u00e0ncies.<\/p>\n\n\n\n<p>Fins al final ho van intentar els barcelonins, sensaci\u00f3 de perill per\u00f2 poca claredat en atac. I la Grama va tornar a fregar el tercer, de rosca des de fora de l&#8217;\u00e0rea Escarrabill la va tenir al 78. Quedaven 12 minuts m\u00e9s els 5 de l&#8217;afegit i la Grama va saber defensar l&#8217;avantatge per sumar una vict\u00f2ria vital a casa.<\/p>\n\n\n\n<p><strong>Fitxa t\u00e8cnica:<\/strong><\/p>\n\n\n\n<p><strong>FE Grama:<\/strong>&nbsp;Guiseris, Rubi, Alan, Adrien, Molins, Fran (\u00c1ngel 66\u2019), Peris (Antonicelli, 66\u2019), Roger Garc\u00eda, Solsona (Montalb\u00e1n, 75\u2019), Escarrabill i Monterde.<\/p>\n\n\n\n<p><strong>UE Sant Andreu:&nbsp;<\/strong>Diego, Llamas (Aparicio, 84\u2032), Jim\u00e9nez (Pereira, 66\u2019), Noguera, Argilaga, Gimeno, Merch\u00e1n (Dom\u00e8nech, 66\u2019), Albertito (Franco, 84\u2032), Carre\u00f3n, Mulero (\u00c8ric L\u00f3pez, 58\u2019) i Fassani.<\/p>\n\n\n\n<p><strong>Gols:&nbsp;<\/strong>1-0 Javi Solsona, min.23. \/ 2-0 Roger Garc\u00eda, min.24. \/ 2-1 Dom\u00e8nech, min.69.<\/p>\n\n\n\n<p><strong>\u00c0rbitre:&nbsp;<\/strong>Alejandro Aguayo (Comit\u00e8 Barcelona). Va amonestar als locals Alan, Molins, Solsona i Montalb\u00e1n, i als visitants Fassani, \u00c8ric L\u00f3pez i Noguera.<\/p>\n\n\n\n<p><strong><a rel=\"noreferrer noopener\" href=\"https:\/\/www.fcf.cat\/classificacio\/2022\/futbol-11\/tercera-division-rfef\/grup-v\" target=\"_blank\">CLASSIFICACI\u00d3<\/a><\/strong><\/p>\n\n\n\n<div class=\"wp-block-image\"><figure class=\"aligncenter size-large\"><img loading=\"lazy\" decoding=\"async\" width=\"1024\" height=\"472\" src=\"http:\/\/fegrama.cat\/web\/wp-content\/uploads\/2022\/02\/alcaldesa-felicita-1024x472.jpeg\" alt=\"\" class=\"wp-image-30241\" srcset=\"http:\/\/fegrama.cat\/web\/wp-content\/uploads\/2022\/02\/alcaldesa-felicita-1024x472.jpeg 1024w, http:\/\/fegrama.cat\/web\/wp-content\/uploads\/2022\/02\/alcaldesa-felicita-300x138.jpeg 300w, http:\/\/fegrama.cat\/web\/wp-content\/uploads\/2022\/02\/alcaldesa-felicita-768x354.jpeg 768w, http:\/\/fegrama.cat\/web\/wp-content\/uploads\/2022\/02\/alcaldesa-felicita-1536x707.jpeg 1536w, http:\/\/fegrama.cat\/web\/wp-content\/uploads\/2022\/02\/alcaldesa-felicita.jpeg 2048w\" sizes=\"auto, (max-width: 1024px) 100vw, 1024px\" \/><figcaption>L&#8217;alcaldessa N\u00faria Parl\u00f3n felicita al primer equip per la vict\u00f2ria.<\/figcaption><\/figure><\/div>\n\n\n\n<p>Segunda victoria consecutiva de la FE Grama, esta vez 2-1 ante la UE Sant Andreu en un Nou Municipal con cerca de 1.000 espectadores. Ante la presencia tambi\u00e9n de la Alcaldesa de Santa Coloma, N\u00faria Parl\u00f3n, acompa\u00f1ada por Esteve Serrano (Primer Teniente de alcaldesa), Mireia Gonz\u00e1lez (8\u00aa Tenienta de alcaldesa), Dani Salgado (Concejal de Deportes) y \u00c1lvaro Rodilla (Concejal de Medio Ambiente y Protecci\u00f3n Animal). Entre otras muchas personalidades tambi\u00e9n acudi\u00f3 Gemma Espa\u00f1ol (Presidenta de ERC Gramenet)<\/p>\n\n\n\n<p>Primer cuarto de m\u00e1xima igualdad con los dos equipos tratando de hacerse con el dominio del esf\u00e9rico. La Grama prob\u00f3 suerte en el minuto 8 con una internada al \u00e1rea de Fran, el portero visitante evitaba el gol del centrocampista andaluz.<\/p>\n\n\n\n<p>El Sant Andreu lo intent\u00f3 en el 19&#8242; con un chut lejano de falta que acabar\u00eda muy alto. El partido y el marcador se rompi\u00f3 en dos minutos brillantes de la Grama. En el minuto 23 Solsona recib\u00eda un exquisito pase al espacio de Peris y el delantero no fallaba en el uno contra uno (1-0). Un minuto m\u00e1s tarde, y tras el saque desde el centro, Roger Garc\u00eda le robaba el bal\u00f3n al defensa en la frontal del \u00e1rea y fusilaba al portero (2-0).<\/p>\n\n\n\n<p>De aqu\u00ed al descanso los colomenses se ordenaron en bloque, presionando la salida de bal\u00f3n y sin dejar espacios a un Sant Andreu que no cre\u00f3 ning\u00fan peligro. Tras el paso por vestuarios la Grama salt\u00f3 con mucha fuerza, primeramente le anulaban un gol a Roger Garc\u00eda por un dudoso fuera de juego y despu\u00e9s Solsona de chute cruzado casi marcaba.<\/p>\n\n\n\n<p>Con el paso de los minutos la Grama fue dejando el bal\u00f3n al equipo rival y se resguard\u00f3 en su campo en busca de un robo para matar el partido al contraataque. No creaba mucho peligro el Sant Andreu pero en el minuto 69 un rechace en la frontal del \u00e1rea lo recoger\u00eda Dom\u00e8nech para recortar distancias.<\/p>\n\n\n\n<p>Hasta el final lo intentaron los barcelonenses, sensaci\u00f3n de peligro pero poca claridad en ataque. Y la Grama volvi\u00f3 a fregar el tercero, de rosca desde fuera del \u00e1rea Escarrabill la tuvo en el 78. Quedaban 12 minutos m\u00e1s los 5 del alargue y la Grama supo defender la ventaja para sumar una victoria vital en casa.<\/p>\n","protected":false},"excerpt":{"rendered":"<p>Segona vict\u00f2ria consecutiva de la FE Grama, aquesta vegada 2-1 davant de la UE Sant Andreu en un Nou Municipal amb prop de 1.000 espectadors. Davant la pres\u00e8ncia tamb\u00e9 de l&#8217;Alcaldessa de Santa Coloma, N\u00faria Parl\u00f3n, acompanyada per Esteve Serrano (Primer Tinent d&#8217;alcaldessa), Mireia Gonz\u00e1lez (8a Tinenta d&#8217;alcaldessa), Dani Salgado (Regidor d&#8217;Esports) i \u00c1lvaro Rodilla [&hellip;]<\/p>\n","protected":false},"author":1,"featured_media":30243,"comment_status":"closed","ping_status":"closed","sticky":false,"template":"","format":"standard","meta":{"footnotes":""},"categories":[5],"tags":[],"class_list":["post-30235","post","type-post","status-publish","format-standard","has-post-thumbnail","hentry","category-primer-equip"],"_links":{"self":[{"href":"http:\/\/fegrama.cat\/web\/wp-json\/wp\/v2\/posts\/30235","targetHints":{"allow":["GET"]}}],"collection":[{"href":"http:\/\/fegrama.cat\/web\/wp-json\/wp\/v2\/posts"}],"about":[{"href":"http:\/\/fegrama.cat\/web\/wp-json\/wp\/v2\/types\/post"}],"author":[{"embeddable":true,"href":"http:\/\/fegrama.cat\/web\/wp-json\/wp\/v2\/users\/1"}],"replies":[{"embeddable":true,"href":"http:\/\/fegrama.cat\/web\/wp-json\/wp\/v2\/comments?post=30235"}],"version-history":[{"count":6,"href":"http:\/\/fegrama.cat\/web\/wp-json\/wp\/v2\/posts\/30235\/revisions"}],"predecessor-version":[{"id":30244,"href":"http:\/\/fegrama.cat\/web\/wp-json\/wp\/v2\/posts\/30235\/revisions\/30244"}],"wp:featuredmedia":[{"embeddable":true,"href":"http:\/\/fegrama.cat\/web\/wp-json\/wp\/v2\/media\/30243"}],"wp:attachment":[{"href":"http:\/\/fegrama.cat\/web\/wp-json\/wp\/v2\/media?parent=30235"}],"wp:term":[{"taxonomy":"category","embeddable":true,"href":"http:\/\/fegrama.cat\/web\/wp-json\/wp\/v2\/categories?post=30235"},{"taxonomy":"post_tag","embeddable":true,"href":"http:\/\/fegrama.cat\/web\/wp-json\/wp\/v2\/tags?post=30235"}],"curies":[{"name":"wp","href":"https:\/\/api.w.org\/{rel}","templated":true}]}}