{"id":30232,"date":"2022-02-01T22:46:10","date_gmt":"2022-02-01T21:46:10","guid":{"rendered":"http:\/\/fegrama.cat\/web\/?p=30232"},"modified":"2022-02-06T15:15:48","modified_gmt":"2022-02-06T14:15:48","slug":"cronica-del-juvenil-c","status":"publish","type":"post","link":"http:\/\/fegrama.cat\/web\/cronica-del-juvenil-c\/","title":{"rendered":"Cr\u00f2nica del Juvenil \u00abC\u00bb!"},"content":{"rendered":"\n<p><strong>Juvenil \u201cC\u201d 2 &#8211; Tur\u00f3 Peira 3<\/strong><\/p>\n\n\n\n<p>Els de la Grama tractaven de tenir la pilota des de darrere i jugant d&#8217;una manera molt bona. Per\u00f2 es jugava contra el l\u00edder i aix\u00f2 es va notar. Calia estar molt atents, perqu\u00e8 els rivals tenien molta qualitat i generaven perill. Els nostres tenien l&#8217;estrat\u00e8gia d&#8217;anar per l&#8217;esquena per a poder generar tamb\u00e9 el mateix nivell de perill. A pesar que el primer gol el van ficar ells, el control va passar a ser de la Grama i els gols tamb\u00e9 van venir per als de casa.<\/p>\n\n\n\n<p>Arribada una altra acci\u00f3 al final de la primera part, els contraris van ficar l&#8217;1 a 3 on es van anticipar als nostres. Encara aix\u00ed molt bones accions per part del porter del nostre juvenil.<\/p>\n\n\n\n<p>En una falta lateral \u00e9s quan es culmina el partit que dona un gol en pr\u00f2pia per als de la Grama, que encara aix\u00ed van continuar lluitant igual que tot el partit, els pocs minuts de joc que ja quedaven en aquells dies.<\/p>\n\n\n\n<p>L\u2019entrenador es queda amb la bona actitud dels nois, amb el GRAN treball en grup i la lluita constant contra un equip molt dif\u00edcil!<\/p>\n\n\n\n<p><\/p>\n\n\n\n<hr class=\"wp-block-separator\"\/>\n\n\n\n<p><\/p>\n\n\n\n<p><strong>Juvenil \u201cC\u201d 2 &#8211; Tur\u00f3 Peira 3<\/strong><\/p>\n\n\n\n<p>Los de la Grama trataban de tener el bal\u00f3n desde atr\u00e1s y jugando de una manera muy buena. Pero se jugaba contra el l\u00edder y eso se not\u00f3. Hab\u00eda que estar muy atentos, porque los rivales ten\u00edan mucha calidad y generaban peligro. Los nuestros ten\u00edan la estrategia de ir por las espaldas para poder generar tambi\u00e9n el mismo nivel de peligro. A pesar de que el primer gol lo metieron ellos, el control pas\u00f3 a ser de la Grama y los goles tambi\u00e9n vinieron para los de casa.<\/p>\n\n\n\n<p>Llegada otra acci\u00f3n al final de la primera parte, los contrarios metieron el 1 a 3 d\u00f3nde se anticiparon a los nuestros. A\u00fan as\u00ed muy buenas acciones por parte del portero de nuestro juvenil.<\/p>\n\n\n\n<p>En una falta lateral es cuando se culmina el partido que da un gol en propia para los de la Grama, que a\u00fan as\u00ed siguieron luchando igual que todo el partido, los pocos minutos de juego que ya quedaban por entonces.<\/p>\n\n\n\n<p>El entrenador se queda con la actitud de los chicos, con el GRAN trabajo en grupo y con la lucha constante contra un equipo muy dif\u00edcil.<\/p>\n","protected":false},"excerpt":{"rendered":"<p>Juvenil \u201cC\u201d 2 &#8211; Tur\u00f3 Peira 3 Els de la Grama tractaven de tenir la pilota des de darrere i jugant d&#8217;una manera molt bona. Per\u00f2 es jugava contra el l\u00edder i aix\u00f2 es va notar. Calia estar molt atents, perqu\u00e8 els rivals tenien molta qualitat i generaven perill. Els nostres tenien l&#8217;estrat\u00e8gia d&#8217;anar per [&hellip;]<\/p>\n","protected":false},"author":1,"featured_media":29883,"comment_status":"closed","ping_status":"closed","sticky":false,"template":"","format":"standard","meta":{"footnotes":""},"categories":[4,6],"tags":[],"class_list":["post-30232","post","type-post","status-publish","format-standard","has-post-thumbnail","hentry","category-base-inclusiu","category-juvenils"],"_links":{"self":[{"href":"http:\/\/fegrama.cat\/web\/wp-json\/wp\/v2\/posts\/30232","targetHints":{"allow":["GET"]}}],"collection":[{"href":"http:\/\/fegrama.cat\/web\/wp-json\/wp\/v2\/posts"}],"about":[{"href":"http:\/\/fegrama.cat\/web\/wp-json\/wp\/v2\/types\/post"}],"author":[{"embeddable":true,"href":"http:\/\/fegrama.cat\/web\/wp-json\/wp\/v2\/users\/1"}],"replies":[{"embeddable":true,"href":"http:\/\/fegrama.cat\/web\/wp-json\/wp\/v2\/comments?post=30232"}],"version-history":[{"count":1,"href":"http:\/\/fegrama.cat\/web\/wp-json\/wp\/v2\/posts\/30232\/revisions"}],"predecessor-version":[{"id":30233,"href":"http:\/\/fegrama.cat\/web\/wp-json\/wp\/v2\/posts\/30232\/revisions\/30233"}],"wp:featuredmedia":[{"embeddable":true,"href":"http:\/\/fegrama.cat\/web\/wp-json\/wp\/v2\/media\/29883"}],"wp:attachment":[{"href":"http:\/\/fegrama.cat\/web\/wp-json\/wp\/v2\/media?parent=30232"}],"wp:term":[{"taxonomy":"category","embeddable":true,"href":"http:\/\/fegrama.cat\/web\/wp-json\/wp\/v2\/categories?post=30232"},{"taxonomy":"post_tag","embeddable":true,"href":"http:\/\/fegrama.cat\/web\/wp-json\/wp\/v2\/tags?post=30232"}],"curies":[{"name":"wp","href":"https:\/\/api.w.org\/{rel}","templated":true}]}}