{"id":30213,"date":"2022-01-31T22:31:31","date_gmt":"2022-01-31T21:31:31","guid":{"rendered":"http:\/\/fegrama.cat\/web\/?p=30213"},"modified":"2022-01-31T22:31:32","modified_gmt":"2022-01-31T21:31:32","slug":"victoria-important-pels-benjamins-del-c","status":"publish","type":"post","link":"http:\/\/fegrama.cat\/web\/victoria-important-pels-benjamins-del-c\/","title":{"rendered":"Vict\u00f2ria important pels Benjamins del \u00abC\u00bb!"},"content":{"rendered":"\n<p><strong>Penya Barc. Collblanc Sants 1 &#8211; Benjam\u00ed \u201cC\u201d 4<\/strong><\/p>\n\n\n\n<p>Vict\u00f2ria del Benjam\u00ed C, molt important perqu\u00e8 aquests enormes guerrers s&#8217;acostin als llocs alts i continuar sumant vict\u00f2ries per a l&#8217;\u00e0nim de l&#8217;equip.<\/p>\n\n\n\n<p>Seguiu aix\u00ed, ho esteu fent incre\u00efblement b\u00e9! Aquests blaus fan que es es pugui lluir amb orgull l&#8217;escut de La Grama.<\/p>\n\n\n\n<figure class=\"wp-block-image size-large\"><img loading=\"lazy\" decoding=\"async\" width=\"1024\" height=\"941\" src=\"http:\/\/fegrama.cat\/web\/wp-content\/uploads\/2022\/01\/BENJAMI\u0301N-C-1024x941.jpeg\" alt=\"\" class=\"wp-image-30214\" srcset=\"http:\/\/fegrama.cat\/web\/wp-content\/uploads\/2022\/01\/BENJAMI\u0301N-C-1024x941.jpeg 1024w, http:\/\/fegrama.cat\/web\/wp-content\/uploads\/2022\/01\/BENJAMI\u0301N-C-300x276.jpeg 300w, http:\/\/fegrama.cat\/web\/wp-content\/uploads\/2022\/01\/BENJAMI\u0301N-C-768x706.jpeg 768w, http:\/\/fegrama.cat\/web\/wp-content\/uploads\/2022\/01\/BENJAMI\u0301N-C-1536x1412.jpeg 1536w, http:\/\/fegrama.cat\/web\/wp-content\/uploads\/2022\/01\/BENJAMI\u0301N-C.jpeg 2048w\" sizes=\"auto, (max-width: 1024px) 100vw, 1024px\" \/><\/figure>\n\n\n\n<p><\/p>\n\n\n\n<hr class=\"wp-block-separator\"\/>\n\n\n\n<p><\/p>\n\n\n\n<p><strong>Penya Barc. Collblanc Sants 1 &#8211; Benjam\u00edn \u201cC\u201d 4<\/strong><\/p>\n\n\n\n<p>Victoria del Benjam\u00edn C, muy importante para que estos enormes guerreros se acerquen a los puestos altos y seguir sumando victorias para el \u00e1nimo del equipo.<\/p>\n\n\n\n<p>Seguid as\u00ed, \u00a1lo est\u00e1is haciendo incre\u00edblemente bien! Estos azules hacen que se luzca con orgullo el escudo de La Grama.<\/p>\n","protected":false},"excerpt":{"rendered":"<p>Penya Barc. Collblanc Sants 1 &#8211; Benjam\u00ed \u201cC\u201d 4 Vict\u00f2ria del Benjam\u00ed C, molt important perqu\u00e8 aquests enormes guerrers s&#8217;acostin als llocs alts i continuar sumant vict\u00f2ries per a l&#8217;\u00e0nim de l&#8217;equip. Seguiu aix\u00ed, ho esteu fent incre\u00efblement b\u00e9! Aquests blaus fan que es es pugui lluir amb orgull l&#8217;escut de La Grama. Penya Barc. [&hellip;]<\/p>\n","protected":false},"author":1,"featured_media":0,"comment_status":"closed","ping_status":"closed","sticky":false,"template":"","format":"standard","meta":{"footnotes":""},"categories":[4,11],"tags":[],"class_list":["post-30213","post","type-post","status-publish","format-standard","hentry","category-base-inclusiu","category-benjamins"],"_links":{"self":[{"href":"http:\/\/fegrama.cat\/web\/wp-json\/wp\/v2\/posts\/30213","targetHints":{"allow":["GET"]}}],"collection":[{"href":"http:\/\/fegrama.cat\/web\/wp-json\/wp\/v2\/posts"}],"about":[{"href":"http:\/\/fegrama.cat\/web\/wp-json\/wp\/v2\/types\/post"}],"author":[{"embeddable":true,"href":"http:\/\/fegrama.cat\/web\/wp-json\/wp\/v2\/users\/1"}],"replies":[{"embeddable":true,"href":"http:\/\/fegrama.cat\/web\/wp-json\/wp\/v2\/comments?post=30213"}],"version-history":[{"count":1,"href":"http:\/\/fegrama.cat\/web\/wp-json\/wp\/v2\/posts\/30213\/revisions"}],"predecessor-version":[{"id":30216,"href":"http:\/\/fegrama.cat\/web\/wp-json\/wp\/v2\/posts\/30213\/revisions\/30216"}],"wp:attachment":[{"href":"http:\/\/fegrama.cat\/web\/wp-json\/wp\/v2\/media?parent=30213"}],"wp:term":[{"taxonomy":"category","embeddable":true,"href":"http:\/\/fegrama.cat\/web\/wp-json\/wp\/v2\/categories?post=30213"},{"taxonomy":"post_tag","embeddable":true,"href":"http:\/\/fegrama.cat\/web\/wp-json\/wp\/v2\/tags?post=30213"}],"curies":[{"name":"wp","href":"https:\/\/api.w.org\/{rel}","templated":true}]}}