{"id":30209,"date":"2022-01-31T22:07:52","date_gmt":"2022-01-31T21:07:52","guid":{"rendered":"http:\/\/fegrama.cat\/web\/?p=30209"},"modified":"2022-01-31T22:07:54","modified_gmt":"2022-01-31T21:07:54","slug":"la-victoria-de-lalevi-b-i-la-lluita-del-d","status":"publish","type":"post","link":"http:\/\/fegrama.cat\/web\/la-victoria-de-lalevi-b-i-la-lluita-del-d\/","title":{"rendered":"La vict\u00f2ria de l&#8217;Alev\u00ed \u00abB\u00bb i la lluita del \u00abD\u00bb."},"content":{"rendered":"\n<p><strong>Alev\u00ed \u201cB\u201d 1 &#8211; Barcino 1<\/strong><\/p>\n\n\n\n<p>Empat amb sabor amarg en l&#8217;\u00faltim minut despr\u00e9s d&#8217;un bon partit i molt bon plantejament per part dels blaus. El nostre alev\u00ed va ser molt superior durant tota la trobada, per\u00f2 on van faltar materialitzar les ocasions una vegada arribava l&#8217;Alev\u00ed a tres quarts de camp.<\/p>\n\n\n\n<p>Malgrat deixar escapar dos punts, sempre cal fixar-se en el costat positiu de les coses, en aquest cas: La Grama va tornar a sumar despr\u00e9s de tres derrotes seguides, davant un rival que se situava 8 punts per sobre de la classificaci\u00f3. Aix\u00f2 segueix, el seg\u00fcent ser\u00e0 la vict\u00f2ria, confieu!<\/p>\n\n\n\n<p><\/p>\n\n\n\n<hr class=\"wp-block-separator\"\/>\n\n\n\n<p><\/p>\n\n\n\n<p><strong>Alev\u00edn \u201cB\u201d 1 &#8211; Barcino 1<\/strong><\/p>\n\n\n\n<p>Empate con sabor amargo en el \u00faltimo minuto tras un buen partido y muy buen planteamiento por parte de los azules. Nuestro alev\u00edn fue muy superior durante todo el encuentro, pero donde faltaron materializar las ocasiones una vez llegaba el Alev\u00edn a tres cuartos de campo.<\/p>\n\n\n\n<p>Pese a dejar escapar dos puntos, siempre hay que fijarse en el lado positivo de las cosas, en este caso: La Grama volvi\u00f3 a sumar despu\u00e9s de tres derrotas seguidas, ante un rival que se situaba 8 puntos por encima de la clasificaci\u00f3n. Esto sigue, lo siguiente ser\u00e1 la victoria, \u00a1confiad!<\/p>\n\n\n\n<p><\/p>\n\n\n\n<hr class=\"wp-block-separator is-style-wide\"\/>\n\n\n\n<p><\/p>\n\n\n\n<p><strong>Sant Andreu 5 &#8211; Alev\u00ed \u201cD\u201d 0<\/strong><\/p>\n\n\n\n<p>Partit complicat, davant un rival de la zona alta. Les dimensions del camp, una mica estretes, van ocasionar comen\u00e7ar el partit una mica dubitatius, amb greus problemes en la sortida de pilota.<\/p>\n\n\n\n<p>L&#8217;equip rival tenia les idees m\u00e9s clares: jugar amb les seves puntes per a generar perill en segones jugades. Tot i aix\u00f2, es va mantenir l&#8217;empat en la primera habitaci\u00f3, sense generar jugades de perill. En la segona part no milloraria el joc, ja que es van continuar cometent errors en la passada, i despr\u00e9s de la millor oportunitat de La Grama, el Sant Andreu es va avan\u00e7ar en el marcador.<\/p>\n\n\n\n<p>En el tercer quart els petits guerrers van sortir amb tot, a reduir l&#8217;avantatge del rival i intentar tornar a posar taules en el partit, encara que sense fortuna de cara a porta. Durant els millors minuts dels blavencs en el partit, generant perill i arribant a la porteria rival. No obstant aix\u00f2, es van assumir massa riscos, i el Sant Andreu va aprofitar l&#8217;espai per a marcar en dos contraatacs. Eric va manar una pilota al travesser, que podria haver aixecat els \u00e0nims. En l&#8217;\u00faltima habitaci\u00f3, el cansament i el resultat va jugar en contra, ja que no van aconseguir veure porta i es van rebre dos gols m\u00e9s, un de cap i un altre a la contra.<\/p>\n\n\n\n<p>Despr\u00e9s de la tempesta, sempre arriba la calma. I aquest Alev\u00ed veur\u00e0 la llum molt aviat, cal afrontar el que vingui. \u00c0nims!<\/p>\n\n\n\n<p><\/p>\n\n\n\n<hr class=\"wp-block-separator\"\/>\n\n\n\n<p><\/p>\n\n\n\n<p><strong>Sant Andreu 5 &#8211; Alev\u00edn \u201cD\u201d 0<\/strong><\/p>\n\n\n\n<p>Partido complicado, ante un rival de la zona alta. Las dimensiones del campo, algo estrecho, ocasion\u00f3 empezar el partido algo dubitativos, con graves problemas en la salida de bal\u00f3n.&nbsp;<\/p>\n\n\n\n<p>El equipo rival ten\u00eda las ideas m\u00e1s claras: jugar con sus puntas para generar peligro en segundas jugadas. No obstante, se mantuvo el empate en el primer cuarto, sin generar jugadas de peligro. En el segundo cuarto no mejorar\u00eda el juego, ya que se siguieron cometiendo errores en el pase, y tras la mejor oportunidad de La Grama, el Sant Andreu se adelant\u00f3 en el marcador.&nbsp;<\/p>\n\n\n\n<p>En el tercer cuarto los peque\u00f1os guerreros salieron con todo, a reducir la ventaja del rival e intentar volver a poner tablas en el partido, aunque sin fortuna de cara a puerta. Durante los mejores minutos de los azulones en el partido, generando peligro y llegando a la porter\u00eda rival. Sin embargo, se asumieron demasiados riesgos, y el Sant Andreu aprovech\u00f3 el espacio para marcar en dos contraataques. Eric mand\u00f3 un bal\u00f3n al larguero, que podr\u00eda haber levantado los \u00e1nimos. En el \u00faltimo cuarto, el cansancio y el resultado jug\u00f3 en contra, ya que no consiguieron ver puerta y se recibieron dos goles m\u00e1s, uno de cabeza y otro a la contra.<\/p>\n\n\n\n<p>Despu\u00e9s de la tormenta, siempre llega la calma. Y este Alev\u00edn ver\u00e1 la luz muy pronto, hay que afrontar lo que venga. \u00a1\u00c1nimos!<\/p>\n","protected":false},"excerpt":{"rendered":"<p>Alev\u00ed \u201cB\u201d 1 &#8211; Barcino 1 Empat amb sabor amarg en l&#8217;\u00faltim minut despr\u00e9s d&#8217;un bon partit i molt bon plantejament per part dels blaus. El nostre alev\u00ed va ser molt superior durant tota la trobada, per\u00f2 on van faltar materialitzar les ocasions una vegada arribava l&#8217;Alev\u00ed a tres quarts de camp. Malgrat deixar escapar [&hellip;]<\/p>\n","protected":false},"author":1,"featured_media":30189,"comment_status":"closed","ping_status":"closed","sticky":false,"template":"","format":"standard","meta":{"footnotes":""},"categories":[10,4],"tags":[],"class_list":["post-30209","post","type-post","status-publish","format-standard","has-post-thumbnail","hentry","category-alevins","category-base-inclusiu"],"_links":{"self":[{"href":"http:\/\/fegrama.cat\/web\/wp-json\/wp\/v2\/posts\/30209","targetHints":{"allow":["GET"]}}],"collection":[{"href":"http:\/\/fegrama.cat\/web\/wp-json\/wp\/v2\/posts"}],"about":[{"href":"http:\/\/fegrama.cat\/web\/wp-json\/wp\/v2\/types\/post"}],"author":[{"embeddable":true,"href":"http:\/\/fegrama.cat\/web\/wp-json\/wp\/v2\/users\/1"}],"replies":[{"embeddable":true,"href":"http:\/\/fegrama.cat\/web\/wp-json\/wp\/v2\/comments?post=30209"}],"version-history":[{"count":1,"href":"http:\/\/fegrama.cat\/web\/wp-json\/wp\/v2\/posts\/30209\/revisions"}],"predecessor-version":[{"id":30210,"href":"http:\/\/fegrama.cat\/web\/wp-json\/wp\/v2\/posts\/30209\/revisions\/30210"}],"wp:featuredmedia":[{"embeddable":true,"href":"http:\/\/fegrama.cat\/web\/wp-json\/wp\/v2\/media\/30189"}],"wp:attachment":[{"href":"http:\/\/fegrama.cat\/web\/wp-json\/wp\/v2\/media?parent=30209"}],"wp:term":[{"taxonomy":"category","embeddable":true,"href":"http:\/\/fegrama.cat\/web\/wp-json\/wp\/v2\/categories?post=30209"},{"taxonomy":"post_tag","embeddable":true,"href":"http:\/\/fegrama.cat\/web\/wp-json\/wp\/v2\/tags?post=30209"}],"curies":[{"name":"wp","href":"https:\/\/api.w.org\/{rel}","templated":true}]}}