{"id":30204,"date":"2022-01-31T10:27:03","date_gmt":"2022-01-31T09:27:03","guid":{"rendered":"http:\/\/fegrama.cat\/web\/?p=30204"},"modified":"2022-01-31T10:27:04","modified_gmt":"2022-01-31T09:27:04","slug":"derrota-del-juvenil-a-en-un-mal-partit-1-2","status":"publish","type":"post","link":"http:\/\/fegrama.cat\/web\/derrota-del-juvenil-a-en-un-mal-partit-1-2\/","title":{"rendered":"Derrota del Juvenil A en un mal partit (1-2)"},"content":{"rendered":"\n<p>Mal partit del Juvenil A que veu com el Reus capgira el partit en dues accions a pilota parada (1-2).<\/p>\n\n\n\n<p>Mal partit dels nois de Manu Pel\u00e1ez que els va costar molt entrar al partit, comen\u00e7ava el matx amb una Fundaci\u00f3 freda i poc intensa, poc habitual en ells, primers 20 minuts on no passava res per\u00f2 es veia un Reus m\u00e9s ficat al partit . A partir del 25 i despr\u00e9s d&#8217;una rematada de cap d&#8217;\u00cdker Merino que aturava b\u00e9 el porter visitant, despertaven els colomencs. Van arribar bons minuts ara si de futbol on la Grama s&#8217;acostava amb perill a l&#8217;\u00e0rea dels negre-i-vermells.<\/p>\n\n\n\n<p>Ca\u00f1ete de xut creuat i Oliver avisaven que els de Santa Coloma reaccionaven. I dos minuts abans del descans en un c\u00f3rner, Oliver posava l&#8217;1-0 amb qu\u00e8 s&#8217;arribava al descans. A la represa, de nou una Grama irreconeixible i ap\u00e0tica.<\/p>\n\n\n\n<p>Als 5 minuts de la segona meitat i en un c\u00f3rner el Reus posava l&#8217;empat, gerro d&#8217;aigua freda per als blaus que deu minuts despr\u00e9s, i de nou en una acci\u00f3 a pilota parada, veia com els visitants feien l&#8217;1- 2.<\/p>\n\n\n\n<p>20 minuts li restaven als de Santa Coloma per buscar la remuntada, ho van intentar els nois de Manu Pel\u00e1ez amb m\u00e9s cor que cap i apunt van estar d&#8217;empatar en una falta llan\u00e7ada per Tortajada i una rematada de cap de Miki que va sortir fregant el travesser.<\/p>\n\n\n\n<p>1-2 final en el pitjor partit dels colomencs des de comen\u00e7ament de temporada<\/p>\n\n\n\n<div class=\"wp-block-image\"><figure class=\"aligncenter size-large\"><img loading=\"lazy\" decoding=\"async\" width=\"1024\" height=\"683\" src=\"https:\/\/fegrama.cat\/web\/wp-content\/uploads\/2022\/01\/olivergrama-1024x683.jpeg\" alt=\"\" class=\"wp-image-30206\" srcset=\"http:\/\/fegrama.cat\/web\/wp-content\/uploads\/2022\/01\/olivergrama-1024x683.jpeg 1024w, http:\/\/fegrama.cat\/web\/wp-content\/uploads\/2022\/01\/olivergrama-300x200.jpeg 300w, http:\/\/fegrama.cat\/web\/wp-content\/uploads\/2022\/01\/olivergrama-768x512.jpeg 768w, http:\/\/fegrama.cat\/web\/wp-content\/uploads\/2022\/01\/olivergrama.jpeg 1296w\" sizes=\"auto, (max-width: 1024px) 100vw, 1024px\" \/><figcaption>Foto: Carlos P\u00e9rez<\/figcaption><\/figure><\/div>\n\n\n\n<p>Mal partido del Juvenil A que ve como el Reus le da la vuelta al partido en dos acciones a bal\u00f3n parado (1-2). <\/p>\n\n\n\n<p>Mal partido de los chicos de Manu Pel\u00e1ez que les cost\u00f3 mucho entrar en el partido, empezaba el match con una Fundaci\u00f3 fr\u00eda y poco intensa, poco habitual en ellos, primeros 20 minutos donde no suced\u00eda nada pero se ve\u00eda un Reus m\u00e1s metido en el partido. A partir del 25 y tras un remate de cabeza de \u00cdker Merino que atajaba bien el portero visitante, despertaban los colomenses. Llegaron buenos minutos ahora si de f\u00fatbol donde la Grama se acercaba con peligro al \u00e1rea del los rojinegros.<\/p>\n\n\n\n<p>Ca\u00f1ete de chut cruzado y Oliver avisaban de que los de Santa Coloma reaccionaban. Y dos minutos antes del descanso en un saque de esquina, Oliver pon\u00eda el 1-0 con el que se llegaba al descanso. En la reanudaci\u00f3n, de nuevo una Grama irreconocible y ap\u00e1tica.<\/p>\n\n\n\n<p>A los 5 minutos de la segunda mitad y en un saque de esquina el Reus pon\u00eda el empate, jarro de agua fr\u00eda para los azules que diez minutos despu\u00e9s, y de nuevo en una acci\u00f3n a bal\u00f3n parado, ve\u00eda como los visitantes hac\u00edan el 1-2.<\/p>\n\n\n\n<p>20 minutos le restaban a los de Santa Coloma para buscar la remontada, lo intentaron los chicos de Manu Pel\u00e1ez con m\u00e1s coraz\u00f3n que cabeza y apunto estuvieron de empatar en una falta lanzada por Tortajada y un remate de cabeza de Miki que sali\u00f3 rozando el larguero. <\/p>\n\n\n\n<p>1-2 final en el peor partido de los colomenses en lo que va de temporada<\/p>\n","protected":false},"excerpt":{"rendered":"<p>Mal partit del Juvenil A que veu com el Reus capgira el partit en dues accions a pilota parada (1-2). Mal partit dels nois de Manu Pel\u00e1ez que els va costar molt entrar al partit, comen\u00e7ava el matx amb una Fundaci\u00f3 freda i poc intensa, poc habitual en ells, primers 20 minuts on no passava [&hellip;]<\/p>\n","protected":false},"author":1,"featured_media":30206,"comment_status":"closed","ping_status":"closed","sticky":false,"template":"","format":"standard","meta":{"footnotes":""},"categories":[4,6],"tags":[],"class_list":["post-30204","post","type-post","status-publish","format-standard","has-post-thumbnail","hentry","category-base-inclusiu","category-juvenils"],"_links":{"self":[{"href":"http:\/\/fegrama.cat\/web\/wp-json\/wp\/v2\/posts\/30204","targetHints":{"allow":["GET"]}}],"collection":[{"href":"http:\/\/fegrama.cat\/web\/wp-json\/wp\/v2\/posts"}],"about":[{"href":"http:\/\/fegrama.cat\/web\/wp-json\/wp\/v2\/types\/post"}],"author":[{"embeddable":true,"href":"http:\/\/fegrama.cat\/web\/wp-json\/wp\/v2\/users\/1"}],"replies":[{"embeddable":true,"href":"http:\/\/fegrama.cat\/web\/wp-json\/wp\/v2\/comments?post=30204"}],"version-history":[{"count":2,"href":"http:\/\/fegrama.cat\/web\/wp-json\/wp\/v2\/posts\/30204\/revisions"}],"predecessor-version":[{"id":30207,"href":"http:\/\/fegrama.cat\/web\/wp-json\/wp\/v2\/posts\/30204\/revisions\/30207"}],"wp:featuredmedia":[{"embeddable":true,"href":"http:\/\/fegrama.cat\/web\/wp-json\/wp\/v2\/media\/30206"}],"wp:attachment":[{"href":"http:\/\/fegrama.cat\/web\/wp-json\/wp\/v2\/media?parent=30204"}],"wp:term":[{"taxonomy":"category","embeddable":true,"href":"http:\/\/fegrama.cat\/web\/wp-json\/wp\/v2\/categories?post=30204"},{"taxonomy":"post_tag","embeddable":true,"href":"http:\/\/fegrama.cat\/web\/wp-json\/wp\/v2\/tags?post=30204"}],"curies":[{"name":"wp","href":"https:\/\/api.w.org\/{rel}","templated":true}]}}