{"id":30191,"date":"2022-01-30T22:58:25","date_gmt":"2022-01-30T21:58:25","guid":{"rendered":"http:\/\/fegrama.cat\/web\/?p=30191"},"modified":"2022-01-30T22:58:26","modified_gmt":"2022-01-30T21:58:26","slug":"victoria-molt-important-per-linfantil-c","status":"publish","type":"post","link":"http:\/\/fegrama.cat\/web\/victoria-molt-important-per-linfantil-c\/","title":{"rendered":"Vict\u00f2ria molt important per l&#8217;Infantil \u00abC\u00bb!"},"content":{"rendered":"\n<p><strong>Infantil \u201cC\u201d 6 &#8211; Bon Pastor 2<\/strong><\/p>\n\n\n\n<p>Els de l&#8217;Infantil \u00abC\u00bb van jugar el seu partit setmanal a casa. Un partit molt important per als nostres, ja que s&#8217;enfrontaven contra un equip que tenia la mateixa quantitat de punts, per\u00f2 que per difer\u00e8ncia de gols, es trobava per sobre de la Grama en la taula.<\/p>\n\n\n\n<p>Els blaus van comen\u00e7ar molt b\u00e9, els nois que van interpretar genial el partit, van entendre contra quin rival s&#8217;enfrontaven i l&#8217;important&nbsp;que era per als nostres com a equip, mesurar-se davant ells.<\/p>\n\n\n\n<p>El desequilibri sobretot pel sector esquerre va portar a la Grama a aconseguir el primer gol que mereixien. La pilota va rebotar en el travesser i despr\u00e9s al cap del porter abans d&#8217;entrar. Amb el resultat a favor, creixien en confian\u00e7a els nostres i&nbsp;se&#8217;n van anar&nbsp;al descans amb un bon avantatge a favor.<\/p>\n\n\n\n<p>El desafiament era no baixar la intensitat, sabent que quan els nostres petits no donen el 100%, els contraris danyen molt. El resultat a favor podia jugar en contra.<\/p>\n\n\n\n<p>Els nois ho van entendre i en els primers minuts del segon temps, amb un gol de Santi van tancar el partit. Es van fer canvis i es va modificar l&#8217;esquema perqu\u00e8 participessin tots els suplents. Aix\u00ed es va arribar al final del partit amb un gol\u00e0s de&nbsp;Moha&nbsp;Nadir que va anotar amb una mitjana xilena per sobre de l&#8217;arquer. El rival va descomptar sobre el final del partit.<\/p>\n\n\n\n<p>Va ser una bona trobada per als nostres, d&#8217;aquests que es necessiten per a creure una mica m\u00e9s en el que poden fer.<\/p>\n\n\n\n<p><\/p>\n\n\n\n<hr class=\"wp-block-separator\"\/>\n\n\n\n<p><\/p>\n\n\n\n<p><strong>Infantil \u201cC\u201d 6 &#8211; Bon Pastor 2<\/strong><\/p>\n\n\n\n<p>Los del Infantil \u201cC\u201d jugaron su partido semanal en casa. Un partido muy importante para los nuestros, ya que se enfrentaban contra un equipo que ten\u00eda la misma cantidad de puntos pero que por diferencia de goles, se encontraba por encima de la Grama en la tabla.&nbsp;<\/p>\n\n\n\n<p>Los azules comenzaron muy bien, los chicos que interpretaron genial el partido, entendieron contra qu\u00e9 rival se enfrentaban y lo importante que era para los nuestros como equipo, medirse ante ellos.<\/p>\n\n\n\n<p>El desequilibrio sobre todo por el sector izquierdo llev\u00f3 a la Grama a conseguir el primer gol que merec\u00edan, pero en el que tuvieron un poco de fortuna. La pelota rebot\u00f3 en el larguero y luego en la cabeza del portero antes de entrar. Con el resultado a favor, crec\u00edan en confianza los nuestros y se fueron al descanso con una buena ventaja a favor.&nbsp;<\/p>\n\n\n\n<p>El desaf\u00edo era no bajar la intensidad, sabiendo que cuando nuestros peque\u00f1os no dan el 100%, los contrarios lastiman mucho. El resultado a favor pod\u00eda jugar en contra.<\/p>\n\n\n\n<p>Los chicos lo entendieron y en los primeros minutos del segundo tiempo, con un gol de Santi cerraron el partido. Se hicieron cambios y se modific\u00f3 el esquema para que participasen todos los suplentes. As\u00ed se lleg\u00f3 al final del partido con un golazo de Moha Nadir que anot\u00f3 con una media chilena por encima del arquero. El rival descont\u00f3 sobre el final del partido.<\/p>\n\n\n\n<p>Fue un buen encuentro para los nuestros, de esos que se necesitan para creer un poco m\u00e1s en lo que pueden hacer.<\/p>\n","protected":false},"excerpt":{"rendered":"<p>Infantil \u201cC\u201d 6 &#8211; Bon Pastor 2 Els de l&#8217;Infantil \u00abC\u00bb van jugar el seu partit setmanal a casa. Un partit molt important per als nostres, ja que s&#8217;enfrontaven contra un equip que tenia la mateixa quantitat de punts, per\u00f2 que per difer\u00e8ncia de gols, es trobava per sobre de la Grama en la taula. [&hellip;]<\/p>\n","protected":false},"author":1,"featured_media":30193,"comment_status":"closed","ping_status":"closed","sticky":false,"template":"","format":"standard","meta":{"footnotes":""},"categories":[4,9],"tags":[],"class_list":["post-30191","post","type-post","status-publish","format-standard","has-post-thumbnail","hentry","category-base-inclusiu","category-infantils"],"_links":{"self":[{"href":"http:\/\/fegrama.cat\/web\/wp-json\/wp\/v2\/posts\/30191","targetHints":{"allow":["GET"]}}],"collection":[{"href":"http:\/\/fegrama.cat\/web\/wp-json\/wp\/v2\/posts"}],"about":[{"href":"http:\/\/fegrama.cat\/web\/wp-json\/wp\/v2\/types\/post"}],"author":[{"embeddable":true,"href":"http:\/\/fegrama.cat\/web\/wp-json\/wp\/v2\/users\/1"}],"replies":[{"embeddable":true,"href":"http:\/\/fegrama.cat\/web\/wp-json\/wp\/v2\/comments?post=30191"}],"version-history":[{"count":1,"href":"http:\/\/fegrama.cat\/web\/wp-json\/wp\/v2\/posts\/30191\/revisions"}],"predecessor-version":[{"id":30194,"href":"http:\/\/fegrama.cat\/web\/wp-json\/wp\/v2\/posts\/30191\/revisions\/30194"}],"wp:featuredmedia":[{"embeddable":true,"href":"http:\/\/fegrama.cat\/web\/wp-json\/wp\/v2\/media\/30193"}],"wp:attachment":[{"href":"http:\/\/fegrama.cat\/web\/wp-json\/wp\/v2\/media?parent=30191"}],"wp:term":[{"taxonomy":"category","embeddable":true,"href":"http:\/\/fegrama.cat\/web\/wp-json\/wp\/v2\/categories?post=30191"},{"taxonomy":"post_tag","embeddable":true,"href":"http:\/\/fegrama.cat\/web\/wp-json\/wp\/v2\/tags?post=30191"}],"curies":[{"name":"wp","href":"https:\/\/api.w.org\/{rel}","templated":true}]}}