{"id":30114,"date":"2022-01-17T17:04:36","date_gmt":"2022-01-17T16:04:36","guid":{"rendered":"http:\/\/fegrama.cat\/web\/?p=30114"},"modified":"2022-01-17T17:04:36","modified_gmt":"2022-01-17T16:04:36","slug":"empat-del-cadet-a-contra-el-cornella","status":"publish","type":"post","link":"http:\/\/fegrama.cat\/web\/empat-del-cadet-a-contra-el-cornella\/","title":{"rendered":"Empat del Cadet \u00abA\u00bb contra el Cornell\u00e0."},"content":{"rendered":"\n<p><strong>Cadete \u201cA\u201d 1 &#8211; Cornell\u00e0 \u201cA\u201d 1<\/strong><\/p>\n\n\n\n<p>Tot i l&#8217;esfor\u00e7 de l&#8217;equip i la falta de gol, els nostres blaus van sumar un punt, per un penal en contra en els \u00faltims minuts de partit. Una injust\u00edcia pagada amb l&#8217;expulsi\u00f3 d&#8217;Adri\u00e1n Padial. L&#8217;equip enpenedeix molt\u00edssim la p\u00e8rdua de tres punts molt valuosos que deixen al nostre cadet amb 18 punts en 8a posici\u00f3 de la classificaci\u00f3.<\/p>\n\n\n\n<p>El partit es va dominar contra un rival directe que estava defensivament ben col\u00b7locat, el nostre cadet continuar\u00e0 lluitant per a poder reenganxar-se a les primeres posicions de la taula.<\/p>\n\n\n\n<p>L&#8217;esfor\u00e7 tindr\u00e0 recompensa, est\u00e0 \u00e9s la l\u00ednia de treball.<\/p>\n\n\n\n<p><\/p>\n\n\n\n<hr class=\"wp-block-separator\"\/>\n\n\n\n<p><\/p>\n\n\n\n<p><strong>Cadet \u201cA\u201d 1 &#8211; Cornell\u00e0 \u201cA\u201d 1<\/strong><\/p>\n\n\n\n<p>Pese al esfuerzo del equipo y la falta de gol, nuestros azules sumaron un punto, por un penalti en contra en los \u00faltimos minutos de partido. Una injusticia pagada con la expulsi\u00f3n de Adri\u00e1n Padial. El equipo lamenta much\u00edsimo la p\u00e9rdida de tres puntos muy valiosos que dejan a nuestro cadete con 18 puntos en la posici\u00f3n 8\u00aa de la clasificaci\u00f3n.&nbsp;<\/p>\n\n\n\n<p>El partido se domin\u00f3 contra un rival directo que estaba defensivamente bien colocado, nuestro cadete seguir\u00e1 luchando para poder reengancharse a las primeras posiciones de la tabla.<\/p>\n\n\n\n<p>El esfuerzo tendr\u00e1 recompensa, est\u00e1 es la l\u00ednea de trabajo.<\/p>\n","protected":false},"excerpt":{"rendered":"<p>Cadete \u201cA\u201d 1 &#8211; Cornell\u00e0 \u201cA\u201d 1 Tot i l&#8217;esfor\u00e7 de l&#8217;equip i la falta de gol, els nostres blaus van sumar un punt, per un penal en contra en els \u00faltims minuts de partit. Una injust\u00edcia pagada amb l&#8217;expulsi\u00f3 d&#8217;Adri\u00e1n Padial. L&#8217;equip enpenedeix molt\u00edssim la p\u00e8rdua de tres punts molt valuosos que deixen al [&hellip;]<\/p>\n","protected":false},"author":1,"featured_media":29982,"comment_status":"closed","ping_status":"closed","sticky":false,"template":"","format":"standard","meta":{"footnotes":""},"categories":[4,7],"tags":[],"class_list":["post-30114","post","type-post","status-publish","format-standard","has-post-thumbnail","hentry","category-base-inclusiu","category-cadets"],"_links":{"self":[{"href":"http:\/\/fegrama.cat\/web\/wp-json\/wp\/v2\/posts\/30114","targetHints":{"allow":["GET"]}}],"collection":[{"href":"http:\/\/fegrama.cat\/web\/wp-json\/wp\/v2\/posts"}],"about":[{"href":"http:\/\/fegrama.cat\/web\/wp-json\/wp\/v2\/types\/post"}],"author":[{"embeddable":true,"href":"http:\/\/fegrama.cat\/web\/wp-json\/wp\/v2\/users\/1"}],"replies":[{"embeddable":true,"href":"http:\/\/fegrama.cat\/web\/wp-json\/wp\/v2\/comments?post=30114"}],"version-history":[{"count":1,"href":"http:\/\/fegrama.cat\/web\/wp-json\/wp\/v2\/posts\/30114\/revisions"}],"predecessor-version":[{"id":30115,"href":"http:\/\/fegrama.cat\/web\/wp-json\/wp\/v2\/posts\/30114\/revisions\/30115"}],"wp:featuredmedia":[{"embeddable":true,"href":"http:\/\/fegrama.cat\/web\/wp-json\/wp\/v2\/media\/29982"}],"wp:attachment":[{"href":"http:\/\/fegrama.cat\/web\/wp-json\/wp\/v2\/media?parent=30114"}],"wp:term":[{"taxonomy":"category","embeddable":true,"href":"http:\/\/fegrama.cat\/web\/wp-json\/wp\/v2\/categories?post=30114"},{"taxonomy":"post_tag","embeddable":true,"href":"http:\/\/fegrama.cat\/web\/wp-json\/wp\/v2\/tags?post=30114"}],"curies":[{"name":"wp","href":"https:\/\/api.w.org\/{rel}","templated":true}]}}