{"id":30110,"date":"2022-01-17T16:53:36","date_gmt":"2022-01-17T15:53:36","guid":{"rendered":"http:\/\/fegrama.cat\/web\/?p=30110"},"modified":"2022-01-17T19:07:38","modified_gmt":"2022-01-17T18:07:38","slug":"el-juvenil-b-va-perdre-enfront-dun-gran-rival","status":"publish","type":"post","link":"http:\/\/fegrama.cat\/web\/el-juvenil-b-va-perdre-enfront-dun-gran-rival\/","title":{"rendered":"El Juvenil \u00abC\u00bb va perdre enfront d&#8217;un gran rival!"},"content":{"rendered":"\n<p><strong>Sants \u201cE\u201d 3 &#8211; Juvenil \u201cC\u201d 2<\/strong><\/p>\n\n\n\n<p>El juvenil va perdre enfront d&#8217;un gran rival, el qual va dominar des dels primers minuts de partit, fent que els nostres no tinguessin el control de la possessi\u00f3, la qual cosa va dificultar tenir possessions a favor per a generar ocasions de gol. El primer gol del Sants va arribar des de la zona lateral, prop d&#8217;una zona clara de perill.<\/p>\n\n\n\n<p>La Grama va generar bastantes faltes per a tallar l&#8217;avan\u00e7 rival, i en una d&#8217;aquestes, a causa de la falta de concentraci\u00f3, els rivals van aprofitar per a posar la pilota en joc de manera r\u00e0pida creant una ocasi\u00f3 que acabaria amb el segon gol del Sants.<\/p>\n\n\n\n<p>Aquest gol suposaria un punt d&#8217;inflexi\u00f3, ja que els juvenils van pujar la marxa, van canviar l&#8217;estructura de joc que els facilitaria ser m\u00e9s s\u00f2lids defensivament, i al seu torn, generar m\u00e9s ocasions de gol, posant el 2 a 1 al marcador. Els blaus van proposar treure la pilota jugant des del darrere, sent m\u00e9s agressius i trencant l\u00ednies de pressi\u00f3 pels carrils interiors.<\/p>\n\n\n\n<p>Ja en la segona part, el nostre juvenil \u201cC\u201d m\u00e9s concentrat, m\u00e9s ficat en el partit, generant corners i ocasions clares de gol. Es va arribar a posar el marcador 2 a 2. En aquest moment, els nostres jugadors van sotmetre al rival amb molt\u00edssimes arribades a l&#8217;\u00e0rea contr\u00e0ria, per\u00f2 sense encert final.<\/p>\n\n\n\n<p>El futbol a vegades \u00e9s injust i aix\u00f2 li va passar a la Grama, en una jugada a\u00efllada, el Sants va posar el definitiu 3 a 2 al marcador. Un gerro d&#8217;aigua freda per al juvenil que va donar-ho absolutament tot en el camp. Orgull d&#8217;equip, que pensa ja en el seg\u00fcent partit, aix\u00f2 \u00e9s el que t\u00e9 de bo el futbol, cada setmana hi ha una nova oportunitat perqu\u00e8 surti a flotaci\u00f3 el treball ben fet.<\/p>\n\n\n\n<p><\/p>\n\n\n\n<hr class=\"wp-block-separator\"\/>\n\n\n\n<p><\/p>\n\n\n\n<p><strong>Sants \u201cE\u201d 3 &#8211; Juvenil \u201cC\u201d 2<\/strong><\/p>\n\n\n\n<p>El juvenil perdi\u00f3 frente a un gran rival, el cual domin\u00f3 desde los primeros minutos de partido, haciendo que los nuestros no tuviesen el control de la posesi\u00f3n, lo cual dificult\u00f3 tener posesiones a favor para generar ocasiones de gol. El primer gol del Sants lleg\u00f3 desde la zona lateral, cerca de una zona clara de disparo.<\/p>\n\n\n\n<p>La Grama gener\u00f3 bastantes faltas para cortar el avance rival, y en una de \u00e9stas, debido a la falta de concentraci\u00f3n, los rivales aprovecharon para poner el bal\u00f3n en juego de forma r\u00e1pida creando una ocasi\u00f3n que acabar\u00eda con el segundo gol del Sants.<\/p>\n\n\n\n<p>Este gol supondr\u00eda un punto de inflexi\u00f3n, ya que los juveniles subieron la marcha, cambiaron la estructura de juego que les facilitar\u00eda ser m\u00e1s s\u00f3lidos defensivamente, y a su vez, generar m\u00e1s ocasiones de gol, poniendo el 2 a 1 en el marcador. Los azules propusieron sacar el bal\u00f3n jugando desde atr\u00e1s, siendo m\u00e1s agresivos y rompiendo l\u00edneas de presi\u00f3n por los carriles interiores.<\/p>\n\n\n\n<p>Ya en la segunda parte, nuestro juvenil \u201cC\u201d m\u00e1s concentrado, m\u00e1s metido en el partido, generando c\u00f3rners y ocasiones claras de gol. Se lleg\u00f3 a poner el marcador 2 a 2. En este momento, nuestros jugadores sometieron al rival con much\u00edsimas llegadas al \u00e1rea contraria, pero sin acierto final.<\/p>\n\n\n\n<p>El f\u00fatbol a veces es injusto y eso le pas\u00f3 a La Grama, en una jugada aislada, el Sants puso el definitivo 3 a 2 en el marcador. Un jarro de agua fr\u00eda para el juvenil que lo dio absolutamente todo en el campo. Orgullo de equipo, que piensa ya en el siguiente encuentro, esto es lo bueno del f\u00fatbol, cada semana hay una nueva oportunidad para que salga a flote el trabajo bien hecho.<\/p>\n","protected":false},"excerpt":{"rendered":"<p>Sants \u201cE\u201d 3 &#8211; Juvenil \u201cC\u201d 2 El juvenil va perdre enfront d&#8217;un gran rival, el qual va dominar des dels primers minuts de partit, fent que els nostres no tinguessin el control de la possessi\u00f3, la qual cosa va dificultar tenir possessions a favor per a generar ocasions de gol. El primer gol del [&hellip;]<\/p>\n","protected":false},"author":1,"featured_media":30113,"comment_status":"closed","ping_status":"closed","sticky":false,"template":"","format":"standard","meta":{"footnotes":""},"categories":[4,6],"tags":[],"class_list":["post-30110","post","type-post","status-publish","format-standard","has-post-thumbnail","hentry","category-base-inclusiu","category-juvenils"],"_links":{"self":[{"href":"http:\/\/fegrama.cat\/web\/wp-json\/wp\/v2\/posts\/30110","targetHints":{"allow":["GET"]}}],"collection":[{"href":"http:\/\/fegrama.cat\/web\/wp-json\/wp\/v2\/posts"}],"about":[{"href":"http:\/\/fegrama.cat\/web\/wp-json\/wp\/v2\/types\/post"}],"author":[{"embeddable":true,"href":"http:\/\/fegrama.cat\/web\/wp-json\/wp\/v2\/users\/1"}],"replies":[{"embeddable":true,"href":"http:\/\/fegrama.cat\/web\/wp-json\/wp\/v2\/comments?post=30110"}],"version-history":[{"count":2,"href":"http:\/\/fegrama.cat\/web\/wp-json\/wp\/v2\/posts\/30110\/revisions"}],"predecessor-version":[{"id":30123,"href":"http:\/\/fegrama.cat\/web\/wp-json\/wp\/v2\/posts\/30110\/revisions\/30123"}],"wp:featuredmedia":[{"embeddable":true,"href":"http:\/\/fegrama.cat\/web\/wp-json\/wp\/v2\/media\/30113"}],"wp:attachment":[{"href":"http:\/\/fegrama.cat\/web\/wp-json\/wp\/v2\/media?parent=30110"}],"wp:term":[{"taxonomy":"category","embeddable":true,"href":"http:\/\/fegrama.cat\/web\/wp-json\/wp\/v2\/categories?post=30110"},{"taxonomy":"post_tag","embeddable":true,"href":"http:\/\/fegrama.cat\/web\/wp-json\/wp\/v2\/tags?post=30110"}],"curies":[{"name":"wp","href":"https:\/\/api.w.org\/{rel}","templated":true}]}}