{"id":30108,"date":"2022-01-17T14:05:32","date_gmt":"2022-01-17T13:05:32","guid":{"rendered":"http:\/\/fegrama.cat\/web\/?p=30108"},"modified":"2022-01-17T14:05:33","modified_gmt":"2022-01-17T13:05:33","slug":"partit-dificil-pels-del-cadet-b","status":"publish","type":"post","link":"http:\/\/fegrama.cat\/web\/partit-dificil-pels-del-cadet-b\/","title":{"rendered":"Partit dif\u00edcil pels del Cadet \u00abB\u00bb!"},"content":{"rendered":"\n<p><strong>V<\/strong>ic<strong> Riupremier Fut. Club 6 &#8211; Cadet \u201cB\u201d 1\u00a0<\/strong><\/p>\n\n\n\n<p>Podr\u00eda ser el partido de las mil excusas, pero eso no valdr\u00eda para nada. Simplemente para la autocomplacencia. Eso s\u00ed, como dir\u00eda un Mourinho tras una derrota muy abultada \u201cf\u00e1cil de digerir\u201d. El pueblo de Santa Eul\u00e0lia de Riuprimer y su campo de hierba natural vieron como el cadete B de la FE Grama no compareci\u00f3 hasta la segunda parte del partido. Y cuando un equipo no se presenta al principio del partido, pasa lo que pasa. En este caso, 4 a 0.&nbsp;<\/p>\n\n\n\n<p>Tras el descanso, mucha mayor igualdad, hasta el punto de concluir con el resultado de 2 a 1. Tarde, muy tarde, esta reacci\u00f3n del equipo azul\u00f3n, que ni tan siquiera pudo maquillar el resultado, a pesar de contar con varias ocasiones de gol. No en vano, el Vic Riuprimer marcha l\u00edder en la tabla clasificatoria y no lo es por casualidad. Pocas fisuras en el equipo dominador e invicto del campeonato. Nuestro cuerpo t\u00e9cnico nos explic\u00f3 lo siguiente: \u201cAhora ya sabemos que se han acabado las vacaciones. Ha sido nuestra vuelta a la competici\u00f3n despu\u00e9s de un mes y con unas fiestas navide\u00f1as por medio. Tenemos tres partidos consecutivos en casa y debemos de utilizar la frustraci\u00f3n de este partido para invertirla en energ\u00eda y deseo de buen juego y victoria. Los chicos est\u00e1n contrariados, pero siguen confiados en ellos mismos. No creo que esta abultada derrota haya hecho mella profunda en el equipo. Orgullo tocado, pero, ni mucho menos destruido\u201d.<\/p>\n\n\n\n<p><\/p>\n\n\n\n<hr class=\"wp-block-separator\"\/>\n\n\n\n<p><\/p>\n\n\n\n<p><strong>V<\/strong>ic<strong> Riupremier Fut. Club 6 &#8211; Cadete \u201cB\u201d 1<\/strong><\/p>\n\n\n\n<p>Podria ser el partit de les mil excuses, per\u00f2 aix\u00f2 no valdria per a res. Simplement per a l&#8217;autocomplaen\u00e7a. Aix\u00f2 s\u00ed, com diria un Mourinho despr\u00e9s d&#8217;una derrota molt inflada \u201cf\u00e0cil de digerir\u201d. El poble de Santa Eul\u00e0lia de Riuprimer i el seu camp d&#8217;herba natural van veure com el cadet B de la FE Grama no va compar\u00e8ixer fins a la segona part del partit. I quan un equip no es presenta al principi del partit, passa el que passa. En aquest cas, 4 a 0.Despr\u00e9s del descans, molta major igualtat, fins al punt de concloure amb el resultat de 2 a 1. Tarda, molt tard, aquesta reacci\u00f3 de l&#8217;equip azul\u00f3n, que ni tan sols va poder maquillar el resultat, malgrat comptar amb diverses ocasions de gol. No en va, el Vic Riuprimer marxa l\u00edder en la taula classificat\u00f2ria i no ho \u00e9s per casualitat. Poques fissures en l&#8217;equip dominador i invicte del campionat. El nostre cos t\u00e8cnic ens va explicar el seg\u00fcent: \u201cAra ja sabem que s&#8217;han acabat les vacances. Ha estat la nostra tornada a la competici\u00f3 despr\u00e9s d&#8217;un mes i amb unes festes nadalenques per mitj\u00e0. Tenim tres partits consecutius a casa i hem d&#8217;utilitzar la frustraci\u00f3 d&#8217;aquest partit per a invertir-la en energia i desig de bon joc i vict\u00f2ria. Els nois estan contrariats, per\u00f2 segueixen confiats en ells mateixos. No crec que aquesta inflada derrota hagi fet mossa profunda en l&#8217;equip. Orgull tocat, per\u00f2, ni molt menys destru\u00eft\u201d.<\/p>\n","protected":false},"excerpt":{"rendered":"<p>Vic Riupremier Fut. Club 6 &#8211; Cadet \u201cB\u201d 1\u00a0 Podr\u00eda ser el partido de las mil excusas, pero eso no valdr\u00eda para nada. Simplemente para la autocomplacencia. Eso s\u00ed, como dir\u00eda un Mourinho tras una derrota muy abultada \u201cf\u00e1cil de digerir\u201d. El pueblo de Santa Eul\u00e0lia de Riuprimer y su campo de hierba natural vieron [&hellip;]<\/p>\n","protected":false},"author":1,"featured_media":29883,"comment_status":"closed","ping_status":"closed","sticky":false,"template":"","format":"standard","meta":{"footnotes":""},"categories":[4,7],"tags":[],"class_list":["post-30108","post","type-post","status-publish","format-standard","has-post-thumbnail","hentry","category-base-inclusiu","category-cadets"],"_links":{"self":[{"href":"http:\/\/fegrama.cat\/web\/wp-json\/wp\/v2\/posts\/30108","targetHints":{"allow":["GET"]}}],"collection":[{"href":"http:\/\/fegrama.cat\/web\/wp-json\/wp\/v2\/posts"}],"about":[{"href":"http:\/\/fegrama.cat\/web\/wp-json\/wp\/v2\/types\/post"}],"author":[{"embeddable":true,"href":"http:\/\/fegrama.cat\/web\/wp-json\/wp\/v2\/users\/1"}],"replies":[{"embeddable":true,"href":"http:\/\/fegrama.cat\/web\/wp-json\/wp\/v2\/comments?post=30108"}],"version-history":[{"count":1,"href":"http:\/\/fegrama.cat\/web\/wp-json\/wp\/v2\/posts\/30108\/revisions"}],"predecessor-version":[{"id":30109,"href":"http:\/\/fegrama.cat\/web\/wp-json\/wp\/v2\/posts\/30108\/revisions\/30109"}],"wp:featuredmedia":[{"embeddable":true,"href":"http:\/\/fegrama.cat\/web\/wp-json\/wp\/v2\/media\/29883"}],"wp:attachment":[{"href":"http:\/\/fegrama.cat\/web\/wp-json\/wp\/v2\/media?parent=30108"}],"wp:term":[{"taxonomy":"category","embeddable":true,"href":"http:\/\/fegrama.cat\/web\/wp-json\/wp\/v2\/categories?post=30108"},{"taxonomy":"post_tag","embeddable":true,"href":"http:\/\/fegrama.cat\/web\/wp-json\/wp\/v2\/tags?post=30108"}],"curies":[{"name":"wp","href":"https:\/\/api.w.org\/{rel}","templated":true}]}}