{"id":30104,"date":"2022-01-11T20:12:55","date_gmt":"2022-01-11T19:12:55","guid":{"rendered":"http:\/\/fegrama.cat\/web\/?p=30104"},"modified":"2022-01-11T20:12:56","modified_gmt":"2022-01-11T19:12:56","slug":"debuts-de-juvenils-al-1er-equip","status":"publish","type":"post","link":"http:\/\/fegrama.cat\/web\/debuts-de-juvenils-al-1er-equip\/","title":{"rendered":"Debuts de juvenils al 1er equip"},"content":{"rendered":"\n<p>La Fundaci\u00f3 Esportiva Grama treballa amb la il\u00b7lusi\u00f3 que els jugadors de la base arribin al Primer Equip, per aix\u00f2 un debut d&#8217;un juvenil \u00e9s un esdeveniment molt important. Aquesta temporada haviem vist al juvenil <strong>Pablo Chac\u00f3n<\/strong>, presentat com a tercer porter, convocat varies vegades i aquest cap de setmana va arribar un doble debut.<\/p>\n\n\n\n<p>El jugador del Juvenil A: <strong>Adri Rosa<\/strong>, lateral esquerre, va debutar a Tercera RFEF al minut 63 de partit. I tamb\u00e9 el seu company <strong>Uri G\u00f3mez<\/strong> que en edat de juvenil ja forma part del primer equip despr\u00e8s del seu ascens fa una setmana.<\/p>\n\n\n\n<ul class=\"wp-block-list\"><li><strong>Temporada 14\/15: <\/strong>Van pujar Mohamed El Hichou i Isaac Rosales. Debut del juvenil Txema Valls.<\/li><li><strong>Temporada 15\/16: <\/strong>Puja Oriol Boix. Tamb\u00e9 va pujar Brayan Caicedo per\u00f2 al poc temps va marxar a Holanda.<\/li><li><strong>Temporada 16\/17:<\/strong> Ascens d&#8217;Iv\u00e1n Campos i de Michael Steeven.<\/li><li><strong>Temporada 17\/18: <\/strong>Ascens de Miguel L\u00f3pez i Gonzalo Larrosa. Debuts d&#8217;\u00c1ngel Gonz\u00e1lez i Alex Vega, habituals a les convocat\u00f2ries.<\/li><li><strong>Temporada 18\/19: <\/strong>Ascens de Sergi Duarte. \u00c1ngel Gonz\u00e1lez va tornar a combinar el Juvenil A i el 1r equip. Debut de Lucas \u00c1lvarez i Jordi Lozano.<\/li><li><strong>Temporada 19\/20: <\/strong>Ascens d&#8217;\u00c1ngel Gonz\u00e1lez, Lucas \u00c1lvarez, Jonathan Linares i Bruno Villagrasa.<\/li><li><strong>Temporada 20\/21: <\/strong>Ascens d&#8217;\u00c1lex Montalb\u00e1n i Aleix D\u00edaz. Debut de Muhammed Nemil. Marcos Olmo va estar en 6 ocasions convocat.<\/li><\/ul>\n\n\n\n<p>*<strong>Debuts a la Copa Catalunya:<\/strong> Michael Steeven, Marc Fern\u00e1ndez, Iv\u00e1n Campos, Gorka Mart\u00ednez, Antonio Masana, Joel Jarque i Mart\u00ed Garriga. A m\u00e9s, Ferr\u00e1n Bulta i \u00c1lex Montalb\u00e1n van debutar al <strong>Campionat de Catalunya Amateur 2018\/19.<\/strong><\/p>\n\n\n\n<div class=\"wp-block-image\"><figure class=\"aligncenter size-large\"><img loading=\"lazy\" decoding=\"async\" width=\"1024\" height=\"683\" src=\"http:\/\/fegrama.cat\/web\/wp-content\/uploads\/2022\/01\/uridebut-1024x683.jpg\" alt=\"\" class=\"wp-image-30076\" srcset=\"http:\/\/fegrama.cat\/web\/wp-content\/uploads\/2022\/01\/uridebut-1024x683.jpg 1024w, http:\/\/fegrama.cat\/web\/wp-content\/uploads\/2022\/01\/uridebut-300x200.jpg 300w, http:\/\/fegrama.cat\/web\/wp-content\/uploads\/2022\/01\/uridebut-768x512.jpg 768w, http:\/\/fegrama.cat\/web\/wp-content\/uploads\/2022\/01\/uridebut-1536x1024.jpg 1536w, http:\/\/fegrama.cat\/web\/wp-content\/uploads\/2022\/01\/uridebut-2048x1365.jpg 2048w\" sizes=\"auto, (max-width: 1024px) 100vw, 1024px\" \/><\/figure><\/div>\n\n\n\n<p>La Fundaci\u00f3 Esportiva Grama trabaja con la ilusi\u00f3n de que jugadores de la base lleguen al Primer Equipo, por eso un debut de un juvenil es un evento muy importante. Esta temporada hab\u00edamos visto al juvenil <strong>Pablo Chac\u00f3n<\/strong>, presentado como tercer portero, convocado varias veces y este fin de semana llegar\u00e1 un doble debut.<\/p>\n\n\n\n<p>El jugador del Juvenil A: <strong>Adri Rosa<\/strong>, lateral izquierdo, debut\u00f3 en Tercera RFEF en el minuto 63 de partido. Y tambi\u00e9n su compa\u00f1ero <strong>Uri G\u00f3mez<\/strong> que en edad de juvenil forma parte ya del primer equipo despu\u00e9s de su ascenso hace una semana.<\/p>\n\n\n\n<ul class=\"wp-block-list\"><li><strong>Temporada 14\/15: <\/strong>Subieron Mohamed El Hichou e Isaac Rosales. Debut del juvenil Txema Valls.<\/li><li><strong>Temporada 15\/16: <\/strong>Sube Oriol Boix. Tambi\u00e9n subi\u00f3 Brayan Caicedo pero al poco tiempo se march\u00f3 a Holanda.<\/li><li><strong>Temporada 16\/17: <\/strong>Ascenso de Iv\u00e1n Campos y de Michael Steeven.<\/li><li><strong>Temporada 17\/18: <\/strong>Ascenso de Miguel L\u00f3pez y Gonzalo Larrosa. Debuts de \u00c0ngel Gonz\u00e1lez y \u00c0lex Vega, habituales en las convocatorias.<\/li><li><strong>Temporada 18\/19: <\/strong>Ascenso de Sergi Duarte. \u00c1ngel Gonz\u00e1lez volvi\u00f3 a combinar el Juvenil A y el 1er equipo. Debut de Lucas \u00c1lvarez y Jordi Lozano.<\/li><li><strong>Temporada 19\/20:<\/strong> Ascenso de \u00c1ngel Gonz\u00e1lez, Lucas \u00c1lvarez, Jonathan Linares y Bruno Villagrasa.<\/li><li><strong>Temporada 20\/21: <\/strong>Ascenso de \u00c0lex Montalb\u00e1n y Aleix D\u00edaz. Debut de Muhammed Nemil. Marcos Olmo estuvo en 6 ocasiones convocado.<\/li><\/ul>\n\n\n\n<p>*Debuts en la <strong>Copa Catalunya<\/strong>: Michael Steeven, Marc Fern\u00e1ndez, Ivan Campos, Gorka Mart\u00ednez, Antoni Masana, Joel Jarque y Mart\u00ed Garriga. Adem\u00e1s, Ferran Bulta y \u00c1lex Montalb\u00e1n debutaron en el <strong>Campeonato de Catalunya Amateur 2018\/19<\/strong>.<\/p>\n","protected":false},"excerpt":{"rendered":"<p>La Fundaci\u00f3 Esportiva Grama treballa amb la il\u00b7lusi\u00f3 que els jugadors de la base arribin al Primer Equip, per aix\u00f2 un debut d&#8217;un juvenil \u00e9s un esdeveniment molt important. Aquesta temporada haviem vist al juvenil Pablo Chac\u00f3n, presentat com a tercer porter, convocat varies vegades i aquest cap de setmana va arribar un doble debut. [&hellip;]<\/p>\n","protected":false},"author":1,"featured_media":30076,"comment_status":"closed","ping_status":"closed","sticky":false,"template":"","format":"standard","meta":{"footnotes":""},"categories":[14,5],"tags":[],"class_list":["post-30104","post","type-post","status-publish","format-standard","has-post-thumbnail","hentry","category-noticies","category-primer-equip"],"_links":{"self":[{"href":"http:\/\/fegrama.cat\/web\/wp-json\/wp\/v2\/posts\/30104","targetHints":{"allow":["GET"]}}],"collection":[{"href":"http:\/\/fegrama.cat\/web\/wp-json\/wp\/v2\/posts"}],"about":[{"href":"http:\/\/fegrama.cat\/web\/wp-json\/wp\/v2\/types\/post"}],"author":[{"embeddable":true,"href":"http:\/\/fegrama.cat\/web\/wp-json\/wp\/v2\/users\/1"}],"replies":[{"embeddable":true,"href":"http:\/\/fegrama.cat\/web\/wp-json\/wp\/v2\/comments?post=30104"}],"version-history":[{"count":2,"href":"http:\/\/fegrama.cat\/web\/wp-json\/wp\/v2\/posts\/30104\/revisions"}],"predecessor-version":[{"id":30106,"href":"http:\/\/fegrama.cat\/web\/wp-json\/wp\/v2\/posts\/30104\/revisions\/30106"}],"wp:featuredmedia":[{"embeddable":true,"href":"http:\/\/fegrama.cat\/web\/wp-json\/wp\/v2\/media\/30076"}],"wp:attachment":[{"href":"http:\/\/fegrama.cat\/web\/wp-json\/wp\/v2\/media?parent=30104"}],"wp:term":[{"taxonomy":"category","embeddable":true,"href":"http:\/\/fegrama.cat\/web\/wp-json\/wp\/v2\/categories?post=30104"},{"taxonomy":"post_tag","embeddable":true,"href":"http:\/\/fegrama.cat\/web\/wp-json\/wp\/v2\/tags?post=30104"}],"curies":[{"name":"wp","href":"https:\/\/api.w.org\/{rel}","templated":true}]}}