{"id":30091,"date":"2022-01-09T22:15:03","date_gmt":"2022-01-09T21:15:03","guid":{"rendered":"http:\/\/fegrama.cat\/web\/?p=30091"},"modified":"2022-01-09T22:15:04","modified_gmt":"2022-01-09T21:15:04","slug":"partidas-del-juvenil-b-contra-el-don-bosco","status":"publish","type":"post","link":"http:\/\/fegrama.cat\/web\/partidas-del-juvenil-b-contra-el-don-bosco\/","title":{"rendered":"Partid\u00e0s del Juvenil \u00abB\u00bb contra el Don Bosco."},"content":{"rendered":"\n<p>Don&nbsp;Bosco 1 &#8211; Juvenil \u00abB\u00bb 5<\/p>\n\n\n\n<p>Els nois del Juvenil \u00abB\u00bb van jugar un&nbsp;partid\u00e0s&nbsp;d&#8217;inici a fi fora de casa.<br>L&#8217;equip va saber dominar i posar en pr\u00e0ctica el que es va treballar al llarg de la setmana per a donar aix\u00ed un inici d&#8217;any inoblidable abans d&#8217;una setmana MOLT IMPORTANT!<\/p>\n\n\n\n<p>A seguir de gom a gom.<\/p>\n\n\n\n<figure class=\"wp-block-image size-large\"><img loading=\"lazy\" decoding=\"async\" width=\"576\" height=\"1024\" src=\"http:\/\/fegrama.cat\/web\/wp-content\/uploads\/2022\/01\/WhatsApp-Image-2022-01-08-at-9.44.08-PM.jpeg\" alt=\"\" class=\"wp-image-30092\" srcset=\"http:\/\/fegrama.cat\/web\/wp-content\/uploads\/2022\/01\/WhatsApp-Image-2022-01-08-at-9.44.08-PM.jpeg 576w, http:\/\/fegrama.cat\/web\/wp-content\/uploads\/2022\/01\/WhatsApp-Image-2022-01-08-at-9.44.08-PM-169x300.jpeg 169w\" sizes=\"auto, (max-width: 576px) 100vw, 576px\" \/><\/figure>\n\n\n\n<p><\/p>\n\n\n\n<hr class=\"wp-block-separator\"\/>\n\n\n\n<p><\/p>\n\n\n\n<p><strong>Don Bosco 1 &#8211; Juvenil \u201cB\u201d 5<\/strong><\/p>\n\n\n\n<p>Los chicos del Juvenil \u201cB\u201d jugaron un partidazo de inicio a fin fuera de casa.<\/p>\n\n\n\n<p>El equipo supo dominar y poner en pr\u00e1ctica lo que se trabaj\u00f3 a lo largo de la semana para dar as\u00ed un inicio de a\u00f1o inolvidable antes de una semana MUY IMPORTANTE!<\/p>\n\n\n\n<p>A seguir a tope.<\/p>\n\n\n\n<p><\/p>\n","protected":false},"excerpt":{"rendered":"<p>Don&nbsp;Bosco 1 &#8211; Juvenil \u00abB\u00bb 5 Els nois del Juvenil \u00abB\u00bb van jugar un&nbsp;partid\u00e0s&nbsp;d&#8217;inici a fi fora de casa.L&#8217;equip va saber dominar i posar en pr\u00e0ctica el que es va treballar al llarg de la setmana per a donar aix\u00ed un inici d&#8217;any inoblidable abans d&#8217;una setmana MOLT IMPORTANT! A seguir de gom a gom. [&hellip;]<\/p>\n","protected":false},"author":1,"featured_media":30092,"comment_status":"closed","ping_status":"closed","sticky":false,"template":"","format":"standard","meta":{"footnotes":""},"categories":[4,6],"tags":[],"class_list":["post-30091","post","type-post","status-publish","format-standard","has-post-thumbnail","hentry","category-base-inclusiu","category-juvenils"],"_links":{"self":[{"href":"http:\/\/fegrama.cat\/web\/wp-json\/wp\/v2\/posts\/30091","targetHints":{"allow":["GET"]}}],"collection":[{"href":"http:\/\/fegrama.cat\/web\/wp-json\/wp\/v2\/posts"}],"about":[{"href":"http:\/\/fegrama.cat\/web\/wp-json\/wp\/v2\/types\/post"}],"author":[{"embeddable":true,"href":"http:\/\/fegrama.cat\/web\/wp-json\/wp\/v2\/users\/1"}],"replies":[{"embeddable":true,"href":"http:\/\/fegrama.cat\/web\/wp-json\/wp\/v2\/comments?post=30091"}],"version-history":[{"count":1,"href":"http:\/\/fegrama.cat\/web\/wp-json\/wp\/v2\/posts\/30091\/revisions"}],"predecessor-version":[{"id":30093,"href":"http:\/\/fegrama.cat\/web\/wp-json\/wp\/v2\/posts\/30091\/revisions\/30093"}],"wp:featuredmedia":[{"embeddable":true,"href":"http:\/\/fegrama.cat\/web\/wp-json\/wp\/v2\/media\/30092"}],"wp:attachment":[{"href":"http:\/\/fegrama.cat\/web\/wp-json\/wp\/v2\/media?parent=30091"}],"wp:term":[{"taxonomy":"category","embeddable":true,"href":"http:\/\/fegrama.cat\/web\/wp-json\/wp\/v2\/categories?post=30091"},{"taxonomy":"post_tag","embeddable":true,"href":"http:\/\/fegrama.cat\/web\/wp-json\/wp\/v2\/tags?post=30091"}],"curies":[{"name":"wp","href":"https:\/\/api.w.org\/{rel}","templated":true}]}}