{"id":3009,"date":"2014-03-28T08:30:31","date_gmt":"2014-03-28T07:30:31","guid":{"rendered":"http:\/\/fegrama.cat\/web\/?p=3009"},"modified":"2014-03-26T19:32:54","modified_gmt":"2014-03-26T18:32:54","slug":"el-benjami-d-de-la-fegrama-viatjara-a-casa-del-martinenc","status":"publish","type":"post","link":"http:\/\/fegrama.cat\/web\/el-benjami-d-de-la-fegrama-viatjara-a-casa-del-martinenc\/","title":{"rendered":"El Benjam\u00ed D de la FEGrama viatjar\u00e0 a casa del Martinenc"},"content":{"rendered":"<p>El Benjam\u00ed D de la FEGrama voldr\u00e0 repetir el sabor de puntuar com el seu segon partit consecutiu ara contra la Penya Barcelonista Barcino per 6 a 0.<\/p>\n<p>A la jornada passada l&#8217;altra vict\u00f2ria va ser despr\u00e8s de guanyar a casa del Tecnofutbol per un ajustat 1-2, el conjunt de la Fundaci\u00f3 Grama es mant\u00e9 a la novena posici\u00f3 amb 32 punts a la taula del grup 8.<\/p>\n<p>El conjunt de V\u00edctor D\u00edaz i del seu segon entrenador, Ra\u00fal Ruiz, aniran al Municipal del Guinard\u00f3 per jugar contra el Martinenc, des\u00e8 amb 24 punts, a la jornada 22 el pr\u00f2xim diumenge 30 de mar\u00e7 des de les 10:15 hores.<\/p>\n<p>[divider]<\/p>\n<p>[button color=\u00bbblue\u00bb size=\u00bbsmall\u00bb link=\u00bbhttp:\/\/www.fcf.cat\/pnfg\/NFG_CmpJornada?cod_primaria=1000120&amp;CodCompeticion=18473318&amp;CodGrupo=18680853&amp;CodTemporada=9&amp;CodJornada=10&#8243; target=\u00bbblank\u00bb ]Resultats[\/button]<\/p>\n<p>[button color=\u00bbblue\u00bb size=\u00bbsmall\u00bb link=\u00bbhttp:\/\/www.fcf.cat\/pnfg\/NPcd\/NFG_VisClasificacion?cod_primaria=1000120&amp;codgrupo=18680853&amp;codcompeticion=18473318&#8243; target=\u00bbblank\u00bb ]Classificaci\u00f3[\/button]<\/p>\n<p>El Benjam\u00edn D de la FEGRAM querr\u00e1 repetir el sabor de puntuar como su segundo partido consecutivo ahora contra la Pe\u00f1a Barcelonista Barcino por 6 a 0.<\/p>\n<p>En la pasada jornada la otra victoria fue despu\u00e9s de ganar en casa del Tecnofutbol por un ajustado 1-2, el conjunto de la Fundaci\u00f3n Grama se mantiene en la novena posici\u00f3n con 32 puntos en la tabla del grupo 8.<\/p>\n<p>El conjunto de V\u00edctor D\u00edaz y de su segundo entrenador, Ra\u00fal Ruiz, ir\u00e1n al Municipal del Guinard\u00f3 para jugar contra el Martinenc, d\u00e9cimo con 24 puntos, en la jornada 22 el pr\u00f3ximo domingo 30 de marzo desde las 10:15 horas.<\/p>\n<p><strong>Visca l&#8217;Esperit Grama!!!!<\/strong><\/p>\n","protected":false},"excerpt":{"rendered":"<p>El Benjam\u00ed D de la FEGrama voldr\u00e0 repetir el sabor de puntuar com el seu segon partit consecutiu ara contra la Penya Barcelonista Barcino per 6 a 0. A la jornada passada l&#8217;altra vict\u00f2ria va ser despr\u00e8s de guanyar a casa del Tecnofutbol per un ajustat 1-2, el conjunt de la Fundaci\u00f3 Grama es mant\u00e9 [&hellip;]<\/p>\n","protected":false},"author":1,"featured_media":0,"comment_status":"closed","ping_status":"closed","sticky":false,"template":"","format":"standard","meta":{"footnotes":""},"categories":[4,11],"tags":[],"class_list":["post-3009","post","type-post","status-publish","format-standard","hentry","category-base-inclusiu","category-benjamins"],"_links":{"self":[{"href":"http:\/\/fegrama.cat\/web\/wp-json\/wp\/v2\/posts\/3009","targetHints":{"allow":["GET"]}}],"collection":[{"href":"http:\/\/fegrama.cat\/web\/wp-json\/wp\/v2\/posts"}],"about":[{"href":"http:\/\/fegrama.cat\/web\/wp-json\/wp\/v2\/types\/post"}],"author":[{"embeddable":true,"href":"http:\/\/fegrama.cat\/web\/wp-json\/wp\/v2\/users\/1"}],"replies":[{"embeddable":true,"href":"http:\/\/fegrama.cat\/web\/wp-json\/wp\/v2\/comments?post=3009"}],"version-history":[{"count":1,"href":"http:\/\/fegrama.cat\/web\/wp-json\/wp\/v2\/posts\/3009\/revisions"}],"predecessor-version":[{"id":3011,"href":"http:\/\/fegrama.cat\/web\/wp-json\/wp\/v2\/posts\/3009\/revisions\/3011"}],"wp:attachment":[{"href":"http:\/\/fegrama.cat\/web\/wp-json\/wp\/v2\/media?parent=3009"}],"wp:term":[{"taxonomy":"category","embeddable":true,"href":"http:\/\/fegrama.cat\/web\/wp-json\/wp\/v2\/categories?post=3009"},{"taxonomy":"post_tag","embeddable":true,"href":"http:\/\/fegrama.cat\/web\/wp-json\/wp\/v2\/tags?post=3009"}],"curies":[{"name":"wp","href":"https:\/\/api.w.org\/{rel}","templated":true}]}}