{"id":30086,"date":"2022-01-09T22:05:37","date_gmt":"2022-01-09T21:05:37","guid":{"rendered":"http:\/\/fegrama.cat\/web\/?p=30086"},"modified":"2022-01-09T22:05:39","modified_gmt":"2022-01-09T21:05:39","slug":"el-cadet-femeni-torna-a-guanyar-fora-de-casa","status":"publish","type":"post","link":"http:\/\/fegrama.cat\/web\/el-cadet-femeni-torna-a-guanyar-fora-de-casa\/","title":{"rendered":"El Cadet Femen\u00ed torna a guanyar fora de casa!"},"content":{"rendered":"\n<p><strong>Masnou\u00a02 &#8211; Cadet Femen\u00ed 10<\/strong><br><br>Les noies del Cadet van guanyar a casa del segon classificat. Com sempre les de la\u00a0Grama\u00a0van demostrar quin equip s\u00f3n i de tot el que s\u00f3n capa\u00e7os de fer. Actitud, joc i obstinaci\u00f3 de DEU, mai m\u00e9s ben dit. Es continuen sumant punts i deixen clar que van per la lliga!<\/p>\n\n\n\n<figure class=\"wp-block-image size-large\"><img loading=\"lazy\" decoding=\"async\" width=\"1024\" height=\"768\" src=\"http:\/\/fegrama.cat\/web\/wp-content\/uploads\/2022\/01\/WhatsApp-Image-2022-01-09-at-8.42.01-PM-1024x768.jpeg\" alt=\"\" class=\"wp-image-30087\" srcset=\"http:\/\/fegrama.cat\/web\/wp-content\/uploads\/2022\/01\/WhatsApp-Image-2022-01-09-at-8.42.01-PM-1024x768.jpeg 1024w, http:\/\/fegrama.cat\/web\/wp-content\/uploads\/2022\/01\/WhatsApp-Image-2022-01-09-at-8.42.01-PM-300x225.jpeg 300w, http:\/\/fegrama.cat\/web\/wp-content\/uploads\/2022\/01\/WhatsApp-Image-2022-01-09-at-8.42.01-PM-768x576.jpeg 768w, http:\/\/fegrama.cat\/web\/wp-content\/uploads\/2022\/01\/WhatsApp-Image-2022-01-09-at-8.42.01-PM-1536x1152.jpeg 1536w, http:\/\/fegrama.cat\/web\/wp-content\/uploads\/2022\/01\/WhatsApp-Image-2022-01-09-at-8.42.01-PM.jpeg 2048w\" sizes=\"auto, (max-width: 1024px) 100vw, 1024px\" \/><\/figure>\n\n\n\n<p><\/p>\n\n\n\n<p><strong>Masnou 2 &#8211; Cadete Femenino 10<\/strong><\/p>\n\n\n\n<p>Las chicas del Cadete ganaron en casa del segundo clasificado. <br>Como siempre las de la Grama demostraron qu\u00e9 equipo son y de todo lo que son capaces de hacer. Actitud, juego y empe\u00f1o de DIEZ, nunca mejor dicho. \u00a1Se siguen sumando puntos y dejan claro que van a por la liga!<\/p>\n","protected":false},"excerpt":{"rendered":"<p>Masnou\u00a02 &#8211; Cadet Femen\u00ed 10 Les noies del Cadet van guanyar a casa del segon classificat. Com sempre les de la\u00a0Grama\u00a0van demostrar quin equip s\u00f3n i de tot el que s\u00f3n capa\u00e7os de fer. Actitud, joc i obstinaci\u00f3 de DEU, mai m\u00e9s ben dit. Es continuen sumant punts i deixen clar que van per la [&hellip;]<\/p>\n","protected":false},"author":1,"featured_media":0,"comment_status":"closed","ping_status":"closed","sticky":false,"template":"","format":"standard","meta":{"footnotes":""},"categories":[13],"tags":[],"class_list":["post-30086","post","type-post","status-publish","format-standard","hentry","category-femeni"],"_links":{"self":[{"href":"http:\/\/fegrama.cat\/web\/wp-json\/wp\/v2\/posts\/30086","targetHints":{"allow":["GET"]}}],"collection":[{"href":"http:\/\/fegrama.cat\/web\/wp-json\/wp\/v2\/posts"}],"about":[{"href":"http:\/\/fegrama.cat\/web\/wp-json\/wp\/v2\/types\/post"}],"author":[{"embeddable":true,"href":"http:\/\/fegrama.cat\/web\/wp-json\/wp\/v2\/users\/1"}],"replies":[{"embeddable":true,"href":"http:\/\/fegrama.cat\/web\/wp-json\/wp\/v2\/comments?post=30086"}],"version-history":[{"count":1,"href":"http:\/\/fegrama.cat\/web\/wp-json\/wp\/v2\/posts\/30086\/revisions"}],"predecessor-version":[{"id":30088,"href":"http:\/\/fegrama.cat\/web\/wp-json\/wp\/v2\/posts\/30086\/revisions\/30088"}],"wp:attachment":[{"href":"http:\/\/fegrama.cat\/web\/wp-json\/wp\/v2\/media?parent=30086"}],"wp:term":[{"taxonomy":"category","embeddable":true,"href":"http:\/\/fegrama.cat\/web\/wp-json\/wp\/v2\/categories?post=30086"},{"taxonomy":"post_tag","embeddable":true,"href":"http:\/\/fegrama.cat\/web\/wp-json\/wp\/v2\/tags?post=30086"}],"curies":[{"name":"wp","href":"https:\/\/api.w.org\/{rel}","templated":true}]}}