{"id":30065,"date":"2022-01-09T17:18:23","date_gmt":"2022-01-09T16:18:23","guid":{"rendered":"http:\/\/fegrama.cat\/web\/?p=30065"},"modified":"2022-01-30T16:32:45","modified_gmt":"2022-01-30T15:32:45","slug":"frescor-juvenil-pero-va-faltar-el-gol-0-0","status":"publish","type":"post","link":"http:\/\/fegrama.cat\/web\/frescor-juvenil-pero-va-faltar-el-gol-0-0\/","title":{"rendered":"Frescor juvenil per\u00f2 va faltar el gol (0-0)"},"content":{"rendered":"\n<p>La Fundaci\u00f3 Esportiva Grama va empatar (0-0) davant de l&#8217;EE Guineueta en un dia marcat pels debuts de dos juvenils. Es va guardar un solemne minut de silenci en mem\u00f2ria de Jos\u00e9 Serrano Criado, vicepresident de la UDA Gramenet a la gloriosa \u00e8poca dels anys 80 i 90. Amb Xavi Andreu, gran periodista i amic de la Grama, dedicant unes paraules.<\/p>\n\n\n\n<div class=\"wp-block-image\"><figure class=\"aligncenter size-large is-resized\"><img loading=\"lazy\" decoding=\"async\" src=\"https:\/\/fegrama.cat\/web\/wp-content\/uploads\/2022\/01\/minutsilenci-jose-serrano-1024x682.jpeg\" alt=\"\" class=\"wp-image-30074\" width=\"502\" height=\"334\" srcset=\"http:\/\/fegrama.cat\/web\/wp-content\/uploads\/2022\/01\/minutsilenci-jose-serrano-1024x682.jpeg 1024w, http:\/\/fegrama.cat\/web\/wp-content\/uploads\/2022\/01\/minutsilenci-jose-serrano-300x200.jpeg 300w, http:\/\/fegrama.cat\/web\/wp-content\/uploads\/2022\/01\/minutsilenci-jose-serrano-768x512.jpeg 768w, http:\/\/fegrama.cat\/web\/wp-content\/uploads\/2022\/01\/minutsilenci-jose-serrano-1536x1023.jpeg 1536w, http:\/\/fegrama.cat\/web\/wp-content\/uploads\/2022\/01\/minutsilenci-jose-serrano.jpeg 1600w\" sizes=\"auto, (max-width: 502px) 100vw, 502px\" \/><\/figure><\/div>\n\n\n\n<p>Els de Nou Barris van entrar millor i als cinc minuts van avisar amb un c\u00f3rner molt tancat que es va estavellar al travesser i el posterior rebuig el treia la defensa colomenca. Al primer temps la Guineueta va aconseguir portar el joc al seu terreny i aix\u00f2 va dificultar molt a la Grama que es va contagiar del joc rival.<\/p>\n\n\n\n<p>Als 22 minuts Peque sota pals evitava el gol visitant, el lateral va completar bon partit despr\u00e9s de poder entrenar-se una vegada a la setmana. Abans del descans la Grama ho va provar per mitj\u00e0 de Fran Hern\u00e1ndez amb una falta lateral perillosa que va sortir a prop del pal sense trobar la rematada de Montalb\u00e1n. Sense gols i amb moltes aturades de temps van marxar els dos equips a vestidors.<\/p>\n\n\n\n<p>Segona meitat m\u00e9s vistosa amb la Grama fent un pas m\u00e9s, i amb l&#8217;entrada de Rubi. El lateral, malgrat no haver pogut entrenar-se durant la setmana, va fer uns 45 minuts a un alt nivell en atac i defensa. La Grama va aconseguir aconseguir el domini de la pilota, intentant trencar la barrera defensiva de la Guineueta aix\u00ed com el seu estil de joc. Al minut 60 Fran Hern\u00e1ndez fregava el gol per\u00f2 el seu xut de falta directa l&#8217;enviava a c\u00f3rner Yan Carlo amb una gran estirada.<\/p>\n\n\n\n<div class=\"wp-block-image\"><figure class=\"aligncenter size-large is-resized\"><img loading=\"lazy\" decoding=\"async\" src=\"https:\/\/fegrama.cat\/web\/wp-content\/uploads\/2022\/01\/adrirosa-debut-1024x852.jpeg\" alt=\"\" class=\"wp-image-30075\" width=\"539\" height=\"448\" srcset=\"http:\/\/fegrama.cat\/web\/wp-content\/uploads\/2022\/01\/adrirosa-debut-1024x852.jpeg 1024w, http:\/\/fegrama.cat\/web\/wp-content\/uploads\/2022\/01\/adrirosa-debut-300x250.jpeg 300w, http:\/\/fegrama.cat\/web\/wp-content\/uploads\/2022\/01\/adrirosa-debut-768x639.jpeg 768w, http:\/\/fegrama.cat\/web\/wp-content\/uploads\/2022\/01\/adrirosa-debut-1536x1278.jpeg 1536w, http:\/\/fegrama.cat\/web\/wp-content\/uploads\/2022\/01\/adrirosa-debut.jpeg 1600w\" sizes=\"auto, (max-width: 539px) 100vw, 539px\" \/><figcaption>Debut del jugador del Juvenil A, Adri Rosa. Foto: Sergi Garc\u00eda (Afici\u00f3 FE Grama)<\/figcaption><\/figure><\/div>\n\n\n\n<p>Al minut 63 van arribar els debuts de dos joves: Uri G\u00f3mez, juvenil recent incorporat al primer equip, i el lateral esquerre del Juvenil A, Adri Rosa. Aire fresc a la Grama que dominava, perillosa per les dues bandes amb les incorporacions de Rosa i Rubi, i Uri deixant bones sensacions. Al cap de dos minuts d&#8217;entrar, Uri buscava el gol sense fortuna en un xut al lateral.<\/p>\n\n\n\n<p>Juanma Pons esgotava els canvis al minut 78 amb l&#8217;entrada d&#8217;\u00c1ngel i Jos\u00e9 Enrique a la recerca de trencar el 0-0. La Grama se&#8217;n va anar a buscar la vict\u00f2ria penjant moltes pilotes per\u00f2 sense trobar rematador. En el temps de perllongament va poder estar el gol. Al 91\u2032 Adrien des de molt lluny va intentar sorprendre Yan Carlo que amb una altra gran estirada enviava a c\u00f3rner, i al 94\u2032 Marc Jim\u00e9nez estavellava al travesser un c\u00f3rner molt tancat.<\/p>\n\n\n\n<p>Semblava que no quedaria m\u00e9s per\u00f2 al 96\u2032 de c\u00f3rner Adrien rematava de cap i el porter visitant aturava a la l\u00ednia de gol. Un repartiment de punts que deixa amb gust agredol\u00e7 els jugadors de la Grama que ja pensen a guanyar fora de casa per primera vegada a la seg\u00fcent jornada.<\/p>\n\n\n\n<p><strong>Fitxa t\u00e8cnica:<\/strong><\/p>\n\n\n\n<p><strong>FE Grama:<\/strong>&nbsp;Guiseris (P), Alan, Adrien, Molins, Montalb\u00e1n, Fran Hern\u00e1ndez, Peris (Uri G\u00f3mez, 63&#8242;), Roger Garc\u00eda (\u00c1ngel, 78&#8242;), Peque (Adri Rosa, 63&#8242;), Escarrabill (Jos\u00e9 Enrique, 78&#8242;) i Akrong (Rubi, 45&#8242;).<\/p>\n\n\n\n<p><strong>EE Guineueta CF:&nbsp;<\/strong>Yan Carlo (P), Ayllon, Pou, Grimau, Obispo (\u00cdker, 85&#8242;), Ferran, Nil (Sergio, 78&#8242;), Montoya, Godbless (Max, 85&#8242;), Abde (Marc Jim\u00e9nez, 92&#8242;) i Carmona.<\/p>\n\n\n\n<p><strong>\u00c0rbitre:&nbsp;<\/strong>Edwar Miguel Gonz\u00e1les (Comit\u00e8 Barcelona). Va amonestar al local Akrong, i als visitants Ferran, Casta, \u00cdker i David Cespedosa (cos t\u00e9cnic).<\/p>\n\n\n\n<p><strong><a href=\"https:\/\/www.fcf.cat\/classificacio\/2022\/futbol-11\/tercera-division-rfef\/grup-v\" target=\"_blank\" rel=\"noreferrer noopener\">CLASSIFICACI\u00d3<\/a><\/strong><\/p>\n\n\n\n<div class=\"wp-block-image\"><figure class=\"aligncenter size-large\"><img loading=\"lazy\" decoding=\"async\" width=\"1024\" height=\"683\" src=\"https:\/\/fegrama.cat\/web\/wp-content\/uploads\/2022\/01\/uridebut-1024x683.jpg\" alt=\"\" class=\"wp-image-30076\" srcset=\"http:\/\/fegrama.cat\/web\/wp-content\/uploads\/2022\/01\/uridebut-1024x683.jpg 1024w, http:\/\/fegrama.cat\/web\/wp-content\/uploads\/2022\/01\/uridebut-300x200.jpg 300w, http:\/\/fegrama.cat\/web\/wp-content\/uploads\/2022\/01\/uridebut-768x512.jpg 768w, http:\/\/fegrama.cat\/web\/wp-content\/uploads\/2022\/01\/uridebut-1536x1024.jpg 1536w, http:\/\/fegrama.cat\/web\/wp-content\/uploads\/2022\/01\/uridebut-2048x1365.jpg 2048w\" sizes=\"auto, (max-width: 1024px) 100vw, 1024px\" \/><figcaption>Debut del juvenil incorporat al 1r equip: Uri G\u00f3mez. \/ Foto: Laura Hern\u00e1ndez<\/figcaption><\/figure><\/div>\n\n\n\n<p>La Fundaci\u00f3 Esportiva Grama empat\u00f3 (0-0) ante la EE Guineueta en un d\u00eda marcado por los debuts de dos juveniles. Se guard\u00f3 un solemne minuto de silencio en memoria de Jos\u00e9 Serrano Criado, vicepresidente de la UDA Gramenet en la gloriosa \u00e9poca de los a\u00f1os 80 y 90. Con Xavi Andreu, gran periodista y amigo de la Grama, dedicando unas palabras.<\/p>\n\n\n\n<p>Los de Nou Barris entraron mejor y a los cinco minutos avisaron con un c\u00f3rner muy cerrado que se estrell\u00f3 en el larguero y el posterior rechace lo sacaba la defensa colomense. En el primer tiempo la Guineueta consigui\u00f3 llevar el juego a su terreno en el primer y eso dificult\u00f3 mucho a la Grama que se contagi\u00f3 del juego rival. <\/p>\n\n\n\n<p>A los 22 minutos Peque bajo palos evitaba el gol visitante, el lateral complet\u00f3 buen partido tras solo poder entrenar una vez en la semana. Antes del descanso la Grama lo prob\u00f3 por medio de Fran Hern\u00e1ndez con una falta lateral peligrosa que sali\u00f3 cerca del palo sin encontrar el remate de Montalb\u00e1n. Sin goles y con muchos parones de tiempo se marcharon los dos equipos a vestuarios.<\/p>\n\n\n\n<p>Segunda mitad m\u00e1s vistosa con la Grama dando un paso m\u00e1s, y con la entrada de Rubi. El lateral, pese a no haber podido entrenar durante la semana, realiz\u00f3 unos 45 minutos a un alto nivel en ataque y defensa.  La Grama consigui\u00f3 hacerse con el dominio del bal\u00f3n, intentando romper la barrera defensiva de la Guineueta as\u00ed como su estilo de juego. En el minuto 60 Fran Hern\u00e1ndez rozaba el gol pero su disparo de falta directa lo enviaba a c\u00f3rner Yan Carlo con una gran estirada. <\/p>\n\n\n\n<p>En el minuto 63 llegaron los debuts de dos j\u00f3venes: Uri G\u00f3mez, juvenil reci\u00e9n incorporado al primer equipo, y el lateral izquierdo del Juvenil A, Adri Rosa. Aire freso en la Grama que dominaba, peligrosa por ambas bandas con las incorporaciones de Rosa y Rubi, y Uri dejando buenas sensaciones. A los dos minutos de entrar, Uri buscaba el gol sin fortuna en un disparo al lateral. <\/p>\n\n\n\n<p>Juanma Pons agotaba los cambios en el minuto 78 con la entrada de \u00c1ngel y Jos\u00e9 Enrique en busca de romper el 0-0. La Grama se fue a por la victoria colgando muchos balones pero sin encontrar rematador. En el tiempo de prolongaci\u00f3n pudo estar el gol. En el 91&#8242; Adrien desde muy lejos intent\u00f3 sorprender a Yan Carlo que con otra gran estirada enviaba a c\u00f3rner, y en el 94&#8242; Marc Jim\u00e9nez estrellaba en el travesa\u00f1o un c\u00f3rner muy cerrado.<\/p>\n\n\n\n<p>Parec\u00eda que no quedar\u00eda m\u00e1s pero en el 96&#8242; de c\u00f3rner Adrien remataba de cabeza y el portero visitante atajaba en la l\u00ednea de gol. Un reparto de puntos que deja con sabor agridulce a los jugadores de la Grama que ya piensan en ganar fuera de casa por primera vez en la siguiente jornada.<\/p>\n","protected":false},"excerpt":{"rendered":"<p>La Fundaci\u00f3 Esportiva Grama va empatar (0-0) davant de l&#8217;EE Guineueta en un dia marcat pels debuts de dos juvenils. Es va guardar un solemne minut de silenci en mem\u00f2ria de Jos\u00e9 Serrano Criado, vicepresident de la UDA Gramenet a la gloriosa \u00e8poca dels anys 80 i 90. Amb Xavi Andreu, gran periodista i amic [&hellip;]<\/p>\n","protected":false},"author":1,"featured_media":30076,"comment_status":"closed","ping_status":"closed","sticky":false,"template":"","format":"standard","meta":{"footnotes":""},"categories":[5],"tags":[],"class_list":["post-30065","post","type-post","status-publish","format-standard","has-post-thumbnail","hentry","category-primer-equip"],"_links":{"self":[{"href":"http:\/\/fegrama.cat\/web\/wp-json\/wp\/v2\/posts\/30065","targetHints":{"allow":["GET"]}}],"collection":[{"href":"http:\/\/fegrama.cat\/web\/wp-json\/wp\/v2\/posts"}],"about":[{"href":"http:\/\/fegrama.cat\/web\/wp-json\/wp\/v2\/types\/post"}],"author":[{"embeddable":true,"href":"http:\/\/fegrama.cat\/web\/wp-json\/wp\/v2\/users\/1"}],"replies":[{"embeddable":true,"href":"http:\/\/fegrama.cat\/web\/wp-json\/wp\/v2\/comments?post=30065"}],"version-history":[{"count":10,"href":"http:\/\/fegrama.cat\/web\/wp-json\/wp\/v2\/posts\/30065\/revisions"}],"predecessor-version":[{"id":30177,"href":"http:\/\/fegrama.cat\/web\/wp-json\/wp\/v2\/posts\/30065\/revisions\/30177"}],"wp:featuredmedia":[{"embeddable":true,"href":"http:\/\/fegrama.cat\/web\/wp-json\/wp\/v2\/media\/30076"}],"wp:attachment":[{"href":"http:\/\/fegrama.cat\/web\/wp-json\/wp\/v2\/media?parent=30065"}],"wp:term":[{"taxonomy":"category","embeddable":true,"href":"http:\/\/fegrama.cat\/web\/wp-json\/wp\/v2\/categories?post=30065"},{"taxonomy":"post_tag","embeddable":true,"href":"http:\/\/fegrama.cat\/web\/wp-json\/wp\/v2\/tags?post=30065"}],"curies":[{"name":"wp","href":"https:\/\/api.w.org\/{rel}","templated":true}]}}