{"id":3006,"date":"2014-03-28T08:27:44","date_gmt":"2014-03-28T07:27:44","guid":{"rendered":"http:\/\/fegrama.cat\/web\/?p=3006"},"modified":"2014-03-26T19:29:23","modified_gmt":"2014-03-26T18:29:23","slug":"el-senior-femeni-de-la-fegrama-rebra-al-nou-municipal-al-barceloneta","status":"publish","type":"post","link":"http:\/\/fegrama.cat\/web\/el-senior-femeni-de-la-fegrama-rebra-al-nou-municipal-al-barceloneta\/","title":{"rendered":"El S\u00e8nior Femen\u00ed de la FEGrama rebr\u00e0 al Nou Municipal al Barceloneta"},"content":{"rendered":"<p>El S\u00e8nior Femen\u00ed de la FEGrama dirigit per Rub\u00e9n Hern\u00e1ndez voldr\u00e0 pujar de la vuitena posici\u00f3, amb 18 punts despr\u00e8s que a la a la jornada 21 les jugadores de la FEGrama acabaren caient 2-0 a la visita al Municipal d&#8217;Alella.<\/p>\n<p>Malgrat el resultat davant el quart classificat, el conjunt de la Fundaci\u00f3 Grama va lluitar de valent per\u00f2 no va poder ficar-se en el partit amb cap gol que l&#8217;hauria donar empenta per trobar la remuntada.<\/p>\n<p>A la jornada 22, les jugadores de la FEG rebran al Nou Municipal al Barceloneta, primer classificat amb 49 punts, el pr\u00f2xim dissabte 29 de mar\u00e7 des de les 15:30 hores.<\/p>\n<p>[divider]<\/p>\n<p>[button color=\u00bbblue\u00bb size=\u00bbsmall\u00bb link=\u00bbhttp:\/\/www.fcf.cat\/pnfg\/NFG_CmpJornada?cod_primaria=1000120&amp;CodCompeticion=18473330&amp;CodGrupo=18697376&amp;CodTemporada=9&amp;CodJornada=10&#8243; target=\u00bbblank\u00bb ]Resultats[\/button]<\/p>\n<p>[button color=\u00bbblue\u00bb size=\u00bbsmall\u00bb link=\u00bbhttp:\/\/www.fcf.cat\/pnfg\/NPcd\/NFG_VisClasificacion?cod_primaria=1000120&amp;codgrupo=18697376&amp;codcompeticion=18473330&#8243; target=\u00bbblank\u00bb ]Classificaci\u00f3[\/button]<\/p>\n<p>El Senior Femenino de la FEGRAM dirigido por Rub\u00e9n Hern\u00e1ndez querr\u00e1 subir de la octava posici\u00f3n, con 18 puntos despu\u00e9s de que la en la jornada 21 las jugadoras de la FEGRAM acabaron cayendo 2-0 en la visita al Municipal de Alella.<\/p>\n<p>A pesar del resultado ante el cuarto clasificado, el conjunto de la Fundaci\u00f3n Grama luchar duro pero no pudo meterse en el partido con un gol que deber\u00eda dar impulso para encontrar la remontada.<\/p>\n<p>En la jornada 22, las jugadoras de la FEG recibir\u00e1n en el Nou Municipal al Barceloneta, primer clasificado con 49 puntos, el pr\u00f3ximo s\u00e1bado 29 de marzo desde las 15:30 horas.<\/p>\n<p><strong>Visca l&#8217;Esperit Grama!!!<\/strong><\/p>\n","protected":false},"excerpt":{"rendered":"<p>El S\u00e8nior Femen\u00ed de la FEGrama dirigit per Rub\u00e9n Hern\u00e1ndez voldr\u00e0 pujar de la vuitena posici\u00f3, amb 18 punts despr\u00e8s que a la a la jornada 21 les jugadores de la FEGrama acabaren caient 2-0 a la visita al Municipal d&#8217;Alella. Malgrat el resultat davant el quart classificat, el conjunt de la Fundaci\u00f3 Grama va [&hellip;]<\/p>\n","protected":false},"author":1,"featured_media":0,"comment_status":"closed","ping_status":"closed","sticky":false,"template":"","format":"standard","meta":{"footnotes":""},"categories":[4,13],"tags":[],"class_list":["post-3006","post","type-post","status-publish","format-standard","hentry","category-base-inclusiu","category-femeni"],"_links":{"self":[{"href":"http:\/\/fegrama.cat\/web\/wp-json\/wp\/v2\/posts\/3006","targetHints":{"allow":["GET"]}}],"collection":[{"href":"http:\/\/fegrama.cat\/web\/wp-json\/wp\/v2\/posts"}],"about":[{"href":"http:\/\/fegrama.cat\/web\/wp-json\/wp\/v2\/types\/post"}],"author":[{"embeddable":true,"href":"http:\/\/fegrama.cat\/web\/wp-json\/wp\/v2\/users\/1"}],"replies":[{"embeddable":true,"href":"http:\/\/fegrama.cat\/web\/wp-json\/wp\/v2\/comments?post=3006"}],"version-history":[{"count":1,"href":"http:\/\/fegrama.cat\/web\/wp-json\/wp\/v2\/posts\/3006\/revisions"}],"predecessor-version":[{"id":3008,"href":"http:\/\/fegrama.cat\/web\/wp-json\/wp\/v2\/posts\/3006\/revisions\/3008"}],"wp:attachment":[{"href":"http:\/\/fegrama.cat\/web\/wp-json\/wp\/v2\/media?parent=3006"}],"wp:term":[{"taxonomy":"category","embeddable":true,"href":"http:\/\/fegrama.cat\/web\/wp-json\/wp\/v2\/categories?post=3006"},{"taxonomy":"post_tag","embeddable":true,"href":"http:\/\/fegrama.cat\/web\/wp-json\/wp\/v2\/tags?post=3006"}],"curies":[{"name":"wp","href":"https:\/\/api.w.org\/{rel}","templated":true}]}}