{"id":30051,"date":"2022-01-02T17:26:16","date_gmt":"2022-01-02T16:26:16","guid":{"rendered":"http:\/\/fegrama.cat\/web\/?p=30051"},"modified":"2022-01-02T18:41:59","modified_gmt":"2022-01-02T17:41:59","slug":"gran-estrena-dany-3-1","status":"publish","type":"post","link":"http:\/\/fegrama.cat\/web\/gran-estrena-dany-3-1\/","title":{"rendered":"Gran estrena d&#8217;any (3-1)"},"content":{"rendered":"\n<p>La Fundaci\u00f3 Esportiva Grama va tancar la primera volta del campionat amb una vict\u00f2ria, 3-1, molt important que els acosta a 4 punts del play-off d&#8217;ascens. Remuntada i gran vict\u00f2ria contra el FC Asc\u00f3 per comen\u00e7ar l&#8217;any somrient.<\/p>\n\n\n\n<div class=\"wp-block-image\"><figure class=\"aligncenter size-large\"><img loading=\"lazy\" decoding=\"async\" width=\"1024\" height=\"683\" src=\"https:\/\/fegrama.cat\/web\/wp-content\/uploads\/2022\/01\/IMG_1172-1024x683.jpg\" alt=\"\" class=\"wp-image-30058\" srcset=\"http:\/\/fegrama.cat\/web\/wp-content\/uploads\/2022\/01\/IMG_1172-1024x683.jpg 1024w, http:\/\/fegrama.cat\/web\/wp-content\/uploads\/2022\/01\/IMG_1172-300x200.jpg 300w, http:\/\/fegrama.cat\/web\/wp-content\/uploads\/2022\/01\/IMG_1172-768x512.jpg 768w, http:\/\/fegrama.cat\/web\/wp-content\/uploads\/2022\/01\/IMG_1172-1536x1024.jpg 1536w, http:\/\/fegrama.cat\/web\/wp-content\/uploads\/2022\/01\/IMG_1172-2048x1365.jpg 2048w\" sizes=\"auto, (max-width: 1024px) 100vw, 1024px\" \/><figcaption>Els golejadors. | Foto: Laura Hern\u00e1ndez<\/figcaption><\/figure><\/div>\n\n\n\n<p>La Grama va anar de menys a m\u00e9s al partit, acomodant-se a poc a poc al partit i aviat va haver de posar una marxa m\u00e9s. Va entrar b\u00e9 al partit l&#8217;Asc\u00f3 i al minut 7, fruit d&#8217;una bona jugada per banda esquerra, van col\u00b7locar una centrada a l&#8217;\u00e0rea que Sard\u00e1 va empalar a gol (0-1).<\/p>\n\n\n\n<p>Amb el gol encaixat els colomencs van intentar reaccionar, per\u00f2 es trobaven amb un rival s\u00f2lid en defensa, molt ben col\u00b7locats al camp que dificultava els atacs. Amb algun xut lluny\u00e0 i alt ho van provar Roger i Fran. De mica en mica s&#8217;acostava amb m\u00e9s perill la Grama.<\/p>\n\n\n\n<p>Al minut 25 una bona centrada de Peris va ser rematada de cap per Akrong, i la pilota a l&#8217;\u00e0rea sense amo l&#8217;aprofitava Oriol Molins per a de primeres rematar a gol (1-1). Despr\u00e9s de l&#8217;empat la Grama va fregar el segon primer amb una rematada de cap de Molins i una de Roger des de terra.<\/p>\n\n\n\n<p>Finalment el 2-1 seria obra de Fran Hern\u00e1ndez al 32\u2032. Un magistral xut des del seu propi camp, m\u00e9s de 50 metres de dist\u00e0ncia a porteria, clavant un aut\u00e8ntic gol\u00e0s. Possiblement el millor gol del 2022 que acaba de comen\u00e7ar. I dos minuts despr\u00e9s Roger de falta gaireb\u00e9 clavava un altre gol\u00e0s, la m\u00e0 del porter ho evitava.<\/p>\n\n\n\n<div class=\"wp-block-group\"><div class=\"wp-block-group__inner-container is-layout-flow wp-block-group-is-layout-flow\">\n<figure class=\"wp-block-image size-large\"><img loading=\"lazy\" decoding=\"async\" width=\"1024\" height=\"655\" src=\"https:\/\/fegrama.cat\/web\/wp-content\/uploads\/2022\/01\/IMG_1097-1024x655.jpg\" alt=\"\" class=\"wp-image-30059\" srcset=\"http:\/\/fegrama.cat\/web\/wp-content\/uploads\/2022\/01\/IMG_1097-1024x655.jpg 1024w, http:\/\/fegrama.cat\/web\/wp-content\/uploads\/2022\/01\/IMG_1097-300x192.jpg 300w, http:\/\/fegrama.cat\/web\/wp-content\/uploads\/2022\/01\/IMG_1097-768x491.jpg 768w, http:\/\/fegrama.cat\/web\/wp-content\/uploads\/2022\/01\/IMG_1097-1536x982.jpg 1536w, http:\/\/fegrama.cat\/web\/wp-content\/uploads\/2022\/01\/IMG_1097-2048x1310.jpg 2048w\" sizes=\"auto, (max-width: 1024px) 100vw, 1024px\" \/><figcaption>Foto: Laura Hern\u00e1ndez<\/figcaption><\/figure>\n<\/div><\/div>\n\n\n\n<p>D&#8217;aqu\u00ed al descans domini de la Grama que va buscar sense arribar a disparar el gol. Despr\u00e9s del pas per vestidors, l&#8217;Asc\u00f3 va fer una marxa m\u00e9s, pressionant i buscant l&#8217;empat en uns primers 15 minuts de domini visitant. La Grama va saber aguantar i defensar, sense patir, i tornaria a agafar el tim\u00f3 del partit.<\/p>\n\n\n\n<p>Al 59\u2032 Fran va tenir el tercer i el porter evitava el seu segon gol. I dos minuts despr\u00e9s arribava el 3-1. Peris enviava a l&#8217;espai una bona passada a Roger Garc\u00eda que despr\u00e9s d&#8217;internar-se a l&#8217;\u00e0rea servia la pilota a Molins, Oriol va controlar, va fer un pas enrere i amb tota tranquil\u00b7litat va marcar el doblet.<\/p>\n\n\n\n<p>La Grama es va fer encara m\u00e9s dominant del joc, jugant a plaer. Al 72\u2032 arribaria l&#8217;\u00fanica parada de Guiseris despr\u00e9s d&#8217;un xut ras des de fora de l&#8217;\u00e0rea. M\u00e9s tard \u00c1ngel es toparia al 81\u2032 amb el porter en qu\u00e8 va poder ser sens dubte el quart gol. <strong>3-1 final i tres punts m\u00e9s a Santa Coloma, on continua la Grama invicta.<\/strong><\/p>\n\n\n\n<p><strong>Fitxa t\u00e8cnica:<\/strong><\/p>\n\n\n\n<p><strong>FE Grama:<\/strong>&nbsp;Guiseris (P), Rubi, Cabezola, Adrien, Molins, Antonicelli (Escarrabill, 64&#8242;), Montalb\u00e1n (Jos\u00e9 Enrique, 79&#8242;), Fran Hern\u00e1ndez, Peris (\u00c1ngel, 64&#8242;), Roger Garc\u00eda (Recort, 73&#8242;) i Akrong (Alan, 64&#8242;).<\/p>\n\n\n\n<p><strong>FC Asc\u00f3: <\/strong>Verdejo (P), Eric Roda (Rabass\u00f3, 63&#8242;), Nil Coch, Blanc, Sard\u00e1, Meseguer (Espinar, 73&#8242;), Llop (\u00d1o\u00f1o, 45&#8242;), Maxi Rosales, Caliz (Cuenca, 45&#8242;), Gen\u00eds i Gerard Badia (Hamir, 84&#8242;).<\/p>\n\n\n\n<p><strong>Gols: <\/strong>0-1 Sard\u00e1 (7&#8242;), 1-1 Molins (25&#8242;), 2-1 Fran H. (32&#8242;), 3-1 Molins (61&#8242;).<\/p>\n\n\n\n<p><strong>\u00c0rbitre:&nbsp;<\/strong>Jordi Serradelarca (Comit\u00e8 Osona). Va amonestar als visitants \u00d1o\u00f1o, Espinar i Nil Coch.<\/p>\n\n\n\n<p><strong><a href=\"https:\/\/www.fcf.cat\/classificacio\/2022\/futbol-11\/tercera-division-rfef\/grup-v\" target=\"_blank\" rel=\"noreferrer noopener\">CLASSIFICACI\u00d3<\/a><\/strong><\/p>\n\n\n\n<div class=\"wp-block-image\"><figure class=\"aligncenter size-large\"><img loading=\"lazy\" decoding=\"async\" width=\"1024\" height=\"898\" src=\"https:\/\/fegrama.cat\/web\/wp-content\/uploads\/2022\/01\/WhatsApp-Image-2022-01-02-at-17.08.40-1024x898.jpeg\" alt=\"\" class=\"wp-image-30060\" srcset=\"http:\/\/fegrama.cat\/web\/wp-content\/uploads\/2022\/01\/WhatsApp-Image-2022-01-02-at-17.08.40-1024x898.jpeg 1024w, http:\/\/fegrama.cat\/web\/wp-content\/uploads\/2022\/01\/WhatsApp-Image-2022-01-02-at-17.08.40-300x263.jpeg 300w, http:\/\/fegrama.cat\/web\/wp-content\/uploads\/2022\/01\/WhatsApp-Image-2022-01-02-at-17.08.40-768x674.jpeg 768w, http:\/\/fegrama.cat\/web\/wp-content\/uploads\/2022\/01\/WhatsApp-Image-2022-01-02-at-17.08.40-1536x1347.jpeg 1536w, http:\/\/fegrama.cat\/web\/wp-content\/uploads\/2022\/01\/WhatsApp-Image-2022-01-02-at-17.08.40.jpeg 2048w\" sizes=\"auto, (max-width: 1024px) 100vw, 1024px\" \/><figcaption>Foto: Sergi Garc\u00eda (Afici\u00f3 FE Grama)<\/figcaption><\/figure><\/div>\n\n\n\n<p>La Fundaci\u00f3 Esportiva Grama cerr\u00f3 la primera vuelta del campeonato con una victoria, 3-1, muy importante que les acerca a 4 puntos del play-off de ascenso. Remonta y gran victoria ante el FC Asc\u00f3 para empezar el a\u00f1o sonriendo.<\/p>\n\n\n\n<p>La Grama fue de menos a m\u00e1s en el partido, acomod\u00e1ndose poco a poco en el partido y pronto tuvo que poner una marcha m\u00e1s. Entr\u00f3 bien en el partido el Asc\u00f3 y en el minuto 7, fruto de una buena jugada por banda izquierda, colocaron un centro al \u00e1rea que Sard\u00e1 empal\u00f3 a gol (0-1).<\/p>\n\n\n\n<p>Con el gol encajado los colomenses intentaron reaccionar, pero se encontraban con un rival s\u00f3lido en defensa, muy bien colocados en el campo que dificultaba los ataques. Con alg\u00fan chut lejano y alto lo probaron Roger y Fran. Poco a poco se acercaba con m\u00e1s peligro la Grama.<\/p>\n\n\n\n<p>En el minuto 25 un buen centro de Peris fue rematado de cabeza por Akrong, y el bal\u00f3n en el \u00e1rea sin due\u00f1o lo aprovechaba Oriol Molins para de primeras rematar a gol (1-1). Tras el empate la Grama roz\u00f3 el segundo primero con un remate de cabeza de Molins y una de Roger desde el suelo.<\/p>\n\n\n\n<p>Finalmente el 2-1 ser\u00eda obra de Fran Hern\u00e1ndez en el 32&#8242;. Un magistral chut desde su propio campo, m\u00e1s de 50 metros de distancia a porter\u00eda, clavando un aut\u00e9ntico golazo. Posiblemente el mejor gol de este 2022 que acaba de comenzar. Y dos minutos despu\u00e9s Roger de falta casi clavaba otro golazo, la mano del portero lo evitaba.<\/p>\n\n\n\n<p>De aqu\u00ed al descanso dominio de la Grama que busc\u00f3 sin llegar a disparar el gol. Tras el paso por vestuarios el Asc\u00f3 di\u00f3 una marcha m\u00e1s, presionando y buscando el empate en unos primeros 15 minutos de dominio visitante. La Grama supo aguantar y defender, sin sufrir, y volver\u00eda a coger el tim\u00f3n del partido. <\/p>\n\n\n\n<p>En el 59&#8242; Fran tuvo el tercero y el portero evitaba su segundo gol. Y dos minutos despu\u00e9s llegaba el 3-1. Peris enviaba al espacio un buen pase a Roger Garc\u00eda que tras internarse en el \u00e1rea serv\u00eda el bal\u00f3n a Molins, Oriol control\u00f3, dio un paso atr\u00e1s y con total tranquilidad marc\u00f3 su doblete.<\/p>\n\n\n\n<p>La Grama se hizo todav\u00eda m\u00e1s dominante del juego, jugando a placer. En el 72&#8242; llegar\u00eda la \u00fanica parada de Guiseris tras un chut raso desde fuera del \u00e1rea. M\u00e1s tarde \u00c1ngel se topar\u00eda en el 81&#8242; con el portero en la que pudo ser sin duda el cuarto gol. <strong>3-1 final y tres puntos m\u00e1s en Santa Coloma, donde contin\u00faa la Grama invicta.<\/strong><\/p>\n","protected":false},"excerpt":{"rendered":"<p>La Fundaci\u00f3 Esportiva Grama va tancar la primera volta del campionat amb una vict\u00f2ria, 3-1, molt important que els acosta a 4 punts del play-off d&#8217;ascens. Remuntada i gran vict\u00f2ria contra el FC Asc\u00f3 per comen\u00e7ar l&#8217;any somrient. La Grama va anar de menys a m\u00e9s al partit, acomodant-se a poc a poc al partit [&hellip;]<\/p>\n","protected":false},"author":1,"featured_media":0,"comment_status":"closed","ping_status":"closed","sticky":false,"template":"","format":"standard","meta":{"footnotes":""},"categories":[5],"tags":[],"class_list":["post-30051","post","type-post","status-publish","format-standard","hentry","category-primer-equip"],"_links":{"self":[{"href":"http:\/\/fegrama.cat\/web\/wp-json\/wp\/v2\/posts\/30051","targetHints":{"allow":["GET"]}}],"collection":[{"href":"http:\/\/fegrama.cat\/web\/wp-json\/wp\/v2\/posts"}],"about":[{"href":"http:\/\/fegrama.cat\/web\/wp-json\/wp\/v2\/types\/post"}],"author":[{"embeddable":true,"href":"http:\/\/fegrama.cat\/web\/wp-json\/wp\/v2\/users\/1"}],"replies":[{"embeddable":true,"href":"http:\/\/fegrama.cat\/web\/wp-json\/wp\/v2\/comments?post=30051"}],"version-history":[{"count":7,"href":"http:\/\/fegrama.cat\/web\/wp-json\/wp\/v2\/posts\/30051\/revisions"}],"predecessor-version":[{"id":30062,"href":"http:\/\/fegrama.cat\/web\/wp-json\/wp\/v2\/posts\/30051\/revisions\/30062"}],"wp:attachment":[{"href":"http:\/\/fegrama.cat\/web\/wp-json\/wp\/v2\/media?parent=30051"}],"wp:term":[{"taxonomy":"category","embeddable":true,"href":"http:\/\/fegrama.cat\/web\/wp-json\/wp\/v2\/categories?post=30051"},{"taxonomy":"post_tag","embeddable":true,"href":"http:\/\/fegrama.cat\/web\/wp-json\/wp\/v2\/tags?post=30051"}],"curies":[{"name":"wp","href":"https:\/\/api.w.org\/{rel}","templated":true}]}}