{"id":30037,"date":"2021-12-31T09:48:35","date_gmt":"2021-12-31T08:48:35","guid":{"rendered":"http:\/\/fegrama.cat\/web\/?p=30037"},"modified":"2021-12-31T09:48:36","modified_gmt":"2021-12-31T08:48:36","slug":"anuari-2021-del-retorn-del-futbol-al-karate-grama","status":"publish","type":"post","link":"http:\/\/fegrama.cat\/web\/anuari-2021-del-retorn-del-futbol-al-karate-grama\/","title":{"rendered":"Anuari 2021: Del retorn del futbol al karate Grama."},"content":{"rendered":"\n<p>Avui, 31 de desembre de 2021 tanquem l&#8217;any i aprofitem aquestes dates per fer un resum de tot all\u00f2 que ha anat succeint durant aquests mesos de competici\u00f3 i d&#8217;activitat social a la nostra Entitat. A continuaci\u00f3 us presentem l&#8217;Anuari 2021 de la Fundaci\u00f3 Esportiva Grama:<\/p>\n\n\n\n<ul class=\"wp-block-list\"><li>En el pla esportiu, tant el 1r Equip com el Juvenil A van aconseguir la perman\u00e8ncia per continuar lluitant i jugant a Tercera RFEF i a la Lliga Nacional. A m\u00e9s, el Cadet B va aconseguir el campionat de lliga i ascens a Preferent, igual que tamb\u00e9 ho va fer el Benjam\u00ed A. I el Benjam\u00ed E aconseguia l&#8217;ascens a Segona com a millor segon.<\/li><\/ul>\n\n\n\n<ul class=\"wp-block-list\"><li>I en aquest pla esportiu, un dels grans moments de l&#8217;any i molt especials va ser la tornada de les competicions. El 20 i 21 de mar\u00e7 tornava el futbol base a gaudir i jugar despr\u00e9s d&#8217;un any aturat pel coronavirus. I despr\u00e9s, tornaria una part fonamental d&#8217;aquest esport, l&#8217;afici\u00f3 a les grades.<br><\/li><li>A finals de mar\u00e7 es va dur a terme el Campus de Tecnificaci\u00f3. Aquest mateix mes els entrenadors i coordinadors de la Grama van realitzar el Curs de Comunicaci\u00f3 i Gesti\u00f3 de Conflictes.<br><\/li><li>A l&#8217;abril l&#8217;Ajuntament de Santa Coloma, representat per Petry Jim\u00e9nez (Tenella d&#8217;Alcaldessa, \u00e0rea de Ciutadania, Cultura i Esports) i Daniel Salgado (Regidor d&#8217;Esports) van poder veure i con\u00e8ixer de primera m\u00e0 la situaci\u00f3 de la Grama i totes les mesures de seguretat i higiene per lluitar contra el Covid-19.<\/li><\/ul>\n\n\n\n<div class=\"wp-block-image\"><figure class=\"aligncenter size-large is-resized\"><img loading=\"lazy\" decoding=\"async\" src=\"http:\/\/fegrama.cat\/web\/wp-content\/uploads\/2021\/05\/WhatsApp-Image-2021-05-23-at-10.12.04.jpeg\" alt=\"\" class=\"wp-image-28842\" width=\"506\" height=\"338\" srcset=\"http:\/\/fegrama.cat\/web\/wp-content\/uploads\/2021\/05\/WhatsApp-Image-2021-05-23-at-10.12.04.jpeg 1024w, http:\/\/fegrama.cat\/web\/wp-content\/uploads\/2021\/05\/WhatsApp-Image-2021-05-23-at-10.12.04-300x200.jpeg 300w, http:\/\/fegrama.cat\/web\/wp-content\/uploads\/2021\/05\/WhatsApp-Image-2021-05-23-at-10.12.04-768x512.jpeg 768w\" sizes=\"auto, (max-width: 506px) 100vw, 506px\" \/><\/figure><\/div>\n\n\n\n<ul class=\"wp-block-list\"><li>A finals de maig la Fundaci\u00f3 Esportiva Grama es va manifestar per la manca del servei de maternitat a l&#8217;hospital de l&#8217;Esperit Sant. Col\u00b7locant una pancarta enorme a la tribuna de l&#8217;estadi, que es podia llegir des del pont del Potos\u00ed, on posava en catal\u00e0: \u00abNo al tancament de la maternitat de l&#8217;Hospital Esperit Sant\u00bb.<br><\/li><li>El 19 de juny la Grama va organitzar un Torneig de Futbol Inclusiu, dia hist\u00f2ric per a l&#8217;entitat aix\u00ed com pel futbol inclusiu catal\u00e0. Van participar-hi: CE Sabadell, PB Special Bar\u00e7a, Terrassa FC Femen\u00ed de Futsal i la FE Grama, com a equip amfitri\u00f3.<\/li><\/ul>\n\n\n\n<div class=\"wp-block-image\"><figure class=\"aligncenter size-large\"><img loading=\"lazy\" decoding=\"async\" width=\"1024\" height=\"683\" src=\"http:\/\/fegrama.cat\/web\/wp-content\/uploads\/2021\/06\/IMG_7220-1024x683.jpg\" alt=\"\" class=\"wp-image-29027\" srcset=\"http:\/\/fegrama.cat\/web\/wp-content\/uploads\/2021\/06\/IMG_7220-1024x683.jpg 1024w, http:\/\/fegrama.cat\/web\/wp-content\/uploads\/2021\/06\/IMG_7220-300x200.jpg 300w, http:\/\/fegrama.cat\/web\/wp-content\/uploads\/2021\/06\/IMG_7220-768x512.jpg 768w, http:\/\/fegrama.cat\/web\/wp-content\/uploads\/2021\/06\/IMG_7220-1536x1024.jpg 1536w, http:\/\/fegrama.cat\/web\/wp-content\/uploads\/2021\/06\/IMG_7220-2048x1365.jpg 2048w\" sizes=\"auto, (max-width: 1024px) 100vw, 1024px\" \/><\/figure><\/div>\n\n\n\n<ul class=\"wp-block-list\"><li>Del 28 de juny al 30 de juliol es va estrenar el Campus d&#8217;Estiu amb futbol, \u200b\u200bangl\u00e8s i karate. I el 27 de juliol la Fundaci\u00f3 Esportiva Grama va rebre de mans de Ricard Vicente, director del programa Marcador Catalunya, el guard\u00f3 d&#8217;Equip M\u00e9s Esportiu de la temporada 2020\/21.<br><\/li><li>A l&#8217;agost torn\u00e0vem a veure a la gespa del Nou Municipal la secci\u00f3 femenina. El retorn amb Ferr\u00e1n Vila com a coordinador i tres equips (dos juvenils i un cadet).<br><\/li><li>L&#8217;11 de Setembre la FE Grama va estar present a la tradicional ofrena floral a la Pla\u00e7a de la Vila per commemorar la Diada Nacional de Catalunya.<\/li><\/ul>\n\n\n\n<div class=\"wp-block-image\"><figure class=\"aligncenter size-large\"><img loading=\"lazy\" decoding=\"async\" width=\"1024\" height=\"683\" src=\"http:\/\/fegrama.cat\/web\/wp-content\/uploads\/2021\/12\/IMG_2948-1024x683.jpg\" alt=\"\" class=\"wp-image-30048\" srcset=\"http:\/\/fegrama.cat\/web\/wp-content\/uploads\/2021\/12\/IMG_2948-1024x683.jpg 1024w, http:\/\/fegrama.cat\/web\/wp-content\/uploads\/2021\/12\/IMG_2948-300x200.jpg 300w, http:\/\/fegrama.cat\/web\/wp-content\/uploads\/2021\/12\/IMG_2948-768x512.jpg 768w, http:\/\/fegrama.cat\/web\/wp-content\/uploads\/2021\/12\/IMG_2948-1536x1024.jpg 1536w, http:\/\/fegrama.cat\/web\/wp-content\/uploads\/2021\/12\/IMG_2948-2048x1365.jpg 2048w\" sizes=\"auto, (max-width: 1024px) 100vw, 1024px\" \/><\/figure><\/div>\n\n\n\n<ul class=\"wp-block-list\"><li>A l&#8217;octubre el karateca Lee Redondo es va incorporar a la Grama per poc a poc integrar a la Grama el seu projecte solidari i social de karate kyokushin. Aix\u00ed va n\u00e9ixer la secci\u00f3 karateca gramanetista. Classes i xerrades al primer equip, Karate Inclusiu per als nois del futbol inclusiu de la Grama i recentment projecte al costat de \u2018Cane Corso XMan\u2019 perqu\u00e8 els nois del karate socialitzin amb els animals i tinguin nocions d&#8217;ensinistrament.<br><\/li><li>La tarda del dilluns 22 de novembre la Fundaci\u00f3 Esportiva Grama va rebre la visita d&#8217;Anna Caula i Paretas, Secretaria General de l&#8217;Esport i de l&#8217;Activitat F\u00edsica.<\/li><\/ul>\n\n\n\n<div class=\"wp-block-image\"><figure class=\"aligncenter size-large\"><img loading=\"lazy\" decoding=\"async\" width=\"1024\" height=\"683\" src=\"http:\/\/fegrama.cat\/web\/wp-content\/uploads\/2021\/11\/visita-anna-caula-1024x683.jpeg\" alt=\"\" class=\"wp-image-29828\" srcset=\"http:\/\/fegrama.cat\/web\/wp-content\/uploads\/2021\/11\/visita-anna-caula-1024x683.jpeg 1024w, http:\/\/fegrama.cat\/web\/wp-content\/uploads\/2021\/11\/visita-anna-caula-300x200.jpeg 300w, http:\/\/fegrama.cat\/web\/wp-content\/uploads\/2021\/11\/visita-anna-caula-768x512.jpeg 768w, http:\/\/fegrama.cat\/web\/wp-content\/uploads\/2021\/11\/visita-anna-caula-1536x1024.jpeg 1536w, http:\/\/fegrama.cat\/web\/wp-content\/uploads\/2021\/11\/visita-anna-caula.jpeg 1600w\" sizes=\"auto, (max-width: 1024px) 100vw, 1024px\" \/><\/figure><\/div>\n\n\n\n<ul class=\"wp-block-list\"><li>La Grama va col\u00b7laborar a la cursa infantil adaptada La Nadalenca de Santa Coloma (12 de desembre). Hi van participar nens i nenes de fins a 16 anys amb diferents discapacitats.<br><\/li><li>El 22 de desembre la Grama va fer un lliurament de lots de menjar a fam\u00edlies amb dificultats econ\u00f2miques. Mostrant la seva cara m\u00e9s solid\u00e0ria i aquesta vegada amb Cane Corso XMan i Xocolates Bul\u00f3.<br><\/li><li>L&#8217;any s&#8217;ha tancat amb la visita del Pare Noel als m\u00e9s petits i  amb el Campus de Nadal.<\/li><\/ul>\n\n\n\n<p>Fins aqu\u00ed tot el que ha passat el 2021, moments que no serien igual si no els compartim amb vosaltres. La for\u00e7a d&#8217;aquesta Entitat en s\u00f3n els valors i la idea de formaci\u00f3 i integraci\u00f3 cap als m\u00e9s joves.<\/p>\n\n\n\n<p class=\"has-text-align-center\"><strong>Gr\u00e0cies per aquest any meravell\u00f3s i molta felicitat per al 2022.<\/strong><\/p>\n\n\n\n<div class=\"wp-block-image\"><figure class=\"aligncenter size-large\"><img loading=\"lazy\" decoding=\"async\" width=\"1024\" height=\"768\" src=\"http:\/\/fegrama.cat\/web\/wp-content\/uploads\/2021\/12\/IMG-20211222-WA0011-1024x768.jpg\" alt=\"\" class=\"wp-image-30031\" srcset=\"http:\/\/fegrama.cat\/web\/wp-content\/uploads\/2021\/12\/IMG-20211222-WA0011-1024x768.jpg 1024w, http:\/\/fegrama.cat\/web\/wp-content\/uploads\/2021\/12\/IMG-20211222-WA0011-300x225.jpg 300w, http:\/\/fegrama.cat\/web\/wp-content\/uploads\/2021\/12\/IMG-20211222-WA0011-768x576.jpg 768w, http:\/\/fegrama.cat\/web\/wp-content\/uploads\/2021\/12\/IMG-20211222-WA0011-1536x1152.jpg 1536w, http:\/\/fegrama.cat\/web\/wp-content\/uploads\/2021\/12\/IMG-20211222-WA0011.jpg 2048w\" sizes=\"auto, (max-width: 1024px) 100vw, 1024px\" \/><\/figure><\/div>\n\n\n\n<p>Hoy, 31 de diciembre de 2021 cerramos el a\u00f1o y aprovechamos estas fechas para hacer un resumen de todo lo que ha ido sucediendo durante estos meses de competici\u00f3n y de actividad social en nuestra Entidad. A continuaci\u00f3n os presentamos el Anuario 2021 de la Fundaci\u00f3 Esportiva Grama:<\/p>\n\n\n\n<ul class=\"wp-block-list\"><li>En el plano deportivo, tanto el 1r Equipo como el Juvenil A consiguieron la permanencia para continuar luchando y jugando en Tercera RFEF y en Liga Nacional. Adem\u00e1s, el Cadete B logr\u00f3 el campeonato de liga y ascenso a Preferente, igual que tambi\u00e9n lo hizo el Benjam\u00edn A. Y el Benjam\u00edn E consegu\u00eda el ascenso a Segunda como mejor segundo.<\/li><\/ul>\n\n\n\n<ul class=\"wp-block-list\"><li>Y en ese plano deportivo, uno de los grandes momentos del a\u00f1o y muy especiales fue la vuelta de las competiciones. El 20 y 21 de marzo volv\u00eda el f\u00fatbol base a disfrutar y jugar tras un a\u00f1o parado por el coronavirus. Y m\u00e1s tarde volver\u00eda una parte fundamental de este deporte, la afici\u00f3n a las gradas.<\/li><\/ul>\n\n\n\n<ul class=\"wp-block-list\"><li>A finales de marzo se llevo a cabo el Campus de Tecnificaci\u00f3n. Ese mismo mes los entrenadores y coordinadores de la Grama realizaron el Curso de Comunicaci\u00f3n y Gesti\u00f3n de Conflictos.<\/li><\/ul>\n\n\n\n<ul class=\"wp-block-list\"><li>En abril el Ayuntamiento de Santa Coloma, representado por&nbsp;Petry&nbsp;Jim\u00e9nez (Tenienta de Alcaldesa, \u00e1rea de Ciudadan\u00eda, Cultura y Deportes) y Daniel Salgado (Concejal de Deportes) pudieron ver y conocer de primera mano la situaci\u00f3n de la Grama y todas las medidas de seguridad e higiene para luchar contra el Covid-19.<\/li><\/ul>\n\n\n\n<div class=\"wp-block-image\"><figure class=\"aligncenter\"><img decoding=\"async\" src=\"http:\/\/fegrama.cat\/web\/wp-content\/uploads\/2021\/05\/WhatsApp-Image-2021-05-23-at-10.12.04.jpeg\" alt=\"La imagen tiene un atributo ALT vac\u00edo; su nombre de archivo es WhatsApp-Image-2021-05-23-at-10.12.04.jpeg\"\/><\/figure><\/div>\n\n\n\n<ul class=\"wp-block-list\"><li>A finales de mayo la Fundaci\u00f3 Esportiva Grama se manifest\u00f3 por la falta del servicio de maternidad en el hospital del Esp\u00edritu Santo. Colocando una pancarta enorme en la tribuna del estadio, que se pod\u00eda leer desde el puente del Potos\u00ed, en la que pon\u00eda en catal\u00e1n: \u00abNo al cierre de la maternidad del Hospital Esp\u00edritu Santo\u00bb.<\/li><\/ul>\n\n\n\n<ul class=\"wp-block-list\"><li>El 19 de junio la Grama realiz\u00f3 un Torneo de F\u00fatbol Inclusivo, d\u00eda hist\u00f3rico para la entidad as\u00ed como para el f\u00fatbol inclusivo catal\u00e1n. Participaron:&nbsp;CE Sabadell, PB Special Bar\u00e7a, Terrassa FC Femenino de Futsal&nbsp;y la&nbsp;FE Grama, como equipo anfitri\u00f3n.<\/li><\/ul>\n\n\n\n<div class=\"wp-block-image\"><figure class=\"aligncenter\"><img decoding=\"async\" src=\"http:\/\/fegrama.cat\/web\/wp-content\/uploads\/2021\/06\/IMG_7220-1024x683.jpg\" alt=\"La imagen tiene un atributo ALT vac\u00edo; su nombre de archivo es IMG_7220-1024x683.jpg\"\/><\/figure><\/div>\n\n\n\n<ul class=\"wp-block-list\"><li>Del 28 junio al 30 julio se estren\u00f3 el Campus de Verano con f\u00fatbol, ingl\u00e9s y karate.<\/li><\/ul>\n\n\n\n<ul class=\"wp-block-list\"><li>El 27 de julio la Fundaci\u00f3 Esportiva Grama recibi\u00f3 de manos de Ricard Vicente, director del programa \u2018Marcador Catalunya\u2019, el galard\u00f3n de&nbsp;Equipo M\u00e1s Deportivo&nbsp;de la temporada 2020\/21.<\/li><\/ul>\n\n\n\n<ul class=\"wp-block-list\"><li>En agosto volv\u00edamos a ver en el c\u00e9sped del Nou Municipal la secci\u00f3n femenina. El regreso con Ferr\u00e1n Vila como coordinador y tres equipos (dos juveniles y un cadete).<\/li><\/ul>\n\n\n\n<ul class=\"wp-block-list\"><li>El 11 de Septiembre la FE Grama estuvo presente en la tradicional ofrenda floral en la Pla\u00e7a de la Vila para conmemorar la Diada Nacional de Catalunya. <\/li><\/ul>\n\n\n\n<div class=\"wp-block-image\"><figure class=\"aligncenter\"><img decoding=\"async\" src=\"http:\/\/fegrama.cat\/web\/wp-content\/uploads\/2021\/12\/IMG_2948-1024x683.jpg\" alt=\"La imagen tiene un atributo ALT vac\u00edo; su nombre de archivo es IMG_2948-1024x683.jpg\"\/><\/figure><\/div>\n\n\n\n<ul class=\"wp-block-list\"><li>En octubre el karateca Lee Redondo se incorpor\u00f3 a la Grama para poco a poco integrar a la Grama su proyecto solidario y social de karate kyokushin. As\u00ed naci\u00f3 la secci\u00f3n karateca gramanetista. Clases y charlas al primer equipo, Karate Inclusivo para los chicos del f\u00fatbol inclusivo de la Grama y recientemente proyecto junto a &#8216;Cane Corso XMan&#8217; para que los chicos del karate socialicen con los animales y tengan nociones de adiestramiento.<\/li><\/ul>\n\n\n\n<ul class=\"wp-block-list\"><li>En la tarde del lunes 22 de noviembre la Fundaci\u00f3 Esportiva Grama recibi\u00f3 la visita de&nbsp;Anna Caula i Paretas, Secret\u00e0ria General&nbsp;de l\u2019Esport&nbsp;i de l\u2019Activitat F\u00edsica.&nbsp;<\/li><\/ul>\n\n\n\n<div class=\"wp-block-image\"><figure class=\"aligncenter\"><img decoding=\"async\" src=\"http:\/\/fegrama.cat\/web\/wp-content\/uploads\/2021\/11\/visita-anna-caula-1024x683.jpeg\" alt=\"La imagen tiene un atributo ALT vac\u00edo; su nombre de archivo es visita-anna-caula-1024x683.jpeg\"\/><\/figure><\/div>\n\n\n\n<ul class=\"wp-block-list\"><li>La Grama colabor\u00f3 en la cursa infantil adaptada La Nadalenca de Santa Coloma. En la que participaron ni\u00f1os y ni\u00f1as de hasta 16 a\u00f1os con diferentes discapacidades.  <\/li><\/ul>\n\n\n\n<ul class=\"wp-block-list\"><li>El 22 de diciembre la Grama realiz\u00f3 una entrega de lotes de comida a familias con dificultades econ\u00f3micas. Mostrando su cara m\u00e1s solidaria y esta vez junto a Cane Corso XMan y Chocolates Bul\u00f3. <\/li><\/ul>\n\n\n\n<ul class=\"wp-block-list\"><li>El a\u00f1o se ha cerrado con la visita de Papa No\u00e9l a los m\u00e1s peque\u00f1os y con el Campus de Navidad.<\/li><\/ul>\n\n\n\n<p>Hasta aqu\u00ed todo lo que ha sucedido en 2021, momentos que no ser\u00edan igual si no los compartimos con vosotros. La fuerza de esta Entidad son sus valores y la idea de formaci\u00f3n e integraci\u00f3n hacia los m\u00e1s j\u00f3venes. <\/p>\n\n\n\n<p class=\"has-text-align-center\"><strong>Gracias por este a\u00f1o maravilloso y mucha felicidad para 2022.<\/strong><\/p>\n","protected":false},"excerpt":{"rendered":"<p>Avui, 31 de desembre de 2021 tanquem l&#8217;any i aprofitem aquestes dates per fer un resum de tot all\u00f2 que ha anat succeint durant aquests mesos de competici\u00f3 i d&#8217;activitat social a la nostra Entitat. A continuaci\u00f3 us presentem l&#8217;Anuari 2021 de la Fundaci\u00f3 Esportiva Grama: En el pla esportiu, tant el 1r Equip com [&hellip;]<\/p>\n","protected":false},"author":1,"featured_media":29601,"comment_status":"closed","ping_status":"closed","sticky":false,"template":"","format":"standard","meta":{"footnotes":""},"categories":[14,15],"tags":[],"class_list":["post-30037","post","type-post","status-publish","format-standard","has-post-thumbnail","hentry","category-noticies","category-noticies-destacades"],"_links":{"self":[{"href":"http:\/\/fegrama.cat\/web\/wp-json\/wp\/v2\/posts\/30037","targetHints":{"allow":["GET"]}}],"collection":[{"href":"http:\/\/fegrama.cat\/web\/wp-json\/wp\/v2\/posts"}],"about":[{"href":"http:\/\/fegrama.cat\/web\/wp-json\/wp\/v2\/types\/post"}],"author":[{"embeddable":true,"href":"http:\/\/fegrama.cat\/web\/wp-json\/wp\/v2\/users\/1"}],"replies":[{"embeddable":true,"href":"http:\/\/fegrama.cat\/web\/wp-json\/wp\/v2\/comments?post=30037"}],"version-history":[{"count":8,"href":"http:\/\/fegrama.cat\/web\/wp-json\/wp\/v2\/posts\/30037\/revisions"}],"predecessor-version":[{"id":30050,"href":"http:\/\/fegrama.cat\/web\/wp-json\/wp\/v2\/posts\/30037\/revisions\/30050"}],"wp:featuredmedia":[{"embeddable":true,"href":"http:\/\/fegrama.cat\/web\/wp-json\/wp\/v2\/media\/29601"}],"wp:attachment":[{"href":"http:\/\/fegrama.cat\/web\/wp-json\/wp\/v2\/media?parent=30037"}],"wp:term":[{"taxonomy":"category","embeddable":true,"href":"http:\/\/fegrama.cat\/web\/wp-json\/wp\/v2\/categories?post=30037"},{"taxonomy":"post_tag","embeddable":true,"href":"http:\/\/fegrama.cat\/web\/wp-json\/wp\/v2\/tags?post=30037"}],"curies":[{"name":"wp","href":"https:\/\/api.w.org\/{rel}","templated":true}]}}