{"id":30011,"date":"2021-12-20T13:43:02","date_gmt":"2021-12-20T12:43:02","guid":{"rendered":"http:\/\/fegrama.cat\/web\/?p=30011"},"modified":"2021-12-20T13:43:03","modified_gmt":"2021-12-20T12:43:03","slug":"els-nois-del-juvenil-b-guanyen-el-martinenc","status":"publish","type":"post","link":"http:\/\/fegrama.cat\/web\/els-nois-del-juvenil-b-guanyen-el-martinenc\/","title":{"rendered":"Els nois del Juvenil \u00abB\u00bb guanyen el Martinenc."},"content":{"rendered":"\n<p><strong>Juvenil \u00abB\u00bb 1 &#8211; Martinenc 0<\/strong><\/p>\n\n\n\n<p>Els nois del Juvenil \u00abB\u00bb van jugar un partit no gaire bo, ja que al transcurs de la primera part els nostres no van ser protagonistes, i a m\u00e9s a m\u00e9s es va fer una mica llarg. Tot i que els de la Grama van encertar al marcador ja quasi acabant aquesta primera part. Despr\u00e9s de la mitja part l&#8217;equip va\u00a0donar\u00a0una millor impressi\u00f3, malgrat que toca encarar el 2022 amb molta m\u00e9s for\u00e7a.<\/p>\n\n\n\n<p><\/p>\n\n\n\n<hr class=\"wp-block-separator\"\/>\n\n\n\n<p><\/p>\n\n\n\n<p><strong>Juvenil \u00abB\u00bb 1 &#8211;\u00a0Martinenc\u00a00<\/strong><br>Los chicos del Juvenil \u00abB\u00bb esta semana pasada jugaron un partido no muy bueno, puesto que al transcurso de la primera parte los nuestros no fueron protagonistas, y adem\u00e1s se hizo un poco largo. A pesar de eso, los de la\u00a0Grama\u00a0acertaron al marcador ya casi acabando esta primera parte. Despu\u00e9s de la media parte el equipo dio una mejor impresi\u00f3n pero toca toca encarar el 2022 con mucha m\u00e1s bastante.<\/p>\n","protected":false},"excerpt":{"rendered":"<p>Juvenil \u00abB\u00bb 1 &#8211; Martinenc 0 Els nois del Juvenil \u00abB\u00bb van jugar un partit no gaire bo, ja que al transcurs de la primera part els nostres no van ser protagonistes, i a m\u00e9s a m\u00e9s es va fer una mica llarg. Tot i que els de la Grama van encertar al marcador ja [&hellip;]<\/p>\n","protected":false},"author":1,"featured_media":29820,"comment_status":"closed","ping_status":"closed","sticky":false,"template":"","format":"standard","meta":{"footnotes":""},"categories":[4,6],"tags":[],"class_list":["post-30011","post","type-post","status-publish","format-standard","has-post-thumbnail","hentry","category-base-inclusiu","category-juvenils"],"_links":{"self":[{"href":"http:\/\/fegrama.cat\/web\/wp-json\/wp\/v2\/posts\/30011","targetHints":{"allow":["GET"]}}],"collection":[{"href":"http:\/\/fegrama.cat\/web\/wp-json\/wp\/v2\/posts"}],"about":[{"href":"http:\/\/fegrama.cat\/web\/wp-json\/wp\/v2\/types\/post"}],"author":[{"embeddable":true,"href":"http:\/\/fegrama.cat\/web\/wp-json\/wp\/v2\/users\/1"}],"replies":[{"embeddable":true,"href":"http:\/\/fegrama.cat\/web\/wp-json\/wp\/v2\/comments?post=30011"}],"version-history":[{"count":1,"href":"http:\/\/fegrama.cat\/web\/wp-json\/wp\/v2\/posts\/30011\/revisions"}],"predecessor-version":[{"id":30012,"href":"http:\/\/fegrama.cat\/web\/wp-json\/wp\/v2\/posts\/30011\/revisions\/30012"}],"wp:featuredmedia":[{"embeddable":true,"href":"http:\/\/fegrama.cat\/web\/wp-json\/wp\/v2\/media\/29820"}],"wp:attachment":[{"href":"http:\/\/fegrama.cat\/web\/wp-json\/wp\/v2\/media?parent=30011"}],"wp:term":[{"taxonomy":"category","embeddable":true,"href":"http:\/\/fegrama.cat\/web\/wp-json\/wp\/v2\/categories?post=30011"},{"taxonomy":"post_tag","embeddable":true,"href":"http:\/\/fegrama.cat\/web\/wp-json\/wp\/v2\/tags?post=30011"}],"curies":[{"name":"wp","href":"https:\/\/api.w.org\/{rel}","templated":true}]}}