{"id":30009,"date":"2021-12-20T10:24:41","date_gmt":"2021-12-20T09:24:41","guid":{"rendered":"http:\/\/fegrama.cat\/web\/?p=30009"},"modified":"2021-12-20T10:24:42","modified_gmt":"2021-12-20T09:24:42","slug":"victoria-epica-amb-8-jugadors-dels-veterans-1-3","status":"publish","type":"post","link":"http:\/\/fegrama.cat\/web\/victoria-epica-amb-8-jugadors-dels-veterans-1-3\/","title":{"rendered":"Vict\u00f2ria \u00e8pica amb 8 jugadors dels Veterans (1-3)"},"content":{"rendered":"\n<p>La gran cantidad de lesiones hac\u00eda que los Veteranos de la Fundaci\u00f3 Esportiva Grama llegar\u00e1n al partido de Cervell\u00f3 con solo 11 jugadores disponibles pero el equipo plante\u00f3 el partido a jugar a lo que mejor hace y es tener el dominio del bal\u00f3n y marcar el ritmo del partido. <\/p>\n\n\n\n<p>Los jugadores de la Grama impusieron un ritmo de juego lento pero siempre buscando crear peligro en la porter\u00eda contraria y a los 20 minutos y gracias a una falta al borde del \u00e1rea la Grama se pon\u00eda por delante, esta ventaja daba tranquilidad al equipo que sin cambios decidi\u00f3 tener el bal\u00f3n todo lo posible y hacer correr al contrario y en otra gran jugada marcaban el 0-2 lo que desquicio a los jugadores del Cervell\u00f3 que comenzaron a realizar entradas muy duras que el \u00e1rbitro no castigaba con tarjetas y que finalmente tras una entrada en la que el jugador del Cervell\u00f3 agrede a uno de los delanteros de la Grama este se encara para recriminar la agresi\u00f3n y el \u00e1rbitro lo soluciona con una roja para cada uno, se castiga de la misma manera el agredir al contrario que el encararte a \u00e9l para pedirle explicaciones.<\/p>\n\n\n\n<p>El partido se complicaba m\u00e1s a\u00fan, quedaban unos 60 minutos con diez jugadores y sin cambios, pero los Veteranos de la Grama siguieron a los suyo dando un ba\u00f1o de juego al contrario que no ve\u00eda el bal\u00f3n y no creaba peligro en la porter\u00eda de la Grama y con el 0-2 se llego al descanso.<\/p>\n\n\n\n<p>La segunda parte fue a\u00fan mejor para los jugadores de la Grama, a\u00fan con las complicaciones que surgieron. Los jugadores de la Fundaci\u00f3 mov\u00edan el bal\u00f3n mientras los jugadores del Cervell\u00f3 solo pod\u00edan defender ya que cuando recuperaban el bal\u00f3n no creaban peligro y las pocas veces que se acercaban al \u00e1rea de la Grama la defensa controlaba bien sus ataques.<\/p>\n\n\n\n<p>Los Veteranos de la Grama buscaron el gol de la tranquilidad y en otra falta al borde del \u00e1rea volvieron a marcar el 0-3, pero a\u00fan quedaba media hora y el partido no hab\u00eda acabado y se complic\u00f3 de nuevo, una nueva lesi\u00f3n dejaba a los colomenses con 9 jugadores para afrontar los \u00faltimos 25 minutos, pero el juego no cambio y con el dominio del bal\u00f3n se contrarrest\u00f3 ser un jugador menos, as\u00ed se llego a los \u00faltimos minutos donde el colegiado pito un penalti inexistente y en las protestas expuls\u00f3 un jugador de la Grama, los \u00faltimos minutos se afrontaron con solo 8 jugadores pero en el que el rival apenas creo peligro.<\/p>\n\n\n\n<p>Gran victoria de los Veteranos y tres puntos que les permiten subir algunos puestos y acercarse a la zona alta de la clasificaci\u00f3n.<\/p>\n","protected":false},"excerpt":{"rendered":"<p>La gran cantidad de lesiones hac\u00eda que los Veteranos de la Fundaci\u00f3 Esportiva Grama llegar\u00e1n al partido de Cervell\u00f3 con solo 11 jugadores disponibles pero el equipo plante\u00f3 el partido a jugar a lo que mejor hace y es tener el dominio del bal\u00f3n y marcar el ritmo del partido. Los jugadores de la Grama [&hellip;]<\/p>\n","protected":false},"author":1,"featured_media":0,"comment_status":"closed","ping_status":"closed","sticky":false,"template":"","format":"standard","meta":{"footnotes":""},"categories":[4,751],"tags":[],"class_list":["post-30009","post","type-post","status-publish","format-standard","hentry","category-base-inclusiu","category-veterans"],"_links":{"self":[{"href":"http:\/\/fegrama.cat\/web\/wp-json\/wp\/v2\/posts\/30009","targetHints":{"allow":["GET"]}}],"collection":[{"href":"http:\/\/fegrama.cat\/web\/wp-json\/wp\/v2\/posts"}],"about":[{"href":"http:\/\/fegrama.cat\/web\/wp-json\/wp\/v2\/types\/post"}],"author":[{"embeddable":true,"href":"http:\/\/fegrama.cat\/web\/wp-json\/wp\/v2\/users\/1"}],"replies":[{"embeddable":true,"href":"http:\/\/fegrama.cat\/web\/wp-json\/wp\/v2\/comments?post=30009"}],"version-history":[{"count":1,"href":"http:\/\/fegrama.cat\/web\/wp-json\/wp\/v2\/posts\/30009\/revisions"}],"predecessor-version":[{"id":30010,"href":"http:\/\/fegrama.cat\/web\/wp-json\/wp\/v2\/posts\/30009\/revisions\/30010"}],"wp:attachment":[{"href":"http:\/\/fegrama.cat\/web\/wp-json\/wp\/v2\/media?parent=30009"}],"wp:term":[{"taxonomy":"category","embeddable":true,"href":"http:\/\/fegrama.cat\/web\/wp-json\/wp\/v2\/categories?post=30009"},{"taxonomy":"post_tag","embeddable":true,"href":"http:\/\/fegrama.cat\/web\/wp-json\/wp\/v2\/tags?post=30009"}],"curies":[{"name":"wp","href":"https:\/\/api.w.org\/{rel}","templated":true}]}}