{"id":30003,"date":"2021-12-20T08:33:05","date_gmt":"2021-12-20T07:33:05","guid":{"rendered":"http:\/\/fegrama.cat\/web\/?p=30003"},"modified":"2021-12-20T08:33:06","modified_gmt":"2021-12-20T07:33:06","slug":"el-juvenil-a-acomiada-2021-en-llocs-dascens-a-divisio-dhonor","status":"publish","type":"post","link":"http:\/\/fegrama.cat\/web\/el-juvenil-a-acomiada-2021-en-llocs-dascens-a-divisio-dhonor\/","title":{"rendered":"El Juvenil A acomiada 2021 en llocs d&#8217;ascens a Divisi\u00f3 d&#8217;Honor"},"content":{"rendered":"\n<p>El Juvenil A de la Grama no pot acomiadar el 2021 amb vict\u00f2ria i cau derrotat pel Badalona (1-2).<\/p>\n\n\n\n<p>Aviat es posava de cara el partit per als colomencs, que al minut 3 i despr\u00e9s d&#8217;un servei de falta ben executat per Mario, el central Miki amb un cop de cap posava l&#8217;1-0. S&#8217;intentava estirar el Badalona per buscar l&#8217;empat davant d&#8217;una Fundaci\u00f3 ben plantada que aprofitava les fallades visitants a la circulaci\u00f3 de pilota per transitar.<\/p>\n\n\n\n<div class=\"wp-block-image\"><figure class=\"aligncenter size-large\"><img loading=\"lazy\" decoding=\"async\" width=\"1024\" height=\"682\" src=\"http:\/\/fegrama.cat\/web\/wp-content\/uploads\/2021\/12\/IMG-20211219-WA0005-1024x682.jpg\" alt=\"\" class=\"wp-image-30006\" srcset=\"http:\/\/fegrama.cat\/web\/wp-content\/uploads\/2021\/12\/IMG-20211219-WA0005-1024x682.jpg 1024w, http:\/\/fegrama.cat\/web\/wp-content\/uploads\/2021\/12\/IMG-20211219-WA0005-300x200.jpg 300w, http:\/\/fegrama.cat\/web\/wp-content\/uploads\/2021\/12\/IMG-20211219-WA0005-768x512.jpg 768w, http:\/\/fegrama.cat\/web\/wp-content\/uploads\/2021\/12\/IMG-20211219-WA0005-1536x1023.jpg 1536w, http:\/\/fegrama.cat\/web\/wp-content\/uploads\/2021\/12\/IMG-20211219-WA0005.jpg 1600w\" sizes=\"auto, (max-width: 1024px) 100vw, 1024px\" \/><\/figure><\/div>\n\n\n\n<p>A punt de fer Oliver el 2-0 en un xut que surt fregant el pal. I quan semblava que s&#8217;arribaria al descans amb l&#8217;1-0, en una contra dels visitants, l&#8217;extrem Marc Velasco posava les taules al marcador. 1-1 i a vestidors.<\/p>\n\n\n\n<p>A la represa, segona part descafe\u00efnada, gaireb\u00e9 sense ocasions per a cap dels dos equips, on el Badalona va tenir m\u00e9s la pilota i els de Santa Coloma no van acabar de ser l&#8217;equip que s\u00f3n habitualment.<\/p>\n\n\n\n<p>Al minut 85 i despr\u00e9s d&#8217;un error defensiu a la sortida d&#8217;un c\u00f3rner, els visitants es posaven al davant. Ho intentaven els blaus que van tenir una ocasi\u00f3 per empatar en un xut d&#8217;\u00cdker Merino que surt fora.<\/p>\n\n\n\n<p>Final a Can Peixauet i derrota dels de Manu Pel\u00e1ez, que malgrat caure derrotats marxaran de vacances nadalenques en llocs d&#8217;ascens a Divisi\u00f3 d&#8217;Honor (4t lloc).<\/p>\n\n\n\n<div class=\"wp-block-image\"><figure class=\"aligncenter size-large\"><img loading=\"lazy\" decoding=\"async\" width=\"1024\" height=\"682\" src=\"http:\/\/fegrama.cat\/web\/wp-content\/uploads\/2021\/12\/IMG-20211219-WA0011-1024x682.jpg\" alt=\"\" class=\"wp-image-30005\" srcset=\"http:\/\/fegrama.cat\/web\/wp-content\/uploads\/2021\/12\/IMG-20211219-WA0011-1024x682.jpg 1024w, http:\/\/fegrama.cat\/web\/wp-content\/uploads\/2021\/12\/IMG-20211219-WA0011-300x200.jpg 300w, http:\/\/fegrama.cat\/web\/wp-content\/uploads\/2021\/12\/IMG-20211219-WA0011-768x512.jpg 768w, http:\/\/fegrama.cat\/web\/wp-content\/uploads\/2021\/12\/IMG-20211219-WA0011-1536x1023.jpg 1536w, http:\/\/fegrama.cat\/web\/wp-content\/uploads\/2021\/12\/IMG-20211219-WA0011.jpg 1600w\" sizes=\"auto, (max-width: 1024px) 100vw, 1024px\" \/><\/figure><\/div>\n\n\n\n<p>El Juvenil A de la Grama no puede despedir el 2021 con victoria y cae derrotado por el Badalona (1-2).<\/p>\n\n\n\n<p>Pronto se pon\u00eda de cara el partido para los colomenses, que en el minuto 3 y tras un saque de falta bien ejecutado por Mario, el central Miki con un cabezado pon\u00eda el 1-0. Se intentaba estirar el Badalona para buscar el empate ante una Fundaci\u00f3 bien plantada que aprovechaba los fallos visitantes en la circulaci\u00f3n de bal\u00f3n para transitar. <\/p>\n\n\n\n<p>A punto est\u00e1 Oliver de hacer el 2-0 en un chut que sale fregando el poste. Y cuando parec\u00eda que se llegar\u00eda al descanso con el 1-0, en una contra de los visitantes, el extremo Marc Velasco pon\u00eda las tablas en el marcador. 1-1 y a vestuarios.<\/p>\n\n\n\n<p>En la reanudaci\u00f3n, segunda parte descafeinada, casi sin ocasiones para ninguno de los dos equipos, donde el Badalona tuvo m\u00e1s el bal\u00f3n y los de Santa Coloma no acabaron de ser el equipo que vienen siendo habitualmente. <\/p>\n\n\n\n<p>En el minuto 85 y tras un error defensivo en la salida de un c\u00f3rner, los visitantes se pon\u00edan por delante. Lo intentaban los azules que tuvieron una ocasi\u00f3n para empatar en un disparo de \u00cdker Merino que sale fuera.<\/p>\n\n\n\n<p>Final en Can Peixauet y derrota de los de Manu Pel\u00e1ez, que pese a caer derrotados marchar\u00e1n de vacaciones navide\u00f1as en puestos de ascenso a Divisi\u00f3n de Honor (4\u00ba puesto).<\/p>\n","protected":false},"excerpt":{"rendered":"<p>El Juvenil A de la Grama no pot acomiadar el 2021 amb vict\u00f2ria i cau derrotat pel Badalona (1-2). Aviat es posava de cara el partit per als colomencs, que al minut 3 i despr\u00e9s d&#8217;un servei de falta ben executat per Mario, el central Miki amb un cop de cap posava l&#8217;1-0. S&#8217;intentava estirar [&hellip;]<\/p>\n","protected":false},"author":1,"featured_media":30006,"comment_status":"closed","ping_status":"closed","sticky":false,"template":"","format":"standard","meta":{"footnotes":""},"categories":[4,6],"tags":[],"class_list":["post-30003","post","type-post","status-publish","format-standard","has-post-thumbnail","hentry","category-base-inclusiu","category-juvenils"],"_links":{"self":[{"href":"http:\/\/fegrama.cat\/web\/wp-json\/wp\/v2\/posts\/30003","targetHints":{"allow":["GET"]}}],"collection":[{"href":"http:\/\/fegrama.cat\/web\/wp-json\/wp\/v2\/posts"}],"about":[{"href":"http:\/\/fegrama.cat\/web\/wp-json\/wp\/v2\/types\/post"}],"author":[{"embeddable":true,"href":"http:\/\/fegrama.cat\/web\/wp-json\/wp\/v2\/users\/1"}],"replies":[{"embeddable":true,"href":"http:\/\/fegrama.cat\/web\/wp-json\/wp\/v2\/comments?post=30003"}],"version-history":[{"count":2,"href":"http:\/\/fegrama.cat\/web\/wp-json\/wp\/v2\/posts\/30003\/revisions"}],"predecessor-version":[{"id":30007,"href":"http:\/\/fegrama.cat\/web\/wp-json\/wp\/v2\/posts\/30003\/revisions\/30007"}],"wp:featuredmedia":[{"embeddable":true,"href":"http:\/\/fegrama.cat\/web\/wp-json\/wp\/v2\/media\/30006"}],"wp:attachment":[{"href":"http:\/\/fegrama.cat\/web\/wp-json\/wp\/v2\/media?parent=30003"}],"wp:term":[{"taxonomy":"category","embeddable":true,"href":"http:\/\/fegrama.cat\/web\/wp-json\/wp\/v2\/categories?post=30003"},{"taxonomy":"post_tag","embeddable":true,"href":"http:\/\/fegrama.cat\/web\/wp-json\/wp\/v2\/tags?post=30003"}],"curies":[{"name":"wp","href":"https:\/\/api.w.org\/{rel}","templated":true}]}}