{"id":29994,"date":"2021-12-18T22:47:21","date_gmt":"2021-12-18T21:47:21","guid":{"rendered":"http:\/\/fegrama.cat\/web\/?p=29994"},"modified":"2021-12-18T22:54:11","modified_gmt":"2021-12-18T21:54:11","slug":"victoria-per-tancar-2021","status":"publish","type":"post","link":"http:\/\/fegrama.cat\/web\/victoria-per-tancar-2021\/","title":{"rendered":"Vict\u00f2ria per tancar 2021"},"content":{"rendered":"\n<p>La Fundaci\u00f3 Esportiva Grama va acomiadar 2021 amb una vict\u00f2ria com a visitant (1-3) al partit amist\u00f3s jugat davant la UD Viladecans.<\/p>\n\n\n\n<p>Debutava Dani P\u00e9rez a la porteria i als 6 minuts no podia evitar l&#8217;1-0, gran estirada arribant a tocar la pilota despr\u00e9s d&#8217;una &#8216;fuetada&#8217; des de fora de l&#8217;\u00e0rea. Va reaccionar la Grama que va avisar amb una pilota al pal de Roger Garc\u00eda.<\/p>\n\n\n\n<p>Al minut 14 Roger Garc\u00eda des de fora de l&#8217;\u00e0rea clavava un gol\u00e0s per empatar i dos minuts m\u00e9s tard Fran Hern\u00e1ndez feia exactament el mateix, aquesta vegada per capgirar el marcador.<\/p>\n\n\n\n<p>Primers 45 minuts amb joc r\u00e0pid, la pilota rodava amb molta velocitat i els dos equips van proposar molt d&#8217;atac. Al segon temps la Grama va ser la clara dominadora.<\/p>\n\n\n\n<p>Al 50\u2032 Jos\u00e9 Enrique va fregar el seu gol despr\u00e9s d&#8217;una gran rematada de cap a centre de Cabezola. Tres minuts despr\u00e9s una bona jugada de Fran i Peris va acabar amb xut de Jos\u00e9 Enrique i \u00c1ngel rematant a gol el rebuig del porter (1-3).<\/p>\n\n\n\n<p>D&#8217;aqu\u00ed al final alguns acostaments dels locals, una parada de Dani P\u00e9rez i el quart a prop. Al 78 sota pals un defensa va evitar el gol de la Grama i al 84 Montalb\u00e1n es trobarien amb el travesser.<\/p>\n\n\n\n<p>La FE Grama acomiada aix\u00ed el 2021 amb una vict\u00f2ria davant un bon rival que lluita per l&#8217;ascens a Tercera RFEF.<\/p>\n\n\n\n<p><strong>11 titular:&nbsp;<\/strong>Dani P\u00e9rez (P), Rubi, Cabezola, Adrien, Molins, \u00c1ngel, Fran, Roger Garc\u00eda, Recort, Jos\u00e9 Enrique i Akrong. <strong>Tamb\u00e9 van jugar:<\/strong> Antonicelli, Montalb\u00e1n, Peris i Escarrabill.<\/p>\n\n\n\n<figure class=\"wp-block-image size-large\"><img loading=\"lazy\" decoding=\"async\" width=\"1024\" height=\"832\" src=\"http:\/\/fegrama.cat\/web\/wp-content\/uploads\/2021\/12\/IMG_20211218_180103-1024x832.jpg\" alt=\"\" class=\"wp-image-29998\" srcset=\"http:\/\/fegrama.cat\/web\/wp-content\/uploads\/2021\/12\/IMG_20211218_180103-1024x832.jpg 1024w, http:\/\/fegrama.cat\/web\/wp-content\/uploads\/2021\/12\/IMG_20211218_180103-300x244.jpg 300w, http:\/\/fegrama.cat\/web\/wp-content\/uploads\/2021\/12\/IMG_20211218_180103-768x624.jpg 768w, http:\/\/fegrama.cat\/web\/wp-content\/uploads\/2021\/12\/IMG_20211218_180103-1536x1248.jpg 1536w, http:\/\/fegrama.cat\/web\/wp-content\/uploads\/2021\/12\/IMG_20211218_180103-2048x1665.jpg 2048w\" sizes=\"auto, (max-width: 1024px) 100vw, 1024px\" \/><\/figure>\n\n\n\n<p>La Fundaci\u00f3 Esportiva Grama despidi\u00f3 2021 con una victoria como visitante (1-3) en el partido amistoso jugado ante la UD Viladecans.<\/p>\n\n\n\n<p>Debutaba Dani P\u00e9rez en la porter\u00eda y a los 6 minutos no pod\u00eda evitar el 1-0, gran estirada llegando a tocar la pelota tras un zambombazo desde fuera del \u00e1rea. Reaccion\u00f3 la Grama que avis\u00f3 con un bal\u00f3n al palo de Roger Garc\u00eda.<\/p>\n\n\n\n<p>En el minuto 14 Roger Garc\u00eda desde fuera del \u00e1rea clavaba un golazo para empatar y dos minutos m\u00e1s tarde Fran Hern\u00e1ndez hac\u00eda exactamente lo mismo, esta vez para darle la vuelta al marcador.<\/p>\n\n\n\n<p>Primeros 45 minutos con juego r\u00e1pido, la pelota rodaba con mucha velocidad y los dos equipos propusieron mucho ataque.  En el segundo tiempo la Grama fue la clara dominadora.<\/p>\n\n\n\n<p>En el 50&#8242; Jos\u00e9 Enrique roz\u00f3 su gol tras un gran remate de cabeza a centro de Cabezola. Tres minutos despu\u00e9s una buena jugada de Fran y Peris termin\u00f3 con chut de Jos\u00e9 Enrique y \u00c1ngel rematando a gol el rechace del portero (1-3).<\/p>\n\n\n\n<p>De aqu\u00ed al final algunos acercamientos de los locales, una parada de Dani P\u00e9rez y el cuarto cerca. En el 78 bajo palos un defensa evit\u00f3 el gol de la Grama y en el 84 Montalb\u00e1n se encontrar\u00edan con el larguero.<\/p>\n\n\n\n<p>La FE Grama despide as\u00ed 2021 con una victoria ante un buen rival que lucha por el ascenso a Tercera RFEF.<\/p>\n","protected":false},"excerpt":{"rendered":"<p>La Fundaci\u00f3 Esportiva Grama va acomiadar 2021 amb una vict\u00f2ria com a visitant (1-3) al partit amist\u00f3s jugat davant la UD Viladecans. Debutava Dani P\u00e9rez a la porteria i als 6 minuts no podia evitar l&#8217;1-0, gran estirada arribant a tocar la pilota despr\u00e9s d&#8217;una &#8216;fuetada&#8217; des de fora de l&#8217;\u00e0rea. Va reaccionar la Grama [&hellip;]<\/p>\n","protected":false},"author":1,"featured_media":29998,"comment_status":"closed","ping_status":"closed","sticky":false,"template":"","format":"standard","meta":{"footnotes":""},"categories":[5],"tags":[],"class_list":["post-29994","post","type-post","status-publish","format-standard","has-post-thumbnail","hentry","category-primer-equip"],"_links":{"self":[{"href":"http:\/\/fegrama.cat\/web\/wp-json\/wp\/v2\/posts\/29994","targetHints":{"allow":["GET"]}}],"collection":[{"href":"http:\/\/fegrama.cat\/web\/wp-json\/wp\/v2\/posts"}],"about":[{"href":"http:\/\/fegrama.cat\/web\/wp-json\/wp\/v2\/types\/post"}],"author":[{"embeddable":true,"href":"http:\/\/fegrama.cat\/web\/wp-json\/wp\/v2\/users\/1"}],"replies":[{"embeddable":true,"href":"http:\/\/fegrama.cat\/web\/wp-json\/wp\/v2\/comments?post=29994"}],"version-history":[{"count":5,"href":"http:\/\/fegrama.cat\/web\/wp-json\/wp\/v2\/posts\/29994\/revisions"}],"predecessor-version":[{"id":30000,"href":"http:\/\/fegrama.cat\/web\/wp-json\/wp\/v2\/posts\/29994\/revisions\/30000"}],"wp:featuredmedia":[{"embeddable":true,"href":"http:\/\/fegrama.cat\/web\/wp-json\/wp\/v2\/media\/29998"}],"wp:attachment":[{"href":"http:\/\/fegrama.cat\/web\/wp-json\/wp\/v2\/media?parent=29994"}],"wp:term":[{"taxonomy":"category","embeddable":true,"href":"http:\/\/fegrama.cat\/web\/wp-json\/wp\/v2\/categories?post=29994"},{"taxonomy":"post_tag","embeddable":true,"href":"http:\/\/fegrama.cat\/web\/wp-json\/wp\/v2\/tags?post=29994"}],"curies":[{"name":"wp","href":"https:\/\/api.w.org\/{rel}","templated":true}]}}