{"id":29987,"date":"2021-12-16T09:14:54","date_gmt":"2021-12-16T08:14:54","guid":{"rendered":"http:\/\/fegrama.cat\/web\/?p=29987"},"modified":"2021-12-16T09:14:55","modified_gmt":"2021-12-16T08:14:55","slug":"aleix-hernando-capita-juvenil-a-hi-ha-una-qualitat-tremenda-al-juvenil","status":"publish","type":"post","link":"http:\/\/fegrama.cat\/web\/aleix-hernando-capita-juvenil-a-hi-ha-una-qualitat-tremenda-al-juvenil\/","title":{"rendered":"Aleix Hernando (Capit\u00e0 Juvenil A): \u00abHi ha una qualitat tremenda al juvenil\u00bb"},"content":{"rendered":"\n<div class=\"wp-block-image\"><figure class=\"aligncenter size-large\"><img loading=\"lazy\" decoding=\"async\" width=\"1024\" height=\"684\" src=\"https:\/\/fegrama.cat\/web\/wp-content\/uploads\/2021\/12\/aleixhern00-1024x684.jpeg\" alt=\"\" class=\"wp-image-29990\" srcset=\"http:\/\/fegrama.cat\/web\/wp-content\/uploads\/2021\/12\/aleixhern00-1024x684.jpeg 1024w, http:\/\/fegrama.cat\/web\/wp-content\/uploads\/2021\/12\/aleixhern00-300x200.jpeg 300w, http:\/\/fegrama.cat\/web\/wp-content\/uploads\/2021\/12\/aleixhern00-768x513.jpeg 768w, http:\/\/fegrama.cat\/web\/wp-content\/uploads\/2021\/12\/aleixhern00-1536x1025.jpeg 1536w, http:\/\/fegrama.cat\/web\/wp-content\/uploads\/2021\/12\/aleixhern00.jpeg 1600w\" sizes=\"auto, (max-width: 1024px) 100vw, 1024px\" \/><\/figure><\/div>\n\n\n\n<p><strong>Aleix Hernando Fontana<\/strong> compleix el seu sis\u00e8 any a les files de la Fundaci\u00f3 Esportiva Grama. Va arribar al club sent infantil de segon any el 2015. Passaria pel Cadet Preferent i en el seu primer any de juvenil, a meitat de temporada, va pujar del B al Juvenil A on s&#8217;ha establert com a lateral titular i capit\u00e0.<\/p>\n\n\n\n<p>El jove defensa va ser presentat la temporada passada com a jugador del primer equip, als seus 16 anys alternaria el Juvenil A i amb el Tercera Divisi\u00f3. Encara no ha pogut debutar amb els grans, per\u00f2 per segon any consecutiu \u00e9s un dels jugadors que cada setmana entrena tamb\u00e9 amb l&#8217;equip de Juanma Pons.<\/p>\n\n\n\n<p><strong>\u2013 Aleix es troba confinat a casa per un positiu Covid i per aix\u00f2 no va poder ser a Girona ni podr\u00e0 ser aquest diumenge. Primerament, com esteu de salut tant tu com la fam\u00edlia?<\/strong><\/p>\n\n\n\n<p>\u2013 Jo estic molt millor, la veritat crec que els \u201cpitjors\u201d dies ja els he passat de tos, mocs, febre, etc. La meva fam\u00edlia tots b\u00e9 per sort.<\/p>\n\n\n\n<p><strong>\u2013 Es tanca l&#8217;any i amb un derbi. Com veus els teus companys de cara a aquest partit?<\/strong><\/p>\n\n\n\n<p>\u2013 Els meus companys s\u00f3n capa\u00e7os de tot, estic segur\u00edssim que ho deixaran tot al camp per endur-se aquest derbi. Sabem el que ens juguem aix\u00ed que no dubto que es deixaran la pell al camp per emportar-se els 3 punts.<\/p>\n\n\n\n<p><strong>\u2013 Qu\u00e8 t\u00e9 aquest Juvenil A que \u00e9s capa\u00e7 fins i tot de guanyar el l\u00edder al seu camp?<\/strong><\/p>\n\n\n\n<p>\u2013 Aquest Juvenil A \u00e9s incre\u00efble. Aquest any he tingut sensacions que mai no havia tingut i estic segur que seguir\u00e9 tenint al llarg de l&#8217;any, som tots una fam\u00edlia i estem molt units, donem tot pel company i \u00e9s que a nivell de qualitat hi ha una qualitat tremenda. \u00c9s un aut\u00e8ntic luxe estar en aquest vestidor.<\/p>\n\n\n\n<p><strong>\u2013 \u00c9s possible sortir del &#8216;Tourmalet&#8217; invicte? Girona B (0-1), Badalona, \u200b\u200bBar\u00e7a B i Cornell\u00e0. Quin quatres!<\/strong><\/p>\n\n\n\n<p>\u2013 No ho dubto! Som capa\u00e7os de tot el que ens proposem i partit a partit, treballant de valent, traurem aquests tres \u00faltims partits decisius de la primera volta.<\/p>\n\n\n\n<p><strong>\u2013 Parlem una mica de tu. Tercer any al Juvenil A i novament entrenant amb els grans. Qu\u00e8 tal amb Juanma Pons?<\/strong><\/p>\n\n\n\n<p>\u2013 Doncs genial la veritat, estic molt content per les oportunitats. \u00c9s un privilegi entrenar-me amb el primer equip que m&#8217;ajuda molt a millorar i sobretot gaudeixo el m\u00e0xim possible.<\/p>\n\n\n\n<p><strong>\u2013 Tornem a diumenge. El capi seguir\u00e0 l&#8217;\u00faltim partit de l&#8217;any per Grama Radio?<\/strong><\/p>\n\n\n\n<p>\u2013 Aix\u00f2 est\u00e0 clar no ho dubtis!<\/p>\n\n\n\n<p><strong>\u2013 Finalment, i al marge del partit, demana un desig per al 2022.<\/strong><\/p>\n\n\n\n<p>\u2013 Doncs jo el que demano \u00e9s salut per a tota la meva fam\u00edlia, \u00e9ssers estimats i altres, que sigui un bon any per a tothom. A nivell futbol\u00edstic tant de bo aconseguim mantenir-nos a la part alta de la taula i aconseguim una cosa bonica com \u00e9s l&#8217;ascens a Divisi\u00f3 d&#8217;Honor.<\/p>\n\n\n\n<p><strong>&#8211; Moltes gr\u00e0cies Aleix!!<\/strong><\/p>\n\n\n\n<div class=\"wp-block-image\"><figure class=\"aligncenter size-large\"><img loading=\"lazy\" decoding=\"async\" width=\"1024\" height=\"829\" src=\"https:\/\/fegrama.cat\/web\/wp-content\/uploads\/2021\/12\/aleixhern01-1024x829.jpeg\" alt=\"\" class=\"wp-image-29991\" srcset=\"http:\/\/fegrama.cat\/web\/wp-content\/uploads\/2021\/12\/aleixhern01-1024x829.jpeg 1024w, http:\/\/fegrama.cat\/web\/wp-content\/uploads\/2021\/12\/aleixhern01-300x243.jpeg 300w, http:\/\/fegrama.cat\/web\/wp-content\/uploads\/2021\/12\/aleixhern01-768x622.jpeg 768w, http:\/\/fegrama.cat\/web\/wp-content\/uploads\/2021\/12\/aleixhern01-1536x1243.jpeg 1536w, http:\/\/fegrama.cat\/web\/wp-content\/uploads\/2021\/12\/aleixhern01.jpeg 1600w\" sizes=\"auto, (max-width: 1024px) 100vw, 1024px\" \/><\/figure><\/div>\n\n\n\n<p><strong>Aleix Hernando Fontana<\/strong> cumple su sexto a\u00f1o en las filas de la Fundaci\u00f3 Esportiva Grama. Lleg\u00f3 al club siendo infantil de segundo a\u00f1o en 2015. Pasar\u00eda por el Cadete Preferente y en su primer a\u00f1o de juvenil, a mitad de temporada, subi\u00f3 del B al Juvenil A en donde se ha asentado como lateral titular y capit\u00e1n.<\/p>\n\n\n\n<p>El joven defensa fue presentado la temporada pasada como jugador del primer equipo, a sus 16 a\u00f1os alternar\u00eda el Juvenil A y con el Tercera Divisi\u00f3n. Todav\u00eda no ha podido debutar con los grandes pero por segundo a\u00f1o consecutivo es uno de los jugadores que cada semana entrena tambi\u00e9n con el equipo de Juanma Pons.<\/p>\n\n\n\n<p><strong>&#8211; Aleix se encuentra confinado en casa por un positivo Covid y por eso no pudo estar en Girona ni podr\u00e1 estar este domingo. Primeramente, \u00bfc\u00f3mo est\u00e1is de salud tanto t\u00fa como la familia?<\/strong><\/p>\n\n\n\n<p>&#8211; Yo estoy mucho mejor, la verdad creo que los \u201cpeores\u201d d\u00edas ya los he pasado de tos, mocos, fiebre, etc. Mi familia todos bien por suerte.<\/p>\n\n\n\n<p><strong>&#8211; Se cierra el a\u00f1o y con un derbi. \u00bfC\u00f3mo ves a tus compa\u00f1eros de cara a este partido?<\/strong><\/p>\n\n\n\n<p>&#8211; Mis compa\u00f1eros son capaces de todo, estoy segur\u00edsimo de que lo van a dejar todo en el campo para llevarse este derbi. Sabemos lo que nos jugamos as\u00ed que no dudo de que se dejar\u00e1n la piel en el campo para llevarse los 3 puntos.<\/p>\n\n\n\n<p><strong>&#8211; \u00bfQu\u00e9 tiene este Juvenil A que es capaz hasta de ganar al l\u00edder en su campo?<\/strong><\/p>\n\n\n\n<p>&#8211; Este Juvenil A es incre\u00edble. Este a\u00f1o he tenido sensaciones que nunca hab\u00eda tenido y estoy seguro que seguir\u00e9 teniendo a lo largo del a\u00f1o, somos todos una familia y estamos muy unidos, damos todo por el compa\u00f1ero y es que a nivel de calidad hay una calidad tremenda. Es un aut\u00e9ntico lujo estar en este vestuario.<\/p>\n\n\n\n<p><strong>&#8211; \u00bfEs posible salir del &#8216;Tourmalet&#8217; invicto? Girona B (0-1), Badalona, Bar\u00e7a B y Cornell\u00e1. \u00a1Vaya cuatros!<\/strong><\/p>\n\n\n\n<p>&#8211; \u00a1No lo dudo! Somos capaces de todo lo que nos propongamos y partido a partido, trabajando duro, vamos a sacar estos tres \u00faltimos partidos decisivos de la primera vuelta.<\/p>\n\n\n\n<p><strong>&#8211; Hablemos un poco de ti. Tercer a\u00f1o en el Juvenil A y nuevamente entrenando con los mayores. \u00bfQu\u00e9 tal con Juanma Pons?<\/strong><\/p>\n\n\n\n<p>&#8211; Pues genial la verdad, estoy muy contento por las oportunidades. Es un privilegio entrenar con el primer equipo que me ayuda mucho a mejorar y sobretodo disfruto lo m\u00e1ximo posible.<\/p>\n\n\n\n<p><strong>&#8211; Volvemos al domingo. \u00bfEl &#8216;capi&#8217; seguir\u00e1 el \u00faltimo partido del a\u00f1o por Grama Radio?<\/strong><\/p>\n\n\n\n<p>&#8211; \u00a1Eso esta claro no lo dudes!<\/p>\n\n\n\n<p><strong>&#8211; Por \u00faltimo, y al margen del partido, pide un deseo para 2022.<\/strong><\/p>\n\n\n\n<p>&#8211; Pues yo lo que pido es salud para toda mi familia, seres queridos y dem\u00e1s, que sea un buen a\u00f1o para todos. A nivel futbol\u00edstico ojal\u00e1 consigamos mantenernos en la parte alta de la tabla y consigamos algo bonito como es el ascenso a Divisi\u00f3n de Honor.<\/p>\n\n\n\n<p><strong>&#8211; \u00a1Muchas gracias Aleix!<\/strong><\/p>\n","protected":false},"excerpt":{"rendered":"<p>Aleix Hernando Fontana compleix el seu sis\u00e8 any a les files de la Fundaci\u00f3 Esportiva Grama. Va arribar al club sent infantil de segon any el 2015. Passaria pel Cadet Preferent i en el seu primer any de juvenil, a meitat de temporada, va pujar del B al Juvenil A on s&#8217;ha establert com a [&hellip;]<\/p>\n","protected":false},"author":1,"featured_media":29990,"comment_status":"closed","ping_status":"closed","sticky":false,"template":"","format":"standard","meta":{"footnotes":""},"categories":[17],"tags":[],"class_list":["post-29987","post","type-post","status-publish","format-standard","has-post-thumbnail","hentry","category-entrevistes"],"_links":{"self":[{"href":"http:\/\/fegrama.cat\/web\/wp-json\/wp\/v2\/posts\/29987","targetHints":{"allow":["GET"]}}],"collection":[{"href":"http:\/\/fegrama.cat\/web\/wp-json\/wp\/v2\/posts"}],"about":[{"href":"http:\/\/fegrama.cat\/web\/wp-json\/wp\/v2\/types\/post"}],"author":[{"embeddable":true,"href":"http:\/\/fegrama.cat\/web\/wp-json\/wp\/v2\/users\/1"}],"replies":[{"embeddable":true,"href":"http:\/\/fegrama.cat\/web\/wp-json\/wp\/v2\/comments?post=29987"}],"version-history":[{"count":3,"href":"http:\/\/fegrama.cat\/web\/wp-json\/wp\/v2\/posts\/29987\/revisions"}],"predecessor-version":[{"id":29992,"href":"http:\/\/fegrama.cat\/web\/wp-json\/wp\/v2\/posts\/29987\/revisions\/29992"}],"wp:featuredmedia":[{"embeddable":true,"href":"http:\/\/fegrama.cat\/web\/wp-json\/wp\/v2\/media\/29990"}],"wp:attachment":[{"href":"http:\/\/fegrama.cat\/web\/wp-json\/wp\/v2\/media?parent=29987"}],"wp:term":[{"taxonomy":"category","embeddable":true,"href":"http:\/\/fegrama.cat\/web\/wp-json\/wp\/v2\/categories?post=29987"},{"taxonomy":"post_tag","embeddable":true,"href":"http:\/\/fegrama.cat\/web\/wp-json\/wp\/v2\/tags?post=29987"}],"curies":[{"name":"wp","href":"https:\/\/api.w.org\/{rel}","templated":true}]}}