{"id":29948,"date":"2021-12-12T17:49:34","date_gmt":"2021-12-12T16:49:34","guid":{"rendered":"http:\/\/fegrama.cat\/web\/?p=29948"},"modified":"2021-12-12T18:17:33","modified_gmt":"2021-12-12T17:17:33","slug":"empat-0-0-en-un-combatiu-i-intens-xoc-a-terrassa","status":"publish","type":"post","link":"http:\/\/fegrama.cat\/web\/empat-0-0-en-un-combatiu-i-intens-xoc-a-terrassa\/","title":{"rendered":"Empat (0-0) en un xoc combatiu i intens"},"content":{"rendered":"\n<div class=\"wp-block-image\"><figure class=\"aligncenter size-large\"><img loading=\"lazy\" decoding=\"async\" width=\"1024\" height=\"683\" src=\"http:\/\/fegrama.cat\/web\/wp-content\/uploads\/2021\/12\/2sancrisgrama1212-1024x683.jpg\" alt=\"\" class=\"wp-image-29958\" srcset=\"http:\/\/fegrama.cat\/web\/wp-content\/uploads\/2021\/12\/2sancrisgrama1212-1024x683.jpg 1024w, http:\/\/fegrama.cat\/web\/wp-content\/uploads\/2021\/12\/2sancrisgrama1212-300x200.jpg 300w, http:\/\/fegrama.cat\/web\/wp-content\/uploads\/2021\/12\/2sancrisgrama1212-768x512.jpg 768w, http:\/\/fegrama.cat\/web\/wp-content\/uploads\/2021\/12\/2sancrisgrama1212-1536x1024.jpg 1536w, http:\/\/fegrama.cat\/web\/wp-content\/uploads\/2021\/12\/2sancrisgrama1212-2048x1365.jpg 2048w\" sizes=\"auto, (max-width: 1024px) 100vw, 1024px\" \/><\/figure><\/div>\n\n\n\n<p>La Fundaci\u00f3 Esportiva Grama va empatar sense gols (0-0) en la visita a Ca N\u2019Anglada en un enfrontament molt dur davant el CP San Crist\u00f3bal. En la que va ser la darrera jornada de 2021 per als nostres, descansen la propera, no van poder aconseguir la seva primera vict\u00f2ria com a visitant de la temporada.<\/p>\n\n\n\n<p>Primera meitat de lluita entre dos equips intensos, que es respectaven i amb imprecisions que arribaven pels intents d&#8217;atacar amb joc directe. 45 minuts equilibrats en qu\u00e8 nom\u00e9s vam veure dues t\u00edmides rematades de cap de Montalb\u00e1n a les mans d&#8217;Arnau.<\/p>\n\n\n\n<p>Al descans s&#8217;arribaria amb 0-0 i m\u00faltiples protestes dels locals a l&#8217;\u00e0rbitre, que els havia mostrat 5 cartolines grogues (una al t\u00e8cnic), donat el seu joc d&#8217;alta intensitat fregant el l\u00edmit. Despr\u00e9s del descans, i sense canvis, els dos equips ens van mostrar m\u00e9s a la segona part.<\/p>\n\n\n\n<p>Inici el\u00e8ctric, primer Antonicelli provaria des de lluny i despr\u00e9s seria el Sant Crist\u00f3bal que des de lluny feia estirar Guiseris. Tots dos equips van fer un pas m\u00e9s a la recerca del gol. Amb un centre-xut des de la dreta Rubi gaireb\u00e9 sorprenia el porter, Arnau salvava a la l\u00ednia (59\u2032).<\/p>\n\n\n\n<div class=\"wp-block-image\"><figure class=\"aligncenter size-large\"><img loading=\"lazy\" decoding=\"async\" width=\"1024\" height=\"683\" src=\"http:\/\/fegrama.cat\/web\/wp-content\/uploads\/2021\/12\/1sancrisgrama1212-1024x683.jpg\" alt=\"\" class=\"wp-image-29959\" srcset=\"http:\/\/fegrama.cat\/web\/wp-content\/uploads\/2021\/12\/1sancrisgrama1212-1024x683.jpg 1024w, http:\/\/fegrama.cat\/web\/wp-content\/uploads\/2021\/12\/1sancrisgrama1212-300x200.jpg 300w, http:\/\/fegrama.cat\/web\/wp-content\/uploads\/2021\/12\/1sancrisgrama1212-768x512.jpg 768w, http:\/\/fegrama.cat\/web\/wp-content\/uploads\/2021\/12\/1sancrisgrama1212-1536x1024.jpg 1536w, http:\/\/fegrama.cat\/web\/wp-content\/uploads\/2021\/12\/1sancrisgrama1212-2048x1365.jpg 2048w\" sizes=\"auto, (max-width: 1024px) 100vw, 1024px\" \/><\/figure><\/div>\n\n\n\n<p>Despr\u00e9s de l&#8217;ocasi\u00f3, la Grama comandada des de l&#8217;inici per Escarrabill mouria peces amb l&#8217;entrada de Peris i Fran per buscar la vict\u00f2ria. Un aut\u00e8ntic duel de defenses, cap es deixava traspassar amb facilitat i per aix\u00f2 no hi va haver pr\u00e0cticament oportunitats de gol. Al contraatac Peris es va topar amb el porter al 70.<\/p>\n\n\n\n<p>Al minut 80 arribaria la m\u00e9s clara de la Grama quan el Sant Crist\u00f3bal cometia cessi\u00f3 al punt de penal. Una falta dins de l&#8217;\u00e0rea, un tumult de jugadors, tensi\u00f3 m\u00e0xima i silenci a la grada. Peris va tocar la pilota i Fran va colpejar per\u00f2 Arnau parava a c\u00f3rner. Just abans d&#8217;arribar al 90 va arribar la m\u00e9s clara del San Crist\u00f3bal per\u00f2 va apar\u00e8ixer com a heroi Guiseris amb una parada per enviar la pilota fora. <\/p>\n\n\n\n<p>En el temps de prolongaci\u00f3 ho van intentar els dos equips per\u00f2 sense crear cap perill a les \u00e0rees. La Grama va sumar un punt despr\u00e9s del 0-0 i acomiadar\u00e0 l&#8217;any de manera oficial la setmana que ve en un partit amist\u00f3s aprofitant que toca descansar a la jornada 16 de Tercera RFEF.<\/p>\n\n\n\n<p><strong>Fitxa t\u00e8cnica:<\/strong><\/p>\n\n\n\n<p><strong>CP San Crist\u00f3bal:&nbsp;<\/strong>Arnau (P), Sierra, Ricki, Tino Mendoza, Toro (85&#8242;, Poves), Mario Domingo, Ion V\u00e1zquez, Amantini, Ousman (66&#8242;, Diawara), Carrasco i Abde.<\/p>\n\n\n\n<p><strong>FE Grama:<\/strong>&nbsp;Guiseris (P), Rubi, Cabezola (59&#8242;, Peris), Alan, Adrien, Molins (59&#8242;, Fran H.), Antonicelli, Montalb\u00e1n (79\u2032, Jos\u00e9 Enrique), Roger Garc\u00eda (88&#8242;, Recort), Guillem Escarrabill i Akrong.<\/p>\n\n\n\n<p><strong>\u00c0rbitre:&nbsp;<\/strong>Pol Arenas (Comit\u00e8 Figueres). Va amonestar als locals Toro, Ion, Amantini, Carrasco, Abde i Oliver Ballabriga, i va expulsar al local V\u00edctor Claris. Va amonestar als visitants Cabezola, Antonicelli i Adrien.<\/p>\n\n\n\n<p><strong><a href=\"https:\/\/www.fcf.cat\/classificacio\/2022\/futbol-11\/tercera-division-rfef\/grup-v\" target=\"_blank\" rel=\"noreferrer noopener\">CLASSIFICACI\u00d3<\/a><\/strong><\/p>\n\n\n\n<figure class=\"wp-block-image size-large\"><img loading=\"lazy\" decoding=\"async\" width=\"1024\" height=\"683\" src=\"http:\/\/fegrama.cat\/web\/wp-content\/uploads\/2021\/12\/sancrisgrama1212-1024x683.jpg\" alt=\"\" class=\"wp-image-29960\" srcset=\"http:\/\/fegrama.cat\/web\/wp-content\/uploads\/2021\/12\/sancrisgrama1212-1024x683.jpg 1024w, http:\/\/fegrama.cat\/web\/wp-content\/uploads\/2021\/12\/sancrisgrama1212-300x200.jpg 300w, http:\/\/fegrama.cat\/web\/wp-content\/uploads\/2021\/12\/sancrisgrama1212-768x512.jpg 768w, http:\/\/fegrama.cat\/web\/wp-content\/uploads\/2021\/12\/sancrisgrama1212-1536x1024.jpg 1536w, http:\/\/fegrama.cat\/web\/wp-content\/uploads\/2021\/12\/sancrisgrama1212-2048x1365.jpg 2048w\" sizes=\"auto, (max-width: 1024px) 100vw, 1024px\" \/><\/figure>\n\n\n\n<p>La Fundaci\u00f3 Esportiva Grama empat\u00f3 sin goles (0-0) en su visita a Ca N&#8217;Anglada en un enfrentamiento muy duro ante el CP San Crist\u00f3bal. En la que fue la \u00faltima jornada de 2021 para los nuestros, descansan la pr\u00f3xima, no pudieron conseguir su primera victoria como visitante de la temporada.<\/p>\n\n\n\n<p>Primera mitad de lucha entre dos equipos intensos, que se respetaban y con imprecisiones que llegaban por los intentos de atacar con juego directo. 45 minutos equilibrados en los que solamente vimos dos t\u00edmidos remates de cabeza de Montalb\u00e1n a las manos de Arnau.<\/p>\n\n\n\n<p>Al descanso se llegar\u00eda con 0-0 y m\u00faltiples protestas de los locales al \u00e1rbitro, qui\u00e9n les hab\u00eda mostrado 5 cartulinas amarillas (una de ellas al t\u00e9cnico), dado su juego de alta intensidad rozando el l\u00edmite. Tras el descanso y sin cambios los dos equipos nos mostraron m\u00e1s en la segunda parte.<\/p>\n\n\n\n<p>Inicio el\u00e9ctrico primero Antonicelli probar\u00eda desde lejos y despu\u00e9s ser\u00eda el San Crist\u00f3bal que desde lejos hac\u00eda estirar a Guiseris. Con un centro-chut desde la derecha Rubi casi sorprend\u00eda al portero, Arnau salvaba en la l\u00ednea (59&#8242;).<\/p>\n\n\n\n<p>Tras la ocasi\u00f3n la Grama comandada desde el inicio por Escarrabill mover\u00eda piezas con la entrada de Peris y Fran para buscar la victoria. Un aut\u00e9ntico duelo de defensas, ninguna se dejaba traspasar con facilidad y por ello no hubo pr\u00e1cticamente oportunidades de gol. Al contraataque Peris se top\u00f3 con el portero en el 70.<\/p>\n\n\n\n<p>En el minuto 80 llegar\u00eda la m\u00e1s clara de la Grama cuando el San Crist\u00f3bal comet\u00eda cesi\u00f3n en el punto de penalti. Una falta dentro del \u00e1rea, un tumulto de jugadores, tensi\u00f3n m\u00e1xima y silencio en la grada. Peris toc\u00f3 la pelota y Fran golpe\u00f3 pero Arnau paraba a c\u00f3rner. Justo antes de llegar al 90 lleg\u00f3 la m\u00e1s clara del San Crist\u00f3bal pero apareci\u00f3 como h\u00e9roe Guiseris con un parad\u00f3n para enviar el bal\u00f3n fuera. <\/p>\n\n\n\n<p>En el tiempo de prolongaci\u00f3n lo intentaron los dos equipos pero sin crear ning\u00fan peligro en las \u00e1reas. La Grama sum\u00f3 un punto tras el 0-0 y despedir\u00e1 el a\u00f1o de manera oficial la pr\u00f3xima semana en un partido amistoso aprovechando que toca descansar en la jornada 16 de Tercera RFEF.<\/p>\n","protected":false},"excerpt":{"rendered":"<p>La Fundaci\u00f3 Esportiva Grama va empatar sense gols (0-0) en la visita a Ca N\u2019Anglada en un enfrontament molt dur davant el CP San Crist\u00f3bal. En la que va ser la darrera jornada de 2021 per als nostres, descansen la propera, no van poder aconseguir la seva primera vict\u00f2ria com a visitant de la temporada. [&hellip;]<\/p>\n","protected":false},"author":1,"featured_media":29959,"comment_status":"closed","ping_status":"closed","sticky":false,"template":"","format":"standard","meta":{"footnotes":""},"categories":[5],"tags":[],"class_list":["post-29948","post","type-post","status-publish","format-standard","has-post-thumbnail","hentry","category-primer-equip"],"_links":{"self":[{"href":"http:\/\/fegrama.cat\/web\/wp-json\/wp\/v2\/posts\/29948","targetHints":{"allow":["GET"]}}],"collection":[{"href":"http:\/\/fegrama.cat\/web\/wp-json\/wp\/v2\/posts"}],"about":[{"href":"http:\/\/fegrama.cat\/web\/wp-json\/wp\/v2\/types\/post"}],"author":[{"embeddable":true,"href":"http:\/\/fegrama.cat\/web\/wp-json\/wp\/v2\/users\/1"}],"replies":[{"embeddable":true,"href":"http:\/\/fegrama.cat\/web\/wp-json\/wp\/v2\/comments?post=29948"}],"version-history":[{"count":12,"href":"http:\/\/fegrama.cat\/web\/wp-json\/wp\/v2\/posts\/29948\/revisions"}],"predecessor-version":[{"id":29963,"href":"http:\/\/fegrama.cat\/web\/wp-json\/wp\/v2\/posts\/29948\/revisions\/29963"}],"wp:featuredmedia":[{"embeddable":true,"href":"http:\/\/fegrama.cat\/web\/wp-json\/wp\/v2\/media\/29959"}],"wp:attachment":[{"href":"http:\/\/fegrama.cat\/web\/wp-json\/wp\/v2\/media?parent=29948"}],"wp:term":[{"taxonomy":"category","embeddable":true,"href":"http:\/\/fegrama.cat\/web\/wp-json\/wp\/v2\/categories?post=29948"},{"taxonomy":"post_tag","embeddable":true,"href":"http:\/\/fegrama.cat\/web\/wp-json\/wp\/v2\/tags?post=29948"}],"curies":[{"name":"wp","href":"https:\/\/api.w.org\/{rel}","templated":true}]}}