{"id":29943,"date":"2021-12-09T19:36:02","date_gmt":"2021-12-09T18:36:02","guid":{"rendered":"http:\/\/fegrama.cat\/web\/?p=29943"},"modified":"2021-12-09T19:49:40","modified_gmt":"2021-12-09T18:49:40","slug":"una-altre-vegada-toca-tancar-lany-fora-de-casa","status":"publish","type":"post","link":"http:\/\/fegrama.cat\/web\/una-altre-vegada-toca-tancar-lany-fora-de-casa\/","title":{"rendered":"Una altre vegada toca tancar l&#8217;any fora de casa"},"content":{"rendered":"\n<p>El primer equip de la Fundaci\u00f3 Esportiva Grama tancar\u00e0 el 2021 a Terrassa el diumenge a les 12 hores davant del CP Sant Crist\u00f3bal. Curiosament sempre han acomiadat l&#8217;any en lliga com a visitants.<\/p>\n\n\n\n<p>3 vict\u00f2ries, 2 empats i 3 derrotes obtingudes en aquests finals.<\/p>\n\n\n\n<p>2020: Girona B 3-1 FE Grama (Franco Gauna). Tercera Divisi\u00f3n.<\/p>\n\n\n\n<p>2019: CF Mollet UE 1-1 FE Grama (\u00d3scar Mu\u00f1oz). 1\u00aa Catalana.<\/p>\n\n\n\n<p>2018: EC Granollers 2-0 FE Grama. 3\u00aa Divisi\u00f3n.<\/p>\n\n\n\n<p>2017: Sant Cugat FC 0-0 FE Grama. 1\u00aa Catalana.<\/p>\n\n\n\n<p>2016: CD Badia del Vall\u00e8s 1-5 FE Grama (3-Mora, Omar i Lamin). 2\u00aa Catalana.<\/p>\n\n\n\n<p>2015: CF Alella 0-6 FE Grama (2-Jimmy, 2-Mora, David P\u00e9rez i Pipa). 3\u00aa Catalana.<\/p>\n\n\n\n<p>2014: Unificaci\u00f3 Badalona Sud 0-9 FE Grama (2-Sato, 2-Balcarreras, 2-Dani Hern\u00e1ndez, Moha, Kevin i David P\u00e9rez). 4\u00aa Catalana.<\/p>\n\n\n\n<p>2013: La Salle Bonanova 3-2 FE Grama (Francisco Navarro i Alberto L\u00f3pez). 4\u00aa Catalana.<\/p>\n\n\n\n<div class=\"wp-block-image\"><figure class=\"aligncenter size-large\"><img loading=\"lazy\" decoding=\"async\" width=\"710\" height=\"1024\" src=\"http:\/\/fegrama.cat\/web\/wp-content\/uploads\/2021\/10\/IMG_4895-710x1024.jpeg\" alt=\"\" class=\"wp-image-29644\" srcset=\"http:\/\/fegrama.cat\/web\/wp-content\/uploads\/2021\/10\/IMG_4895-710x1024.jpeg 710w, http:\/\/fegrama.cat\/web\/wp-content\/uploads\/2021\/10\/IMG_4895-208x300.jpeg 208w, http:\/\/fegrama.cat\/web\/wp-content\/uploads\/2021\/10\/IMG_4895-768x1107.jpeg 768w, http:\/\/fegrama.cat\/web\/wp-content\/uploads\/2021\/10\/IMG_4895-1066x1536.jpeg 1066w, http:\/\/fegrama.cat\/web\/wp-content\/uploads\/2021\/10\/IMG_4895-1421x2048.jpeg 1421w, http:\/\/fegrama.cat\/web\/wp-content\/uploads\/2021\/10\/IMG_4895-scaled.jpeg 1776w\" sizes=\"auto, (max-width: 710px) 100vw, 710px\" \/><figcaption>Foto: Sergi Garc\u00eda<\/figcaption><\/figure><\/div>\n\n\n\n<p>El primer equipo de la Fundaci\u00f3 Esportiva Grama cerrar\u00e1 2021 en Terrassa el domingo a las 12 horas ante el CP San Crist\u00f3bal. Curiosamente siempre han despedido el a\u00f1o en liga como visitantes.<\/p>\n\n\n\n<p>3 victorias, 2 empates y 3 derrotas obtenidas en esos finales.<\/p>\n\n\n\n<p>2020: Girona B 3-1 FE Grama (Franco Gauna). Tercera Divisi\u00f3n.<\/p>\n\n\n\n<p>2019: CF Mollet UE 1-1 FE Grama (\u00d3scar Mu\u00f1oz). 1\u00aa Catalana.<\/p>\n\n\n\n<p>2018: EC Granollers 2-0 FE Grama. 3\u00aa Divisi\u00f3n.<\/p>\n\n\n\n<p>2017: Sant Cugat FC 0-0 FE Grama. 1\u00aa Catalana.<\/p>\n\n\n\n<p>2016: CD Badia del Vall\u00e8s 1-5 FE Grama (3-Mora, Omar i Lamin). 2\u00aa Catalana.<\/p>\n\n\n\n<p>2015: CF Alella 0-6 FE Grama (2-Jimmy, 2-Mora, David P\u00e9rez i Pipa). 3\u00aa Catalana.<\/p>\n\n\n\n<p>2014: Unificaci\u00f3 Badalona Sud 0-9 FE Grama (2-Sato, 2-Balcarreras, 2-Dani Hern\u00e1ndez, Moha, Kevin i David P\u00e9rez). 4\u00aa Catalana.<\/p>\n\n\n\n<p>2013: La Salle Bonanova 3-2 FE Grama (Francisco Navarro y Alberto L\u00f3pez). 4\u00aa Catalana.<\/p>\n","protected":false},"excerpt":{"rendered":"<p>El primer equip de la Fundaci\u00f3 Esportiva Grama tancar\u00e0 el 2021 a Terrassa el diumenge a les 12 hores davant del CP Sant Crist\u00f3bal. Curiosament sempre han acomiadat l&#8217;any en lliga com a visitants. 3 vict\u00f2ries, 2 empats i 3 derrotes obtingudes en aquests finals. 2020: Girona B 3-1 FE Grama (Franco Gauna). Tercera Divisi\u00f3n. [&hellip;]<\/p>\n","protected":false},"author":1,"featured_media":29644,"comment_status":"closed","ping_status":"closed","sticky":false,"template":"","format":"standard","meta":{"footnotes":""},"categories":[5],"tags":[],"class_list":["post-29943","post","type-post","status-publish","format-standard","has-post-thumbnail","hentry","category-primer-equip"],"_links":{"self":[{"href":"http:\/\/fegrama.cat\/web\/wp-json\/wp\/v2\/posts\/29943","targetHints":{"allow":["GET"]}}],"collection":[{"href":"http:\/\/fegrama.cat\/web\/wp-json\/wp\/v2\/posts"}],"about":[{"href":"http:\/\/fegrama.cat\/web\/wp-json\/wp\/v2\/types\/post"}],"author":[{"embeddable":true,"href":"http:\/\/fegrama.cat\/web\/wp-json\/wp\/v2\/users\/1"}],"replies":[{"embeddable":true,"href":"http:\/\/fegrama.cat\/web\/wp-json\/wp\/v2\/comments?post=29943"}],"version-history":[{"count":4,"href":"http:\/\/fegrama.cat\/web\/wp-json\/wp\/v2\/posts\/29943\/revisions"}],"predecessor-version":[{"id":29947,"href":"http:\/\/fegrama.cat\/web\/wp-json\/wp\/v2\/posts\/29943\/revisions\/29947"}],"wp:featuredmedia":[{"embeddable":true,"href":"http:\/\/fegrama.cat\/web\/wp-json\/wp\/v2\/media\/29644"}],"wp:attachment":[{"href":"http:\/\/fegrama.cat\/web\/wp-json\/wp\/v2\/media?parent=29943"}],"wp:term":[{"taxonomy":"category","embeddable":true,"href":"http:\/\/fegrama.cat\/web\/wp-json\/wp\/v2\/categories?post=29943"},{"taxonomy":"post_tag","embeddable":true,"href":"http:\/\/fegrama.cat\/web\/wp-json\/wp\/v2\/tags?post=29943"}],"curies":[{"name":"wp","href":"https:\/\/api.w.org\/{rel}","templated":true}]}}