{"id":29939,"date":"2022-01-05T10:19:28","date_gmt":"2022-01-05T09:19:28","guid":{"rendered":"http:\/\/fegrama.cat\/web\/?p=29939"},"modified":"2022-01-05T10:19:29","modified_gmt":"2022-01-05T09:19:29","slug":"els-inicis-dany-de-la-grama","status":"publish","type":"post","link":"http:\/\/fegrama.cat\/web\/els-inicis-dany-de-la-grama\/","title":{"rendered":"Els inicis d&#8217;any de la Grama"},"content":{"rendered":"\n<p>Des que el club es va fundar a l&#8217;estiu del 2013 el Primer Equip ha inaugurat any nou en 9 ocasions. Diumenge van estrenar 2022 amb una vict\u00f2ria. Els seus debuts al primer partit de l&#8217;any han estat els seg\u00fcents:<\/p>\n\n\n\n<ul class=\"wp-block-list\"><li><strong>12\/01\/2014 \u2013&gt; Quarta Catalana (Grup 15) \/ FE Grama 2-0 Bellaterra FC: <\/strong>Gols de Jonathan Berm\u00fadez i Alberto L\u00f3pez. Entrenadors: el duo Carlos Mart\u00ednez i Jos\u00e9 Manuel \u201cPecas\u201d.<\/li><li><strong>10\/01\/2015 \u2013&gt; Quarta Catalana (Grup 6) \/ CD Dosrius 2010 1-9 FE Gram<\/strong>a: &#8216;Hat-trick&#8217; de Carlos Balcarreras, doblet de Santi De La Rica, i gols de Dani Hern\u00e1ndez &#8216;Pipa&#8217;, Miki Matutano , Daniel Mart\u00ednez i Txema Valls. Entrenador: J.Ram\u00f3n Carranza.<\/li><li><strong>10\/01\/2016 \u2013&gt; Tercera Catalana (Grup 4) \/ CE Pla d\u2019en Boet 0-2 FE Grama<\/strong>: Gols de Daniel Aznar \u2018Jimmy\u2019 i Carlos Balcarreras. Entrenador: J.Ram\u00f3n Carranza.<\/li><li><strong>08\/01\/2017 \u2013&gt; Segona Catalana (Grup 2) \/ CF Unificaci\u00f3 Llefi\u00e0 2-2 FE Grama:<\/strong> Gols de Jos\u00e9 Mora i un en pr\u00f2pia porta. Entrenador: Dani Andreu.<\/li><li><strong>07\/01\/2018 \u2013&gt; Primera Catalana (Grup 1) \/ FE Grama 3-0 UE La Jonquera:<\/strong> Doblet de Buba i un de Juan Carlos Oliver. Entrenador: Jos\u00e9 Antonio Garc\u00eda Escribano.<\/li><li><strong>05\/01\/2019 \u2013&gt; Tercera Divisi\u00f3 (Grup 5) \/ FE Grama 0-2 UE Castelldefels:<\/strong> Dura derrota amb gols rebuts al 89 i 93 de partit. Entrenador: Toni Rovira (t\u00e8cnic inter\u00ed).<\/li><li><strong>12\/01\/2020 \u2013&gt; Primera Catalana (Grup 1) \/ FE Grama 2-1 FC L\u2019Escala: <\/strong>Gols de Michel Owono i Juan Carlos Oliver. Entrenador: Juanma Pons.<\/li><li><strong>17\/01\/2021 \u2013&gt; Tercera Divisi\u00f3 (Grup 5, Subgrup B) \/ FE Grama 0-3 FC Cerdanyola del Vall\u00e8s. <\/strong>Entrenador: Juanma Pons.<\/li><li><strong>02\/01\/2022 &#8211;&gt; Tercera RFEF (Grup 5) \/ FE Grama 3-1 FC Asc\u00f3. <\/strong>Entrenador: Juanma Pons. Remuntada amb dos gols d&#8217;Oriol Molins i un gol\u00e0s de Fran Hern\u00e1ndez des del centre del camp.<\/li><\/ul>\n\n\n\n<div class=\"wp-block-image\"><figure class=\"aligncenter size-large\"><img loading=\"lazy\" decoding=\"async\" width=\"1024\" height=\"898\" src=\"http:\/\/fegrama.cat\/web\/wp-content\/uploads\/2022\/01\/WhatsApp-Image-2022-01-02-at-17.08.40-1024x898.jpeg\" alt=\"\" class=\"wp-image-30060\" srcset=\"http:\/\/fegrama.cat\/web\/wp-content\/uploads\/2022\/01\/WhatsApp-Image-2022-01-02-at-17.08.40-1024x898.jpeg 1024w, http:\/\/fegrama.cat\/web\/wp-content\/uploads\/2022\/01\/WhatsApp-Image-2022-01-02-at-17.08.40-300x263.jpeg 300w, http:\/\/fegrama.cat\/web\/wp-content\/uploads\/2022\/01\/WhatsApp-Image-2022-01-02-at-17.08.40-768x674.jpeg 768w, http:\/\/fegrama.cat\/web\/wp-content\/uploads\/2022\/01\/WhatsApp-Image-2022-01-02-at-17.08.40-1536x1347.jpeg 1536w, http:\/\/fegrama.cat\/web\/wp-content\/uploads\/2022\/01\/WhatsApp-Image-2022-01-02-at-17.08.40.jpeg 2048w\" sizes=\"auto, (max-width: 1024px) 100vw, 1024px\" \/><\/figure><\/div>\n\n\n\n<p>Desde que el club se fund\u00f3 en verano de 2013 el Primer Equipo ha inaugurado a\u00f1o nuevo en 9 ocasiones. El domingo 2 de diciembre estrenaron 2022 con una victoria. Sus debuts en el primer partido del a\u00f1o han sido los siguientes:<\/p>\n\n\n\n<ul class=\"wp-block-list\"><li><strong>12\/01\/2014 \u2013&gt; Cuarta Catalana (Grupo 15) \/ FE Grama 2-0 Bellaterra FC: <\/strong>Goles de Jonathan Berm\u00fadez y Alberto L\u00f3pez. Entrenadores: el d\u00fao Carlos Mart\u00ednez y Jos\u00e9 Manuel \u201cPecas\u201d. <\/li><li><strong>10\/01\/2015 \u2013&gt; Cuarta Catalana (Grupo 6) \/ CD Dosrius 2010 1-9 FE Grama:<\/strong> &#8216;Hat-trick&#8217; de Carlos Balcarreras, doblete de Santi De La Rica, y goles de Dani Hern\u00e1ndez \u2018Pipa\u2019, Miki Matutano, Daniel Mart\u00ednez y Txema Valls. Entrenador: J.Ram\u00f3n Carranza.<\/li><li><strong>10\/01\/2016 \u2013&gt; Tercera Catalana (Grupo 4) \/ CE Pla d\u2019en Boet 0-2 FE Grama: <\/strong>Goles de Daniel Aznar \u2018Jimmy\u2019 y Carlos Balcarreras. Entrenador: J.Ram\u00f3n Carranza.<\/li><li><strong>08\/01\/2017 \u2013&gt; Segunda Catalana (Grupo 2) \/ CF Unificaci\u00f3n Llefi\u00e0 2-2 FE Grama:<\/strong> Goles de Jos\u00e9 Mora y uno en propia puerta. Entrenador: Dani Andreu.<\/li><li><strong>07\/01\/2018 &#8211;&gt; Primera Catalana (Grup 1) \/ FE Grama 3-0 UE La Jonquera: <\/strong>Doblete de Buba y uno de Juan Carlos Oliver. Entrenador: Jos\u00e9 Antonio Garc\u00eda Escribano.<\/li><li><strong>05\/01\/2019 &#8211;&gt; Tercera Divisi\u00f3 (Grup 5) \/ FE Grama 0-2 UE Castelldefels<\/strong>: Dura derrota con goles recibidos en el 89 y 93 de partido. Entrenador: Toni Rovira (t\u00e9cnico interino).<\/li><li><strong>12\/01\/2020 &#8211;&gt; Primera Catalana (Grup 1) \/ FE Grama 2-1 FC L&#8217;Escala<\/strong>: Goles de Michel Owono y Juan Carlos Oliver. Entrenador: Juanma Pons.<\/li><li><strong>17\/01\/2021 &#8211;&gt; Tercera Divisi\u00f3 (Grup 5, Subgrup B) <\/strong>\/ <strong>FE Grama 0-3 FC Cerdanyola del Vall\u00e8s.<\/strong> Entrenador: Juanma Pons.<\/li><li><strong>02\/01\/2022 &#8211;&gt; Tercera RFEF (Grup 5) \/ <strong>FE Grama 3-1 FC Asc\u00f3. <\/strong><\/strong>Entrenador:<strong> <\/strong>Juanma Pons. Remontada con dos gols de Oriol Molins y un golazo de Fran Hern\u00e1ndez desde el centro del campo.<\/li><\/ul>\n","protected":false},"excerpt":{"rendered":"<p>Des que el club es va fundar a l&#8217;estiu del 2013 el Primer Equip ha inaugurat any nou en 9 ocasions. Diumenge van estrenar 2022 amb una vict\u00f2ria. Els seus debuts al primer partit de l&#8217;any han estat els seg\u00fcents: 12\/01\/2014 \u2013&gt; Quarta Catalana (Grup 15) \/ FE Grama 2-0 Bellaterra FC: Gols de Jonathan [&hellip;]<\/p>\n","protected":false},"author":1,"featured_media":30060,"comment_status":"closed","ping_status":"closed","sticky":false,"template":"","format":"standard","meta":{"footnotes":""},"categories":[5],"tags":[],"class_list":["post-29939","post","type-post","status-publish","format-standard","has-post-thumbnail","hentry","category-primer-equip"],"_links":{"self":[{"href":"http:\/\/fegrama.cat\/web\/wp-json\/wp\/v2\/posts\/29939","targetHints":{"allow":["GET"]}}],"collection":[{"href":"http:\/\/fegrama.cat\/web\/wp-json\/wp\/v2\/posts"}],"about":[{"href":"http:\/\/fegrama.cat\/web\/wp-json\/wp\/v2\/types\/post"}],"author":[{"embeddable":true,"href":"http:\/\/fegrama.cat\/web\/wp-json\/wp\/v2\/users\/1"}],"replies":[{"embeddable":true,"href":"http:\/\/fegrama.cat\/web\/wp-json\/wp\/v2\/comments?post=29939"}],"version-history":[{"count":6,"href":"http:\/\/fegrama.cat\/web\/wp-json\/wp\/v2\/posts\/29939\/revisions"}],"predecessor-version":[{"id":30064,"href":"http:\/\/fegrama.cat\/web\/wp-json\/wp\/v2\/posts\/29939\/revisions\/30064"}],"wp:featuredmedia":[{"embeddable":true,"href":"http:\/\/fegrama.cat\/web\/wp-json\/wp\/v2\/media\/30060"}],"wp:attachment":[{"href":"http:\/\/fegrama.cat\/web\/wp-json\/wp\/v2\/media?parent=29939"}],"wp:term":[{"taxonomy":"category","embeddable":true,"href":"http:\/\/fegrama.cat\/web\/wp-json\/wp\/v2\/categories?post=29939"},{"taxonomy":"post_tag","embeddable":true,"href":"http:\/\/fegrama.cat\/web\/wp-json\/wp\/v2\/tags?post=29939"}],"curies":[{"name":"wp","href":"https:\/\/api.w.org\/{rel}","templated":true}]}}