{"id":29932,"date":"2021-12-08T14:31:34","date_gmt":"2021-12-08T13:31:34","guid":{"rendered":"http:\/\/fegrama.cat\/web\/?p=29932"},"modified":"2021-12-08T14:35:56","modified_gmt":"2021-12-08T13:35:56","slug":"arriba-el-tourmalet-per-al-juvenil-a","status":"publish","type":"post","link":"http:\/\/fegrama.cat\/web\/arriba-el-tourmalet-per-al-juvenil-a\/","title":{"rendered":"Arriba el &#8216;Tourmalet&#8217; per al Juvenil A"},"content":{"rendered":"\n<p>El <strong>Grup 7 de Lliga Nacional<\/strong> es va collar m\u00e9s encara a la part alta de la classificaci\u00f3 despr\u00e9s de la inesperada derrota com a local de la Grama per 0-1 davant el CE Manresa. L&#8217;equip de Manu Pel\u00e1ez segueix en quart lloc, ara mateix ascens a Divisi\u00f3 d&#8217;Honor, amb 20 punts i tan sols 1 punt d\u00b4avantatge sobre N\u00e0stic Manresa, Figueres i Olot. Dos per sobre del Cornell\u00e0 B i tres de la UE Sants.<\/p>\n\n\n\n<p>Queden dos partits per finalitzar l&#8217;any i quatre per concloure la primera volta del campionat, i per davant a la Grama li arriba el Tourmalet. Per comen\u00e7ar aquest diumenge a les 15:30 hores visitaran un Girona B que com a local porta 4 vict\u00f2ries i 1 empat. L\u00edders de la lliga amb 29 punts, l&#8217;equip m\u00e9s golejador (32) i nom\u00e9s ha encaixat una derrota, a l&#8217;\u00faltima jornada 1-0 davant el Bar\u00e7a B.<\/p>\n\n\n\n<p>Acomiadaran l&#8217;any el diumenge 19 de desembre (11:45h.) amb un derbi davant del CF Badalona. Onz\u00e8 amb 14 punts, lluitant per la perman\u00e8ncia. Rival complicat que visitar\u00e0 Santa Coloma amb necessitat de sumar-hi. El Tourmalet es tancar\u00e0 el 09 de gener de 2022 visitant el FC Barcelona B, segons de la lliga amb 23 punts al seu caseller i un partit menys que la resta.<\/p>\n\n\n\n<p>La primera volta del campionat la tancaran a casa davant de la UE Cornell\u00e0 B. Rivals complicats per a un Juvenil A de la FE Grama que ja ha demostrat que pot amb tots. Davant el tercer, CF Damm B, el marcador va ser de 0-0 i els blaus van ser millors, i amb rivals directes com N\u00e0stic Manresa (2-0) i Figueres (0-4) van guanyar amb solv\u00e8ncia. Treuran novament el car\u00e0cter i l&#8217;ADN Grama per sumar.<\/p>\n\n\n\n<p><strong><a href=\"https:\/\/www.fcf.cat\/classificacio\/2022\/futbol-11\/lliga-nacional-juvenil\/grup-7\" data-type=\"URL\" data-id=\"https:\/\/www.fcf.cat\/classificacio\/2022\/futbol-11\/lliga-nacional-juvenil\/grup-7\" target=\"_blank\" rel=\"noreferrer noopener\">CLASSIFICACI\u00d3<\/a><\/strong><\/p>\n\n\n\n<div class=\"wp-block-image\"><figure class=\"aligncenter size-large\"><img loading=\"lazy\" decoding=\"async\" width=\"1024\" height=\"684\" src=\"http:\/\/fegrama.cat\/web\/wp-content\/uploads\/2021\/11\/WhatsApp-Image-2021-11-14-at-17.19.39-1024x684.jpeg\" alt=\"\" class=\"wp-image-29765\" srcset=\"http:\/\/fegrama.cat\/web\/wp-content\/uploads\/2021\/11\/WhatsApp-Image-2021-11-14-at-17.19.39-1024x684.jpeg 1024w, http:\/\/fegrama.cat\/web\/wp-content\/uploads\/2021\/11\/WhatsApp-Image-2021-11-14-at-17.19.39-300x200.jpeg 300w, http:\/\/fegrama.cat\/web\/wp-content\/uploads\/2021\/11\/WhatsApp-Image-2021-11-14-at-17.19.39-768x513.jpeg 768w, http:\/\/fegrama.cat\/web\/wp-content\/uploads\/2021\/11\/WhatsApp-Image-2021-11-14-at-17.19.39-1536x1025.jpeg 1536w, http:\/\/fegrama.cat\/web\/wp-content\/uploads\/2021\/11\/WhatsApp-Image-2021-11-14-at-17.19.39.jpeg 1600w\" sizes=\"auto, (max-width: 1024px) 100vw, 1024px\" \/><\/figure><\/div>\n\n\n\n<p>El <strong>Grupo 7 de Liga Nacional<\/strong> se apret\u00f3 m\u00e1s todav\u00eda en la parte alta de la clasificaci\u00f3n tras la inesperada derrota como local de la Grama por 0-1 ante el CE Manresa. El equipo de Manu Pel\u00e1ez sigue en cuarto lugar, ahora mismo ascenso a Divisi\u00f3n de Honor, con 20 puntos y tan s\u00f3lo 1 punto de ventaja sobre N\u00e0stic Manresa, Figueres y Olot. Dos por encima del Cornell\u00e0 B y tres de la UE Sants.<\/p>\n\n\n\n<p>Restan dos partidos para finalizar el a\u00f1o y cuatro para concluir la primera vuelta del campeonato, y por delante a la Grama le llega el &#8216;Tourmalet&#8217;. Para empezar este domingo a las 15:30 horas visitar\u00e1n a un Girona B que como local lleva 4 victorias y 1 empate. L\u00edderes de la liga con 29 puntos, el equipo m\u00e1s goleador (32) y solamente ha encajado una derrota, en la \u00faltima jornada 1-0 ante el Bar\u00e7a B.<\/p>\n\n\n\n<p>Despedir\u00e1n el a\u00f1o el domingo 19 de diciembre (11:45h.) con un derbi ante el CF Badalona. Und\u00e9cimos con 14 puntos, luchando por la permanencia. Rival complicado que visitar\u00e1 Santa Coloma con necesidad de sumar. El &#8216;Tourmalet&#8217; se cerrar\u00e1 el 09 de enero de 2022 visitando al FC Barcelona B, segundos de la liga con 23 puntos en su casillero y un partido menos que el resto.<\/p>\n\n\n\n<p>La primera vuelta del campeonato la cerrar\u00e1n en casa ante la UE Cornell\u00e0 B. Rivales complicados para un Juvenil A de la FE Grama que ya ha demostrado que puede con todos. Ante el tercero, CF Damm B, el marcador fue de 0-0 y los azules fueron mejores, y con rivales directos como N\u00e0stic Manresa (2-0) y Figueres (0-4) ganaron con solvencia. Sacar\u00e1n nuevamente el car\u00e1cter y el ADN Grama para sumar.<\/p>\n","protected":false},"excerpt":{"rendered":"<p>El Grup 7 de Lliga Nacional es va collar m\u00e9s encara a la part alta de la classificaci\u00f3 despr\u00e9s de la inesperada derrota com a local de la Grama per 0-1 davant el CE Manresa. L&#8217;equip de Manu Pel\u00e1ez segueix en quart lloc, ara mateix ascens a Divisi\u00f3 d&#8217;Honor, amb 20 punts i tan sols [&hellip;]<\/p>\n","protected":false},"author":1,"featured_media":29765,"comment_status":"closed","ping_status":"closed","sticky":false,"template":"","format":"standard","meta":{"footnotes":""},"categories":[4,6],"tags":[],"class_list":["post-29932","post","type-post","status-publish","format-standard","has-post-thumbnail","hentry","category-base-inclusiu","category-juvenils"],"_links":{"self":[{"href":"http:\/\/fegrama.cat\/web\/wp-json\/wp\/v2\/posts\/29932","targetHints":{"allow":["GET"]}}],"collection":[{"href":"http:\/\/fegrama.cat\/web\/wp-json\/wp\/v2\/posts"}],"about":[{"href":"http:\/\/fegrama.cat\/web\/wp-json\/wp\/v2\/types\/post"}],"author":[{"embeddable":true,"href":"http:\/\/fegrama.cat\/web\/wp-json\/wp\/v2\/users\/1"}],"replies":[{"embeddable":true,"href":"http:\/\/fegrama.cat\/web\/wp-json\/wp\/v2\/comments?post=29932"}],"version-history":[{"count":6,"href":"http:\/\/fegrama.cat\/web\/wp-json\/wp\/v2\/posts\/29932\/revisions"}],"predecessor-version":[{"id":29938,"href":"http:\/\/fegrama.cat\/web\/wp-json\/wp\/v2\/posts\/29932\/revisions\/29938"}],"wp:featuredmedia":[{"embeddable":true,"href":"http:\/\/fegrama.cat\/web\/wp-json\/wp\/v2\/media\/29765"}],"wp:attachment":[{"href":"http:\/\/fegrama.cat\/web\/wp-json\/wp\/v2\/media?parent=29932"}],"wp:term":[{"taxonomy":"category","embeddable":true,"href":"http:\/\/fegrama.cat\/web\/wp-json\/wp\/v2\/categories?post=29932"},{"taxonomy":"post_tag","embeddable":true,"href":"http:\/\/fegrama.cat\/web\/wp-json\/wp\/v2\/tags?post=29932"}],"curies":[{"name":"wp","href":"https:\/\/api.w.org\/{rel}","templated":true}]}}