{"id":29918,"date":"2021-12-05T17:38:13","date_gmt":"2021-12-05T16:38:13","guid":{"rendered":"http:\/\/fegrama.cat\/web\/?p=29918"},"modified":"2021-12-05T17:39:25","modified_gmt":"2021-12-05T16:39:25","slug":"30-segons-per-marcar-90-minuts-per-tornar-guanyar","status":"publish","type":"post","link":"http:\/\/fegrama.cat\/web\/30-segons-per-marcar-90-minuts-per-tornar-guanyar\/","title":{"rendered":"30 segons per marcar, 90 minuts per tornar ha guanyar"},"content":{"rendered":"\n<p>La Fundaci\u00f3 Esportiva Grama va sumar tres punts despr\u00e9s de guanyar 1-0 al CF Pobla de Mafumet. Una vict\u00f2ria justa i molt treballada per continuar invictes a Santa Coloma i trencar la din\u00e0mica.<\/p>\n\n\n\n<p>Immillorable inici de partit de la Grama que en 30 segons es va posar per davant al marcador. Els colomencs van treure des del migcamp i van construir una jugada molt r\u00e0pida d&#8217;atac que va acabar en assist\u00e8ncia de Roger Garc\u00eda i definici\u00f3, canonada a l&#8217;escaire, d&#8217;\u00c1lex Montalb\u00e1n.<\/p>\n\n\n\n<div class=\"wp-block-image\"><figure class=\"aligncenter size-large is-resized\"><img loading=\"lazy\" decoding=\"async\" src=\"http:\/\/fegrama.cat\/web\/wp-content\/uploads\/2021\/12\/montapobla-1024x634.jpg\" alt=\"\" class=\"wp-image-29925\" width=\"499\" height=\"309\" srcset=\"http:\/\/fegrama.cat\/web\/wp-content\/uploads\/2021\/12\/montapobla-1024x634.jpg 1024w, http:\/\/fegrama.cat\/web\/wp-content\/uploads\/2021\/12\/montapobla-300x186.jpg 300w, http:\/\/fegrama.cat\/web\/wp-content\/uploads\/2021\/12\/montapobla-768x476.jpg 768w, http:\/\/fegrama.cat\/web\/wp-content\/uploads\/2021\/12\/montapobla-1536x952.jpg 1536w, http:\/\/fegrama.cat\/web\/wp-content\/uploads\/2021\/12\/montapobla-2048x1269.jpg 2048w\" sizes=\"auto, (max-width: 499px) 100vw, 499px\" \/><\/figure><\/div>\n\n\n\n<p>Guanyava la Grama que va tornar a trepitjar l&#8217;\u00e0rea a la seg\u00fcent jugada despr\u00e9s de robar la pilota al rival. Despr\u00e9s d&#8217;aquest inici el\u00e8ctric de color blau, les forces es van igualar i la Pobla es va acostar amb perill. Els locals van saber defensar-se molt b\u00e9, amb un Akrong imperial. La m\u00e9s clara del primer temps va ser un 1 contra 1 de Guzm\u00e1n, el visitant es va embolicar i Guiseris va intervenir.<\/p>\n\n\n\n<p>Primers 45 minuts sense un dominador clar, amb m\u00e9s pilota per a la Pobla i moltes imprecisions als dos equips. Els visitants van tenir dues oportunitats m\u00e9s, totes dues per sobre de la porteria, i la millor de la Grama va arribar al 40 amb una internada a l&#8217;\u00e0rea de Peris que va acabar amb xut del capit\u00e0.<\/p>\n\n\n\n<p>Despr\u00e9s del descans i amb 1-0 al marcador la FE Grama va buscar el segon sense fortuna. Al 48 Peris topava amb el porter despr\u00e9s d&#8217;una passada de Montalb\u00e1n que el deixava sol, poc despr\u00e9s era Molins qui la tenia despr\u00e9s d&#8217;una gran jugada de Rubi i Peris, i tamb\u00e9 Escarrabill toparia amb el porter. Montalb\u00e1n de rosqueta dins de l&#8217;\u00e0rea gaireb\u00e9 sorprenia el porter (55\u2032) i tampoc s&#8217;ho pensaria Fran des de fora de l&#8217;\u00e0rea per provar.<\/p>\n\n\n\n<div class=\"wp-block-image\"><figure class=\"aligncenter size-large is-resized\"><img loading=\"lazy\" decoding=\"async\" src=\"http:\/\/fegrama.cat\/web\/wp-content\/uploads\/2021\/12\/pequepobla-1024x734.jpg\" alt=\"\" class=\"wp-image-29926\" width=\"473\" height=\"338\" srcset=\"http:\/\/fegrama.cat\/web\/wp-content\/uploads\/2021\/12\/pequepobla-1024x734.jpg 1024w, http:\/\/fegrama.cat\/web\/wp-content\/uploads\/2021\/12\/pequepobla-300x215.jpg 300w, http:\/\/fegrama.cat\/web\/wp-content\/uploads\/2021\/12\/pequepobla-768x550.jpg 768w, http:\/\/fegrama.cat\/web\/wp-content\/uploads\/2021\/12\/pequepobla-1536x1101.jpg 1536w, http:\/\/fegrama.cat\/web\/wp-content\/uploads\/2021\/12\/pequepobla-2048x1468.jpg 2048w\" sizes=\"auto, (max-width: 473px) 100vw, 473px\" \/><figcaption>Peque va tornar a jugar. No jugava des de la primera jornada de lliga.<\/figcaption><\/figure><\/div>\n\n\n\n<p>Una de les grans not\u00edcies del partit arribaria al minut 65 amb el retorn de Peque, el lateral tornava despr\u00e9s de mesos lesionat i ho faria completant una gran actuaci\u00f3. La Grama va rondar el segon en una nova cavalcada per banda amb una passada de la mort al qual ni Montalb\u00e1n ni Molins aconseguien arribar. L&#8217;ajustat resultat i el pas dels minuts va fer que la Pobla an\u00e9s pujant l\u00ednies i penjant pilotes. Al 70 Guiseris salvava la Grama amb una supervia parada al davanter rival.<\/p>\n\n\n\n<p>Juanma Pons va anar movent la banqueta amb l&#8217;entrada primer de Recort (73\u2032) i al 82 d&#8217;Antonicelli, \u00c1ngel i Jos\u00e9 Enrique, jugadors frescos per mantenir el resultat. La Grama no va patir, va saber jugar els \u00faltims minuts, temporitzar el temps en una segona meitat dominada pels blaus, i defensar-se de les pilotes penjades per la Pobla de Mafumet.<\/p>\n\n\n\n<p>Tres punts m\u00e9s a casa i la Grama ja pensa a tancar l&#8217;any a Terrassa amb la primera vict\u00f2ria com a visitants.<\/p>\n\n\n\n<p><strong>Fitxa t\u00e8cnica:<\/strong><\/p>\n\n\n\n<p><strong>FE Grama:<\/strong>&nbsp;Guiseris (P), Rubi, Alan (65\u2032, Peque), Adrien, Molins (82\u2032, Antonicelli), Montalb\u00e1n (82\u2032, Jos\u00e9 Enrique), Fran Hern\u00e1ndez, Peris (73&#8242;, Recort), Roger Garc\u00eda (82\u2032, \u00c1ngel), Guillem Escarrabill i Akrong.<\/p>\n\n\n\n<p><strong>CF Pobla de Mafumet:&nbsp;<\/strong>Parra (P), Caballero, Grifell, De La Pe\u00f1a, Robledo, Oscar G\u00f3mez (63&#8242;, Oscar Romero), Marc \u00c1lvarez, Valverde (72&#8242;, Amoedo), Guzm\u00e1n, Boaz i Montalvo (88&#8242;, Querol).<\/p>\n\n\n\n<p><strong>Gol:<\/strong>&nbsp;1-0. Seg. 30 : \u00c1lex Montalb\u00e1n.<\/p>\n\n\n\n<p><strong>\u00c0rbitre:&nbsp;<\/strong>Marc Pujol (Comit\u00e8 Osona). Va amonestar als locals Fran, Rubi i Roger Garc\u00eda, i als visitants Oscar Romero i Amoedo.<\/p>\n\n\n\n<p><strong><a href=\"https:\/\/www.fcf.cat\/classificacio\/2022\/futbol-11\/tercera-division-rfef\/grup-v\" target=\"_blank\" rel=\"noreferrer noopener\">CLASSIFICACI\u00d3<\/a><\/strong><\/p>\n\n\n\n<div class=\"wp-block-image\"><figure class=\"aligncenter size-large\"><img loading=\"lazy\" decoding=\"async\" width=\"1024\" height=\"694\" src=\"http:\/\/fegrama.cat\/web\/wp-content\/uploads\/2021\/12\/adrienpobla-1024x694.jpg\" alt=\"\" class=\"wp-image-29927\" srcset=\"http:\/\/fegrama.cat\/web\/wp-content\/uploads\/2021\/12\/adrienpobla-1024x694.jpg 1024w, http:\/\/fegrama.cat\/web\/wp-content\/uploads\/2021\/12\/adrienpobla-300x203.jpg 300w, http:\/\/fegrama.cat\/web\/wp-content\/uploads\/2021\/12\/adrienpobla-768x520.jpg 768w, http:\/\/fegrama.cat\/web\/wp-content\/uploads\/2021\/12\/adrienpobla-1536x1040.jpg 1536w, http:\/\/fegrama.cat\/web\/wp-content\/uploads\/2021\/12\/adrienpobla-2048x1387.jpg 2048w\" sizes=\"auto, (max-width: 1024px) 100vw, 1024px\" \/><\/figure><\/div>\n\n\n\n<p>La Fundaci\u00f3 Esportiva Grama sum\u00f3 tres puntos tras ganar 1-0 al CF Pobla de Mafumet. Una victoria justa y muy trabajada para continuar invictos en Santa Coloma y romper la din\u00e1mica.<\/p>\n\n\n\n<p>Inmejorable inicio de partido de la Grama que en 30 segundos se puso por delante en el marcador. Los colomenses sacaron desde el centro del campo y construyeron una jugada muy r\u00e1pida de ataque que termin\u00f3 en asistencia de Roger Garc\u00eda y definici\u00f3n, ca\u00f1onazo a la escuadra, de \u00c1lex Montalb\u00e1n.<\/p>\n\n\n\n<p>Ganaba la Grama que volvi\u00f3 a pisar el \u00e1rea en la siguiente jugada tras robar el bal\u00f3n al rival. Tras ese inicio el\u00e9ctrico de color azul las fuerzas se igualaron y la Pobla se acerc\u00f3 con peligro. Los locales supieron defenderse muy bien, con un Akrong imperial. La m\u00e1s clara del primer tiempo fue un 1 contra 1 de Guzm\u00e1n, el visitante se li\u00f3 y Guiseris intervino.<\/p>\n\n\n\n<p>Primeros 45 minutos sin un dominador claro, con m\u00e1s bal\u00f3n para la Pobla y muchas imprecisiones en los dos equipos. Los visitantes tuvieron dos oportunidades m\u00e1s, ambas por encima de la porter\u00eda, y la mejor de la Grama lleg\u00f3 en el 40 con una internada al \u00e1rea de Peris que acab\u00f3 con chute del capit\u00e1n. <\/p>\n\n\n\n<p>Tras el descanso y con 1-0 en el marcador la FE Grama busc\u00f3 el segundo sin fortuna. En el 48 Peris se topaba con el portero tras un pase de Montalb\u00e1n que lo dejaba solo, poco despu\u00e9s era Molins quien la ten\u00eda tras una gran jugada de Rub\u00ed y Peris, y tambi\u00e9n Escarrabill se topar\u00eda con el portero. Montalb\u00e1n de rosquita dentro del \u00e1rea casi sorprend\u00eda al portero (55&#8242;) y tampoco se lo pensar\u00eda Fran desde fuera del \u00e1rea para probar. <\/p>\n\n\n\n<p>Una de las grandes noticias del partido llegar\u00eda en el minuto 65 con el regreso de Peque, el lateral regresaba tras meses lesionado y lo har\u00eda completando una gran actuaci\u00f3n. La Grama rond\u00f3 y nuevamente tuvo el segundo en una nueva cabalgada por banda con un pase de la muerte al que ni Montalb\u00e1n ni Molins consegu\u00edan llegar. El ajustado resultado y el paso de los minutos hizo que la Pobla fuera subiendo l\u00edneas y colgando balones. En el 70 Guiseris salvaba a la Grama con una sobervia parada al delantero rival.<\/p>\n\n\n\n<p>Juanma Pons fue moviendo el banquillo con la entrada primero de Recort (73&#8242;) y en el 82 de Antonicelli, \u00c1ngel y Jos\u00e9 Enrique, jugadores frescos para mantener el resultado. La Grama no sufri\u00f3, supo jugar los \u00faltimos minutos, temporizar el tiempo en una segunda mitad dominada por los azules, y defenderse de los balones colgados por la Pobla de Mafumet. <\/p>\n\n\n\n<p>Tres puntos m\u00e1s en casa y la Grama ya piensa en cerrar el a\u00f1o en Terrassa con la primera victoria como visitantes.<\/p>\n","protected":false},"excerpt":{"rendered":"<p>La Fundaci\u00f3 Esportiva Grama va sumar tres punts despr\u00e9s de guanyar 1-0 al CF Pobla de Mafumet. Una vict\u00f2ria justa i molt treballada per continuar invictes a Santa Coloma i trencar la din\u00e0mica. Immillorable inici de partit de la Grama que en 30 segons es va posar per davant al marcador. Els colomencs van treure [&hellip;]<\/p>\n","protected":false},"author":1,"featured_media":29925,"comment_status":"closed","ping_status":"closed","sticky":false,"template":"","format":"standard","meta":{"footnotes":""},"categories":[5],"tags":[],"class_list":["post-29918","post","type-post","status-publish","format-standard","has-post-thumbnail","hentry","category-primer-equip"],"_links":{"self":[{"href":"http:\/\/fegrama.cat\/web\/wp-json\/wp\/v2\/posts\/29918","targetHints":{"allow":["GET"]}}],"collection":[{"href":"http:\/\/fegrama.cat\/web\/wp-json\/wp\/v2\/posts"}],"about":[{"href":"http:\/\/fegrama.cat\/web\/wp-json\/wp\/v2\/types\/post"}],"author":[{"embeddable":true,"href":"http:\/\/fegrama.cat\/web\/wp-json\/wp\/v2\/users\/1"}],"replies":[{"embeddable":true,"href":"http:\/\/fegrama.cat\/web\/wp-json\/wp\/v2\/comments?post=29918"}],"version-history":[{"count":8,"href":"http:\/\/fegrama.cat\/web\/wp-json\/wp\/v2\/posts\/29918\/revisions"}],"predecessor-version":[{"id":29930,"href":"http:\/\/fegrama.cat\/web\/wp-json\/wp\/v2\/posts\/29918\/revisions\/29930"}],"wp:featuredmedia":[{"embeddable":true,"href":"http:\/\/fegrama.cat\/web\/wp-json\/wp\/v2\/media\/29925"}],"wp:attachment":[{"href":"http:\/\/fegrama.cat\/web\/wp-json\/wp\/v2\/media?parent=29918"}],"wp:term":[{"taxonomy":"category","embeddable":true,"href":"http:\/\/fegrama.cat\/web\/wp-json\/wp\/v2\/categories?post=29918"},{"taxonomy":"post_tag","embeddable":true,"href":"http:\/\/fegrama.cat\/web\/wp-json\/wp\/v2\/tags?post=29918"}],"curies":[{"name":"wp","href":"https:\/\/api.w.org\/{rel}","templated":true}]}}