{"id":29895,"date":"2021-11-29T19:19:20","date_gmt":"2021-11-29T18:19:20","guid":{"rendered":"http:\/\/fegrama.cat\/web\/?p=29895"},"modified":"2021-11-29T19:19:20","modified_gmt":"2021-11-29T18:19:20","slug":"victoria-pels-petits-del-benjami-d-a-casa","status":"publish","type":"post","link":"http:\/\/fegrama.cat\/web\/victoria-pels-petits-del-benjami-d-a-casa\/","title":{"rendered":"Vict\u00f2ria pels petits del Benjam\u00ed \u00abD\u00bb a casa."},"content":{"rendered":"\n<p><strong>Benjam\u00ed D 4 &#8211; Sarri\u00e0 1<\/strong><\/p>\n\n\n\n<p>Els nois del Benjam\u00ed \u00abD\u00bb van jugar el seu partit setmanal a casa. Un partit entre dos equips<br>situats en la part de dalt de la classificaci\u00f3.<\/p>\n\n\n\n<p>El primer quart de joc, va tenir un domini local per\u00f2 sense aprofitar b\u00e9 les oportunitats. Arribats al segon quart, en una contra el Sarri\u00e0 no perdona i es posa per davant en el marcador. Va ser injust, per\u00f2 cert. A partir d&#8217;aquest moment els de la Grama van comen\u00e7ar a ser m\u00e9s intensos i verticals. En una jugada per banda, D\u00eddac va passar en profunditat\u00a0Imran, i la Grama va aconseguir l&#8217;empat.<\/p>\n\n\n\n<p>En la segona part els nostres van ser molt superiors en tot: possessi\u00f3 i ocasions. Aix\u00ed arribaria primer el 2-1, gol d&#8217;Alejandro\u00a0a passada d&#8217;Imram\u00a0en una jugada dins de l&#8217;\u00e0rea. I despr\u00e9s el 3-1 en Xut de fora de l&#8217;\u00e0rea d&#8217;\u00c1lvaro a passada d&#8217;Imran.<br><\/p>\n\n\n\n<p>Ja en l&#8217;\u00faltim quart, es va arrodonir el marcador amb un gran gol de jugada individual\u00a0de Imran.<\/p>\n\n\n\n<p>Tres punts m\u00e9s per a seguir en la zona alta de la classificaci\u00f3.<\/p>\n\n\n\n<p><\/p>\n\n\n\n<figure class=\"wp-block-image size-large\"><img loading=\"lazy\" decoding=\"async\" width=\"765\" height=\"1024\" src=\"http:\/\/fegrama.cat\/web\/wp-content\/uploads\/2021\/11\/BENJAMI\u0301N-D-2-765x1024.jpeg\" alt=\"\" class=\"wp-image-29896\" srcset=\"http:\/\/fegrama.cat\/web\/wp-content\/uploads\/2021\/11\/BENJAMI\u0301N-D-2-765x1024.jpeg 765w, http:\/\/fegrama.cat\/web\/wp-content\/uploads\/2021\/11\/BENJAMI\u0301N-D-2-224x300.jpeg 224w, http:\/\/fegrama.cat\/web\/wp-content\/uploads\/2021\/11\/BENJAMI\u0301N-D-2-768x1027.jpeg 768w, http:\/\/fegrama.cat\/web\/wp-content\/uploads\/2021\/11\/BENJAMI\u0301N-D-2-1148x1536.jpeg 1148w, http:\/\/fegrama.cat\/web\/wp-content\/uploads\/2021\/11\/BENJAMI\u0301N-D-2.jpeg 1196w\" sizes=\"auto, (max-width: 765px) 100vw, 765px\" \/><\/figure>\n\n\n\n<p><\/p>\n\n\n\n<hr class=\"wp-block-separator\"\/>\n\n\n\n<p><\/p>\n\n\n\n<p><strong>Benjam\u00edn D 4 &#8211; Sarri\u00e0 1<\/strong><\/p>\n\n\n\n<p>Los chicos del Benjam\u00edn \u201cD\u201d jugaron su partido semanal en casa. Un partido entre dos equipos situados en la parte de arriba de la clasificaci\u00f3n.<\/p>\n\n\n\n<p>El primer cuarto de juego, tuvo un dominio local pero sin aprovechar bien las oportunidades. Llegados al segundo cuarto, en una contra el Sarri\u00e0 no perdona y se pone por delante en el marcador. Fue injusto, pero cierto. A partir de ese momento los de la Grama empezaron a ser m\u00e1s intensos y verticales. En una jugada por banda, Didac pas\u00f3 en profundidad Imran y la Grama logr\u00f3 el empate.<\/p>\n\n\n\n<p>En la segunda parte los nuestros fueron muy superiores en todo: posesi\u00f3n y ocasiones. As\u00ed llegar\u00eda primero el 2-1, gol de Alejandro a pase de Imran en una jugada dentro del \u00e1rea. Y despu\u00e9s el 3-1 en Chut de fuera del \u00e1rea de \u00c1lvaro a pase de Imran.<\/p>\n\n\n\n<p>Ya en el \u00faltimo cuarto, se redonde\u00f3 el marcador con un gran gol de jugada individual de Imran.<\/p>\n\n\n\n<p>Tres puntos m\u00e1s para seguir en la zona alta de la clasificaci\u00f3n.<\/p>\n","protected":false},"excerpt":{"rendered":"<p>Benjam\u00ed D 4 &#8211; Sarri\u00e0 1 Els nois del Benjam\u00ed \u00abD\u00bb van jugar el seu partit setmanal a casa. Un partit entre dos equipssituats en la part de dalt de la classificaci\u00f3. El primer quart de joc, va tenir un domini local per\u00f2 sense aprofitar b\u00e9 les oportunitats. Arribats al segon quart, en una contra [&hellip;]<\/p>\n","protected":false},"author":1,"featured_media":29896,"comment_status":"closed","ping_status":"closed","sticky":false,"template":"","format":"standard","meta":{"footnotes":""},"categories":[4,11],"tags":[],"class_list":["post-29895","post","type-post","status-publish","format-standard","has-post-thumbnail","hentry","category-base-inclusiu","category-benjamins"],"_links":{"self":[{"href":"http:\/\/fegrama.cat\/web\/wp-json\/wp\/v2\/posts\/29895","targetHints":{"allow":["GET"]}}],"collection":[{"href":"http:\/\/fegrama.cat\/web\/wp-json\/wp\/v2\/posts"}],"about":[{"href":"http:\/\/fegrama.cat\/web\/wp-json\/wp\/v2\/types\/post"}],"author":[{"embeddable":true,"href":"http:\/\/fegrama.cat\/web\/wp-json\/wp\/v2\/users\/1"}],"replies":[{"embeddable":true,"href":"http:\/\/fegrama.cat\/web\/wp-json\/wp\/v2\/comments?post=29895"}],"version-history":[{"count":1,"href":"http:\/\/fegrama.cat\/web\/wp-json\/wp\/v2\/posts\/29895\/revisions"}],"predecessor-version":[{"id":29897,"href":"http:\/\/fegrama.cat\/web\/wp-json\/wp\/v2\/posts\/29895\/revisions\/29897"}],"wp:featuredmedia":[{"embeddable":true,"href":"http:\/\/fegrama.cat\/web\/wp-json\/wp\/v2\/media\/29896"}],"wp:attachment":[{"href":"http:\/\/fegrama.cat\/web\/wp-json\/wp\/v2\/media?parent=29895"}],"wp:term":[{"taxonomy":"category","embeddable":true,"href":"http:\/\/fegrama.cat\/web\/wp-json\/wp\/v2\/categories?post=29895"},{"taxonomy":"post_tag","embeddable":true,"href":"http:\/\/fegrama.cat\/web\/wp-json\/wp\/v2\/tags?post=29895"}],"curies":[{"name":"wp","href":"https:\/\/api.w.org\/{rel}","templated":true}]}}