{"id":29892,"date":"2021-11-29T13:58:52","date_gmt":"2021-11-29T12:58:52","guid":{"rendered":"http:\/\/fegrama.cat\/web\/?p=29892"},"modified":"2021-11-29T13:58:53","modified_gmt":"2021-11-29T12:58:53","slug":"els-juvenils-del-b-guanyen-la-seva-quarta-victoria-consecutiva","status":"publish","type":"post","link":"http:\/\/fegrama.cat\/web\/els-juvenils-del-b-guanyen-la-seva-quarta-victoria-consecutiva\/","title":{"rendered":"Els Juvenils del \u00abB\u00bb guanyen la seva quarta vict\u00f2ria consecutiva."},"content":{"rendered":"\n<p><br><strong>Juvenil \u00abB\u00bb 3 &#8211; Can\u00a0Buxeres\u00a00<\/strong><\/p>\n\n\n\n<p>El nostre Juvenil \u00abB\u00bb va jugar a casa una primera part una mica fluixa. Aquesta vegada, es van posar les piles de cara a la segona i van poder encarrilar la vict\u00f2ria de manera r\u00e0pida. \u00c9s la quarta vict\u00f2ria consecutiva que acosta a l&#8217;equip a la part alta de la classificaci\u00f3.<\/p>\n\n\n\n<p>Toca seguir en aquest cam\u00ed. Felicitar a tot l&#8217;equip i sobretot als golejadors: Omar,\u00a0Yeray\u00a0i\u00a0Rub\u00e9n.<\/p>\n\n\n\n<p><\/p>\n\n\n\n<figure class=\"wp-block-image size-large\"><img loading=\"lazy\" decoding=\"async\" width=\"1024\" height=\"768\" src=\"http:\/\/fegrama.cat\/web\/wp-content\/uploads\/2021\/11\/Juv.-B-1024x768.jpeg\" alt=\"\" class=\"wp-image-29893\" srcset=\"http:\/\/fegrama.cat\/web\/wp-content\/uploads\/2021\/11\/Juv.-B-1024x768.jpeg 1024w, http:\/\/fegrama.cat\/web\/wp-content\/uploads\/2021\/11\/Juv.-B-300x225.jpeg 300w, http:\/\/fegrama.cat\/web\/wp-content\/uploads\/2021\/11\/Juv.-B-768x576.jpeg 768w, http:\/\/fegrama.cat\/web\/wp-content\/uploads\/2021\/11\/Juv.-B-1536x1152.jpeg 1536w, http:\/\/fegrama.cat\/web\/wp-content\/uploads\/2021\/11\/Juv.-B.jpeg 1600w\" sizes=\"auto, (max-width: 1024px) 100vw, 1024px\" \/><\/figure>\n\n\n\n<p><\/p>\n\n\n\n<hr class=\"wp-block-separator\"\/>\n\n\n\n<p><\/p>\n\n\n\n<p><strong>Juvenil \u201cB\u201d 3 &#8211; Can Buxeres 0<\/strong><\/p>\n\n\n\n<p>Nuestro Juvenil \u201cB\u201d jug\u00f3 en casa una primera parte un poco floja. Esta vez, se pusieron las pilas de cara a la segunda y pudieron encarrilar la victoria de manera r\u00e1pida. Es la cuarta victoria consecutiva que acerca al equipo a la parte alta de la clasificaci\u00f3n.<\/p>\n\n\n\n<p>Toca seguir en este camino. Felicitar a todo el equipo y sobre todo a los goleadores: Omar, Yeray y Rub\u00e9n.<\/p>\n","protected":false},"excerpt":{"rendered":"<p>Juvenil \u00abB\u00bb 3 &#8211; Can\u00a0Buxeres\u00a00 El nostre Juvenil \u00abB\u00bb va jugar a casa una primera part una mica fluixa. Aquesta vegada, es van posar les piles de cara a la segona i van poder encarrilar la vict\u00f2ria de manera r\u00e0pida. \u00c9s la quarta vict\u00f2ria consecutiva que acosta a l&#8217;equip a la part alta de la [&hellip;]<\/p>\n","protected":false},"author":1,"featured_media":29893,"comment_status":"closed","ping_status":"closed","sticky":false,"template":"","format":"standard","meta":{"footnotes":""},"categories":[4,6],"tags":[],"class_list":["post-29892","post","type-post","status-publish","format-standard","has-post-thumbnail","hentry","category-base-inclusiu","category-juvenils"],"_links":{"self":[{"href":"http:\/\/fegrama.cat\/web\/wp-json\/wp\/v2\/posts\/29892","targetHints":{"allow":["GET"]}}],"collection":[{"href":"http:\/\/fegrama.cat\/web\/wp-json\/wp\/v2\/posts"}],"about":[{"href":"http:\/\/fegrama.cat\/web\/wp-json\/wp\/v2\/types\/post"}],"author":[{"embeddable":true,"href":"http:\/\/fegrama.cat\/web\/wp-json\/wp\/v2\/users\/1"}],"replies":[{"embeddable":true,"href":"http:\/\/fegrama.cat\/web\/wp-json\/wp\/v2\/comments?post=29892"}],"version-history":[{"count":1,"href":"http:\/\/fegrama.cat\/web\/wp-json\/wp\/v2\/posts\/29892\/revisions"}],"predecessor-version":[{"id":29894,"href":"http:\/\/fegrama.cat\/web\/wp-json\/wp\/v2\/posts\/29892\/revisions\/29894"}],"wp:featuredmedia":[{"embeddable":true,"href":"http:\/\/fegrama.cat\/web\/wp-json\/wp\/v2\/media\/29893"}],"wp:attachment":[{"href":"http:\/\/fegrama.cat\/web\/wp-json\/wp\/v2\/media?parent=29892"}],"wp:term":[{"taxonomy":"category","embeddable":true,"href":"http:\/\/fegrama.cat\/web\/wp-json\/wp\/v2\/categories?post=29892"},{"taxonomy":"post_tag","embeddable":true,"href":"http:\/\/fegrama.cat\/web\/wp-json\/wp\/v2\/tags?post=29892"}],"curies":[{"name":"wp","href":"https:\/\/api.w.org\/{rel}","templated":true}]}}