{"id":29882,"date":"2021-11-29T10:03:07","date_gmt":"2021-11-29T09:03:07","guid":{"rendered":"http:\/\/fegrama.cat\/web\/?p=29882"},"modified":"2021-11-29T10:03:08","modified_gmt":"2021-11-29T09:03:08","slug":"victoria-del-cadet-b-contra-el-torello","status":"publish","type":"post","link":"http:\/\/fegrama.cat\/web\/victoria-del-cadet-b-contra-el-torello\/","title":{"rendered":"Vict\u00f2ria del Cadet \u00abB\u00bb contra el Torell\u00f3."},"content":{"rendered":"\n<p><strong>C.F Torell\u00f3 0 &#8211; Cadet \u00abB\u00bb 3<\/strong><\/p>\n\n\n\n<p>Primer fred intens, despr\u00e9s calamarsa, m\u00e9s tard sol. Aquestes condicions meteorol\u00f2giques tan inestables podrien reflectir el joc desenvolupat pel nostre cadet B en la seva visita al Municipal de Torell\u00f3.<\/p>\n\n\n\n<p>I \u00e9s que les excuses solament valen per a no exercir la dura tasca d&#8217;autoavaluar-se, d&#8217;autoresponsabilitzar-se i per a allunyar-nos de la incomoditat personal, per\u00f2 seria \u00abde necis\u00bb dir que vam ser tan superiors com el marcador final reflectia amb el 0 a 3.<br>No en va, els gols van ser marcats al final de la primera part i de la segona.<\/p>\n\n\n\n<p>El comen\u00e7ament va ser igualat, dir\u00edem que una cosa inclinada per als visitants, amb algun acostament perill\u00f3s, per\u00f2 aviat aix\u00f2 es va girar en contra, sent els de casa, dominadors del joc i de les ocasions, errades per mala fortuna. Es necessita contund\u00e8ncia, concentraci\u00f3 i voluntat de ferro perqu\u00e8 en aquesta categoria els partits transcorrin sobre el que un dels dos equips desitja i encara, els Colomencs caminen acostumant-se a aix\u00f2.<\/p>\n\n\n\n<p>Despr\u00e9s de treure&#8217;s el domini de damunt, els blavencs van ser una mica m\u00e9s valents amb la pilota i van tenir la capacitat de, despr\u00e9s d&#8217;una bona circulaci\u00f3 de pilota, \u00d2scar va realitzar un centre des del flanc esquerr\u00e0 i&nbsp;Guille&nbsp;va rematar de cap sense oposici\u00f3, encara que de manera impecable per a col\u00b7locar el 0 a 1 en el marcador.<\/p>\n\n\n\n<p>L&#8217;inici de la segona part, despr\u00e9s d&#8217;alguns ajustos en el vestuari i diverses substitucions, es va iniciar amb for\u00e7a pels visitants, per\u00f2 els de casa, amb el seu bon fer van igualar aix\u00f2 i van aconseguir dues clares ocasions de gol, enviant la pilota als pals de la porteria. Ja en el tram final, despr\u00e9s d&#8217;un contraatac, amb el C.F. Torell\u00f3 bolcat en atac,&nbsp;Yasssin&nbsp;va posar el 0 a 2. Una mica m\u00e9s tard, al cap de 5 minuts, acci\u00f3 de servei de cantonada i rematada de Gen\u00eds. 0 a 3 i final del partit.<\/p>\n\n\n\n<p>El cos t\u00e8cnic ens deixa les seg\u00fcents reflexions: \u00abEs va fer el que calia fer, guanyar, per\u00f2 sempre vam ser presa de la inestabilitat. Estem lluny, en la competici\u00f3, de demostrar del que som capaces durant els entrenaments. Els rivals, fins al moment, dominen aquesta tensi\u00f3 competitiva millor que nosaltres&#8230; i com diuen totes les pel\u00b7l\u00edcules rom\u00e0ntiques: \u00abper a triomfar cal ser un mateix\u00bb. No ho estem aconseguint, i aix\u00f2 reflecteix partits m\u00e9s pr\u00f2xims al sofriment que al gaudi. Ara tenim 5 sessions d&#8217;entrenament per a preparar el seg\u00fcent partit i continuar creixent en tots els aspectes.\u00bb<\/p>\n\n\n\n<p><\/p>\n\n\n\n<figure class=\"wp-block-image size-large\"><img loading=\"lazy\" decoding=\"async\" width=\"1024\" height=\"682\" src=\"http:\/\/fegrama.cat\/web\/wp-content\/uploads\/2021\/11\/CADET-B-1024x682.jpg\" alt=\"\" class=\"wp-image-29883\" srcset=\"http:\/\/fegrama.cat\/web\/wp-content\/uploads\/2021\/11\/CADET-B-1024x682.jpg 1024w, http:\/\/fegrama.cat\/web\/wp-content\/uploads\/2021\/11\/CADET-B-300x200.jpg 300w, http:\/\/fegrama.cat\/web\/wp-content\/uploads\/2021\/11\/CADET-B-768x511.jpg 768w, http:\/\/fegrama.cat\/web\/wp-content\/uploads\/2021\/11\/CADET-B-1536x1022.jpg 1536w, http:\/\/fegrama.cat\/web\/wp-content\/uploads\/2021\/11\/CADET-B-2048x1363.jpg 2048w\" sizes=\"auto, (max-width: 1024px) 100vw, 1024px\" \/><\/figure>\n\n\n\n<hr class=\"wp-block-separator\"\/>\n\n\n\n<p><\/p>\n\n\n\n<p><strong>C.F Torell\u00f3 0 &#8211; Cadete \u00abB\u00bb 3<\/strong><\/p>\n\n\n\n<p>Primero fr\u00edo intenso, luego granizo, m\u00e1s tarde sol. Estas condiciones metereol\u00f3gicas tan inestables podr\u00edan reflejar el juego desarrollado por nuestro cadete B en su visita al Municipal de Torell\u00f3.<\/p>\n\n\n\n<p>Y es que las excusas solamente valen para no ejercer la dura tarea de autoevaluarse, de autoresponsabilizarse y para alejarnos de la incomodidad personal, pero ser\u00eda de necios decir que fuimos tan superiores como el marcador final refleja con ese 0 a 3.<\/p>\n\n\n\n<p>No en vano, los goles fueron marcados al final de la primera parte y de la segunda.<\/p>\n\n\n\n<p>El comienzo fue igualado, dir\u00edamos que algo inclinado para los visitantes, con alg\u00fan acercamiento peligroso, pero pronto eso se torn\u00f3 en contra, siendo los de casa, dominadores del juego y de las ocasiones, erradas por mala fortuna. Se necesita contundencia, concentraci\u00f3n y voluntad de hierro para que en esta categor\u00eda los partidos transcurran sobre lo que uno de los dos equipos desea y todav\u00eda, los colomenses andan acostumbr\u00e1ndose a ello.<\/p>\n\n\n\n<p>Tras sacarse el dominio de encima, los azulones fueron algo m\u00e1s valientes con el bal\u00f3n y tuvieron la capacidad de, tras una buena circulaci\u00f3n de pelota, Oscar realizar un centro desde el flanco zurdo y Guille rematar de cabeza sin oposici\u00f3n, aunque de manera impecable para colocar el 0 a 1 en el marcador.<\/p>\n\n\n\n<p>El inicio de la segunda parte, tras algunos ajustes en el vestuario y varias sustituciones, se inici\u00f3 con fuerza por los visitantes, pero los de casa, con su buen hacer igualaron eso y consiguieron dos claras ocasiones de gol, enviando la pelota a los palos de la porter\u00eda. Ya en el tramo final, tras un contraataque, con el C.F. Torell\u00f3 volcado en ataque, Yasssin puso el 0 a 2. Un poco m\u00e1s tarde, a los 5 minutos, acci\u00f3n de saque de esquina y remate de Gen\u00eds. 0 a 3 y final del partido.<\/p>\n\n\n\n<p>El cuerpo t\u00e9cnico nos deja las siguientes reflexiones: \u201cSe hizo lo que hab\u00eda que hacer, ganar, pero siempre fuimos presa de la inestabilidad. Estamos lejos, en la competici\u00f3n, de demostrar de lo que somos capaces durante los entrenamientos. Los rivales, hasta el momento, dominan esa tensi\u00f3n competitiva mejor que nosotros\u2026 y como dicen todas las pel\u00edculas rom\u00e1nticas: \u201cpara triunfar hay que ser uno mismo\u201d. No lo estamos consiguiendo, y eso refleja partidos m\u00e1s cercanos al sufrimiento que al disfrute. Ahora tenemos 5 sesiones de entrenamiento para preparar el siguiente partido y seguir creciendo en todos los aspectos.\u201d<\/p>\n","protected":false},"excerpt":{"rendered":"<p>C.F Torell\u00f3 0 &#8211; Cadet \u00abB\u00bb 3 Primer fred intens, despr\u00e9s calamarsa, m\u00e9s tard sol. Aquestes condicions meteorol\u00f2giques tan inestables podrien reflectir el joc desenvolupat pel nostre cadet B en la seva visita al Municipal de Torell\u00f3. I \u00e9s que les excuses solament valen per a no exercir la dura tasca d&#8217;autoavaluar-se, d&#8217;autoresponsabilitzar-se i per [&hellip;]<\/p>\n","protected":false},"author":1,"featured_media":29883,"comment_status":"closed","ping_status":"closed","sticky":false,"template":"","format":"standard","meta":{"footnotes":""},"categories":[4,7],"tags":[],"class_list":["post-29882","post","type-post","status-publish","format-standard","has-post-thumbnail","hentry","category-base-inclusiu","category-cadets"],"_links":{"self":[{"href":"http:\/\/fegrama.cat\/web\/wp-json\/wp\/v2\/posts\/29882","targetHints":{"allow":["GET"]}}],"collection":[{"href":"http:\/\/fegrama.cat\/web\/wp-json\/wp\/v2\/posts"}],"about":[{"href":"http:\/\/fegrama.cat\/web\/wp-json\/wp\/v2\/types\/post"}],"author":[{"embeddable":true,"href":"http:\/\/fegrama.cat\/web\/wp-json\/wp\/v2\/users\/1"}],"replies":[{"embeddable":true,"href":"http:\/\/fegrama.cat\/web\/wp-json\/wp\/v2\/comments?post=29882"}],"version-history":[{"count":1,"href":"http:\/\/fegrama.cat\/web\/wp-json\/wp\/v2\/posts\/29882\/revisions"}],"predecessor-version":[{"id":29884,"href":"http:\/\/fegrama.cat\/web\/wp-json\/wp\/v2\/posts\/29882\/revisions\/29884"}],"wp:featuredmedia":[{"embeddable":true,"href":"http:\/\/fegrama.cat\/web\/wp-json\/wp\/v2\/media\/29883"}],"wp:attachment":[{"href":"http:\/\/fegrama.cat\/web\/wp-json\/wp\/v2\/media?parent=29882"}],"wp:term":[{"taxonomy":"category","embeddable":true,"href":"http:\/\/fegrama.cat\/web\/wp-json\/wp\/v2\/categories?post=29882"},{"taxonomy":"post_tag","embeddable":true,"href":"http:\/\/fegrama.cat\/web\/wp-json\/wp\/v2\/tags?post=29882"}],"curies":[{"name":"wp","href":"https:\/\/api.w.org\/{rel}","templated":true}]}}