{"id":29872,"date":"2021-11-28T19:09:17","date_gmt":"2021-11-28T18:09:17","guid":{"rendered":"http:\/\/fegrama.cat\/web\/?p=29872"},"modified":"2021-11-28T19:09:18","modified_gmt":"2021-11-28T18:09:18","slug":"derrota-del-juvenil-a-0-1-davant-un-ordenat-manresa","status":"publish","type":"post","link":"http:\/\/fegrama.cat\/web\/derrota-del-juvenil-a-0-1-davant-un-ordenat-manresa\/","title":{"rendered":"Derrota del Juvenil A (0-1) davant un ordenat Manresa"},"content":{"rendered":"\n<p>Derrota del Juvenil A al Nou Municipal davant un Manresa ordenat que va saber esperar el seu moment (0-1).<\/p>\n\n\n\n<p>El partit iniciava amb una Grama totalment dominadora del joc davant d&#8217;un Manresa tancat enrere i amb les l\u00ednies molt juntes. Intentaven els de Manu Pel\u00e1ez perforar aquesta \u201cmuralla\u201d blanc-i-vermella per\u00f2 amb poc \u00e8xit. Els colomencs arribaven b\u00e9 a la frontal de l&#8217;\u00e0rea manresana, per\u00f2 un cop all\u00e0 el centre o l&#8217;\u00faltima passada no era efica\u00e7.<\/p>\n\n\n\n<p>Un xut lluny\u00e0 d&#8217;Hernando que desvia el porter a c\u00f3rner i una rematada de Dani per sobre del travesser van ser les dues \u00faniques ocasions de la primera part. A la represa, mateixa t\u00f2nica, la Fundaci\u00f3 controlava el partit davant un Manresa que cont\u00ednuament parava el partit amb reiterades faltes. Anava transcorrent el matx i els visitants cada cop veien m\u00e9s a prop la possibilitat de puntuar, i en dos contres avisaven que ho a posteriori arribaria.<\/p>\n\n\n\n<p>Pablo en dues ocasions treia dos xuts amb dues grans parades. Els colomencs intentaven reaccionar per\u00f2 no acabaven de sentir-se c\u00f2modes i al minut 74 el Manresa feia el 0-1 en una jugada amb diversos rebutjos dins de l&#8217;\u00e0rea. 15 minuts li quedaven als blaus per revertir la situaci\u00f3.<\/p>\n\n\n\n<p>Els locals amb m\u00e9s cor que amb cap van estar a prop d&#8217;empatar. Primer un xut de Darling el tallava el porter visitant i despr\u00e9s un xut d&#8217;Oliver sortia fregant el pal. Xiulet final i derrota dels de Santa Coloma a casa.<\/p>\n\n\n\n<div class=\"wp-block-image\"><figure class=\"aligncenter size-large\"><img loading=\"lazy\" decoding=\"async\" width=\"1024\" height=\"961\" src=\"http:\/\/fegrama.cat\/web\/wp-content\/uploads\/2021\/11\/juvAmanr-1024x961.jpeg\" alt=\"\" class=\"wp-image-29874\" srcset=\"http:\/\/fegrama.cat\/web\/wp-content\/uploads\/2021\/11\/juvAmanr-1024x961.jpeg 1024w, http:\/\/fegrama.cat\/web\/wp-content\/uploads\/2021\/11\/juvAmanr-300x281.jpeg 300w, http:\/\/fegrama.cat\/web\/wp-content\/uploads\/2021\/11\/juvAmanr-768x720.jpeg 768w, http:\/\/fegrama.cat\/web\/wp-content\/uploads\/2021\/11\/juvAmanr-1536x1441.jpeg 1536w, http:\/\/fegrama.cat\/web\/wp-content\/uploads\/2021\/11\/juvAmanr.jpeg 1600w\" sizes=\"auto, (max-width: 1024px) 100vw, 1024px\" \/><\/figure><\/div>\n\n\n\n<p>Derrota del Juvenil A en el Nou Municipal ante un Manresa ordenado que supo esperar su momento (0-1).<\/p>\n\n\n\n<p>El partido iniciaba con una Grama totalmente dominadora del juego ante un Manresa encerrado atr\u00e1s y con las l\u00edneas muy juntas. Intentaban los de Manu Pel\u00e1ez perforar esa \u201cmuralla\u201d rojiblanca pero con poco \u00e9xito. Los colomenses llegaban bien a la frontal del \u00e1rea manresana, pero una vez all\u00ed el centro o el \u00faltimo pase no era eficaz.<\/p>\n\n\n\n<p>Un chut lejano de Hernando que desv\u00eda el portero a c\u00f3rner y un remate de Dani por encima del larguero fueron las dos \u00fanicas ocasiones de la primera parte. En la reanudaci\u00f3n, misma t\u00f3nica, la Fundaci\u00f3 controlaba el partido ante un Manresa que continuamente paraba el partido con reiteradas faltas. Iba transcurriendo el match y los visitantes cada vez ve\u00edan m\u00e1s cerca la posibilidad de puntuar, y en dos contras avisaban de que lo a posteriori iba a llegar. <\/p>\n\n\n\n<p>Pablo en dos ocasiones atajaba dos disparos con dos grandes paradas. Los colomenses intentaban reaccionar pero no acaban de sentirse c\u00f3modos y en el minuto 74  el Manresa hac\u00eda el 0-1 en una jugada con varios rechaces dentro del \u00e1rea. 15 minutos le quedaban a los azules para revertir la situaci\u00f3n.<\/p>\n\n\n\n<p>Los locales con m\u00e1s coraz\u00f3n que con cabeza estuvieron cerca de empatar. Primero un chut de Darling lo atajaba el portero visitante y despu\u00e9s un disparo de Oliver sal\u00eda fregando el palo. Pitido final y derrota de los de Santa Coloma en casa.<\/p>\n","protected":false},"excerpt":{"rendered":"<p>Derrota del Juvenil A al Nou Municipal davant un Manresa ordenat que va saber esperar el seu moment (0-1). El partit iniciava amb una Grama totalment dominadora del joc davant d&#8217;un Manresa tancat enrere i amb les l\u00ednies molt juntes. Intentaven els de Manu Pel\u00e1ez perforar aquesta \u201cmuralla\u201d blanc-i-vermella per\u00f2 amb poc \u00e8xit. Els colomencs [&hellip;]<\/p>\n","protected":false},"author":1,"featured_media":0,"comment_status":"closed","ping_status":"closed","sticky":false,"template":"","format":"standard","meta":{"footnotes":""},"categories":[4,6],"tags":[],"class_list":["post-29872","post","type-post","status-publish","format-standard","hentry","category-base-inclusiu","category-juvenils"],"_links":{"self":[{"href":"http:\/\/fegrama.cat\/web\/wp-json\/wp\/v2\/posts\/29872","targetHints":{"allow":["GET"]}}],"collection":[{"href":"http:\/\/fegrama.cat\/web\/wp-json\/wp\/v2\/posts"}],"about":[{"href":"http:\/\/fegrama.cat\/web\/wp-json\/wp\/v2\/types\/post"}],"author":[{"embeddable":true,"href":"http:\/\/fegrama.cat\/web\/wp-json\/wp\/v2\/users\/1"}],"replies":[{"embeddable":true,"href":"http:\/\/fegrama.cat\/web\/wp-json\/wp\/v2\/comments?post=29872"}],"version-history":[{"count":2,"href":"http:\/\/fegrama.cat\/web\/wp-json\/wp\/v2\/posts\/29872\/revisions"}],"predecessor-version":[{"id":29875,"href":"http:\/\/fegrama.cat\/web\/wp-json\/wp\/v2\/posts\/29872\/revisions\/29875"}],"wp:attachment":[{"href":"http:\/\/fegrama.cat\/web\/wp-json\/wp\/v2\/media?parent=29872"}],"wp:term":[{"taxonomy":"category","embeddable":true,"href":"http:\/\/fegrama.cat\/web\/wp-json\/wp\/v2\/categories?post=29872"},{"taxonomy":"post_tag","embeddable":true,"href":"http:\/\/fegrama.cat\/web\/wp-json\/wp\/v2\/tags?post=29872"}],"curies":[{"name":"wp","href":"https:\/\/api.w.org\/{rel}","templated":true}]}}