{"id":29859,"date":"2021-11-28T18:34:02","date_gmt":"2021-11-28T17:34:02","guid":{"rendered":"http:\/\/fegrama.cat\/web\/?p=29859"},"modified":"2021-12-05T16:09:30","modified_gmt":"2021-12-05T15:09:30","slug":"el-travesser-nega-lempat-a-riudarenes-1-0","status":"publish","type":"post","link":"http:\/\/fegrama.cat\/web\/el-travesser-nega-lempat-a-riudarenes-1-0\/","title":{"rendered":"El travesser nega l&#8217;empat a Riudarenes (1-0)"},"content":{"rendered":"\n<div class=\"wp-block-image\"><figure class=\"aligncenter size-large is-resized\"><img loading=\"lazy\" decoding=\"async\" src=\"http:\/\/fegrama.cat\/web\/wp-content\/uploads\/2021\/11\/2gironaBgrama2711-1024x682.jpeg\" alt=\"\" class=\"wp-image-29867\" width=\"580\" height=\"386\" srcset=\"http:\/\/fegrama.cat\/web\/wp-content\/uploads\/2021\/11\/2gironaBgrama2711-1024x682.jpeg 1024w, http:\/\/fegrama.cat\/web\/wp-content\/uploads\/2021\/11\/2gironaBgrama2711-300x200.jpeg 300w, http:\/\/fegrama.cat\/web\/wp-content\/uploads\/2021\/11\/2gironaBgrama2711-768x512.jpeg 768w, http:\/\/fegrama.cat\/web\/wp-content\/uploads\/2021\/11\/2gironaBgrama2711-1536x1023.jpeg 1536w, http:\/\/fegrama.cat\/web\/wp-content\/uploads\/2021\/11\/2gironaBgrama2711.jpeg 1600w\" sizes=\"auto, (max-width: 580px) 100vw, 580px\" \/><\/figure><\/div>\n\n\n\n<p>Partit de tu a tu, entre dos equips que van desplegar un joc molt semblant. Duel t\u00e8cnic entre el local Axel Vizuete i Juanma Pons amb resultat final de 1-0 per al Girona B.<\/p>\n\n\n\n<p>Inici el\u00e8ctric amb ocasions i dues per a la Grama. En els primers segons Peris des de la frontal va fregar el gol amb una rosqueta. Als dos minuts Montalb\u00e1n de cap es trobava amb el porter. El Girona va reaccionar amb un xut des de lluny.<\/p>\n\n\n\n<p>La pressi\u00f3 alta de la Grama a la sortida des del darrere del filial es repetia de l&#8217;altre b\u00e0ndol, pressi\u00f3 alta local a les sortides des del darrere. Les oportunitats se succe\u00efen. Un xut per sobre del travesser (11\u2032) i una centrada-xut del conjunt giron\u00ed, i la Grama responia per mitj\u00e0 de Peris de nou fregant el pal.<\/p>\n\n\n\n<p>Cap dels dos equips s&#8217;amagaven, buscant combinar i centres a l&#8217;\u00e0rea per\u00f2 tamb\u00e9 provant de lluny. A la mitja hora Cabezola va provar el porter i abans del descans una bona triangulaci\u00f3 acabaria en xut d&#8217;\u00c1ngel que el porter aturava. Destacable partit de Rubi i Cabezola creant molt de perill, aix\u00ed com defensant a gran ritme juntament amb Adrien i Alan.<\/p>\n\n\n\n<div class=\"wp-block-image\"><figure class=\"aligncenter size-large is-resized\"><img loading=\"lazy\" decoding=\"async\" src=\"http:\/\/fegrama.cat\/web\/wp-content\/uploads\/2021\/11\/WhatsApp-Image-2021-11-28-at-18.04.39-1024x684.jpeg\" alt=\"\" class=\"wp-image-29870\" width=\"580\" height=\"387\" srcset=\"http:\/\/fegrama.cat\/web\/wp-content\/uploads\/2021\/11\/WhatsApp-Image-2021-11-28-at-18.04.39-1024x684.jpeg 1024w, http:\/\/fegrama.cat\/web\/wp-content\/uploads\/2021\/11\/WhatsApp-Image-2021-11-28-at-18.04.39-300x200.jpeg 300w, http:\/\/fegrama.cat\/web\/wp-content\/uploads\/2021\/11\/WhatsApp-Image-2021-11-28-at-18.04.39-768x513.jpeg 768w, http:\/\/fegrama.cat\/web\/wp-content\/uploads\/2021\/11\/WhatsApp-Image-2021-11-28-at-18.04.39-1536x1025.jpeg 1536w, http:\/\/fegrama.cat\/web\/wp-content\/uploads\/2021\/11\/WhatsApp-Image-2021-11-28-at-18.04.39.jpeg 1600w\" sizes=\"auto, (max-width: 580px) 100vw, 580px\" \/><figcaption>DEBUT DEL NOU DAVANTER DE LA GRAMA, JO\u00b4SE ENRIQUE.<\/figcaption><\/figure><\/div>\n\n\n\n<p>Sense gols va comen\u00e7ar la segona meitat amb l&#8217;entrada i el debut de Jos\u00e9 Enrique Carrasco. La Grama va tornar a tenir el gol en bones combinacions. Primerament \u00c1ngel amb un xut creuat que va sortir fregant el pal i poc despr\u00e9s Fran. Un centre del camp de qualitat amb Roger Garc\u00eda, Guillem i Fran, tots tres treballant i guiant el joc.<\/p>\n\n\n\n<p>Despr\u00e9s d&#8217;aix\u00f2 el Girona B va avisar en un c\u00f3rner rematant contra el pal (62\u2032). Es va venir a dalt el filial que va poder veure avan\u00e7ar-se despr\u00e9s d&#8217;una pilota tallada per Cabezola que va fer estirar Guiseris salvant un gol en pr\u00f2pia.<\/p>\n\n\n\n<p>I al 70 de cap el central Biel rematava sol a l&#8217;\u00e0rea fent l&#8217;1-0. La Grama va anar a buscar l&#8217;empat, penjant pilotes, tancant m\u00e9s un rival que es defensava i ja buscava intentar matar a la contra.<\/p>\n\n\n\n<p>Peris es va trobar amb una parada del porter, Akrong de cap amunt i en el temps d&#8217;afegit el gol de l&#8217;empat va ser negat a la Grama. Recort dins de l&#8217;\u00e0rea va veure com el seu xut s&#8217;estavellava amb el travesser i l&#8217;\u00e0rbitre decretava el final del partit.<\/p>\n\n\n\n<p><strong>Fitxa t\u00e8cnica:<\/strong><\/p>\n\n\n\n<p><strong>Girona FC  &#8216;B&#8217;: <\/strong>Jona (P), Monjonell, Palacios, Nil Sauret, Pau V\u00edctor (77&#8242;, Castroviejo), Adri\u00e0 Gen\u00e9 (84&#8242;, Faja), Arnau Ort\u00edz, Maxi Villa (64&#8242;. Sergi Benitez), Mateo (84&#8242;, Unai), Biel i Gabri.&nbsp;<\/p>\n\n\n\n<p><strong>FE Grama:<\/strong>&nbsp;Guiseris (P), Rubi, Cabezola, Alan (80&#8242;, Akrong), Adrien, \u00c1ngel (64&#8242;, Recort), Montalb\u00e1n (45&#8242;, Jos\u00e9 Enrique), Fran Hern\u00e1ndez, Peris, Roger Garc\u00eda (64&#8242;, Molins) i Guillem Escarrabill (80&#8242;, Antonicelli).<\/p>\n\n\n\n<p><strong>Gol:<\/strong>&nbsp;1-0. Min 70: Biel.<\/p>\n\n\n\n<p><strong>\u00c0rbitre: <\/strong>Pol Curiel (Comit\u00e8 Osona). Va amonestar els visitants Rubi i Cabezola.<\/p>\n\n\n\n<p><strong><a href=\"https:\/\/www.fcf.cat\/classificacio\/2022\/futbol-11\/tercera-division-rfef\/grup-v\" data-type=\"URL\" data-id=\"https:\/\/www.fcf.cat\/classificacio\/2022\/futbol-11\/tercera-division-rfef\/grup-v\" target=\"_blank\" rel=\"noreferrer noopener\">CLASSIFICACI\u00d3<\/a><\/strong><\/p>\n\n\n\n<div class=\"wp-block-image\"><figure class=\"aligncenter size-large\"><img loading=\"lazy\" decoding=\"async\" width=\"1024\" height=\"684\" src=\"http:\/\/fegrama.cat\/web\/wp-content\/uploads\/2021\/11\/1gironaBgrama2711-1024x684.jpeg\" alt=\"\" class=\"wp-image-29866\" srcset=\"http:\/\/fegrama.cat\/web\/wp-content\/uploads\/2021\/11\/1gironaBgrama2711-1024x684.jpeg 1024w, http:\/\/fegrama.cat\/web\/wp-content\/uploads\/2021\/11\/1gironaBgrama2711-300x200.jpeg 300w, http:\/\/fegrama.cat\/web\/wp-content\/uploads\/2021\/11\/1gironaBgrama2711-768x513.jpeg 768w, http:\/\/fegrama.cat\/web\/wp-content\/uploads\/2021\/11\/1gironaBgrama2711-1536x1025.jpeg 1536w, http:\/\/fegrama.cat\/web\/wp-content\/uploads\/2021\/11\/1gironaBgrama2711.jpeg 1600w\" sizes=\"auto, (max-width: 1024px) 100vw, 1024px\" \/><\/figure><\/div>\n\n\n\n<p>Partido de t\u00fa a t\u00fa, entre dos equipos que desplegaron un juego muy parecido. Duelo t\u00e9cnico entre el local Axel Vizuete y Juanma Pons con resultado final de 1-0 para el Girona B.<\/p>\n\n\n\n<p>Inicio el\u00e9ctrico con ocasiones y dos para la Grama. En los primeros segundos Peris desde la frontal roz\u00f3 el gol con una rosquita. A los dos minutos Montalb\u00e1n de cabeza se encontraba con el portero. Reaccion\u00f3 el Girona con un chut desde lejos. <\/p>\n\n\n\n<p>La presi\u00f3n alta de la Grama en la salida desde atr\u00e1s del filial se repet\u00eda del otro bando, presi\u00f3n alta local a las salidas desde atr\u00e1s. Las oportunidades se suced\u00edan. Un chute por encima del larguero (11&#8242;) y un centro-chut del conjunto gerundense, y la Grama respond\u00eda por medio de Peris de nuevo rozando el palo.<\/p>\n\n\n\n<p>Ninguno de los dos equipos se escond\u00edan, buscando combinar y centros al \u00e1rea pero tambi\u00e9n probando de lejos. A la media hora Cabezola prob\u00f3 al portero y antes del descanso una buena triangulaci\u00f3n acabar\u00eda en disparo de \u00c1ngel que el guardameta deten\u00eda. Destacable partido de Rubi y Cabezola creando mucho peligro, as\u00ed como defendiendo a gran ritmo junto a Adrien y Alan.<\/p>\n\n\n\n<p>Sin goles comenz\u00f3 la segunda mitad con la entrada y debut de Jos\u00e9 Enrique Carrasco. La Grama volvi\u00f3 a tener el gol en buenas combinaciones. Primeramente \u00c1ngel con un chut cruzado que sali\u00f3 rozando el palo y poco despu\u00e9s Fran. Un centro del campo de calidad con Roger Garc\u00eda, Guillem y Fran, los tres trabajando y guiando el juego.<\/p>\n\n\n\n<p>Tras eso el Girona B avis\u00f3 en un saque de esquina rematando contra el palo (62&#8242;). Se vino arriba el filial que pudo ver adelantarse tras un bal\u00f3n cortado por Cabezola que hizo estirarse a Guiseris salvando un gol en propia.<\/p>\n\n\n\n<p>Y en el 70 de cabeza el central B i el remataba solo en el \u00e1rea haciendo el 1-0. La Grama fue en busca del empate, colgando balones, encerrando m\u00e1s a un rival que se defend\u00eda y ya buscaba intentar matar a la contra.<\/p>\n\n\n\n<p>Peris se encontr\u00f3 con un parad\u00f3n del portero, Akrong de cabeza arriba y en el tiempo de a\u00f1adido el gol del empate le fue negado a la Grama. Recort dentro del \u00e1rea vio como su disparo se estrellaba con el travesa\u00f1o y el \u00e1rbitro decretaba el final del partido.<\/p>\n","protected":false},"excerpt":{"rendered":"<p>Partit de tu a tu, entre dos equips que van desplegar un joc molt semblant. Duel t\u00e8cnic entre el local Axel Vizuete i Juanma Pons amb resultat final de 1-0 per al Girona B. Inici el\u00e8ctric amb ocasions i dues per a la Grama. En els primers segons Peris des de la frontal va fregar [&hellip;]<\/p>\n","protected":false},"author":1,"featured_media":29866,"comment_status":"closed","ping_status":"closed","sticky":false,"template":"","format":"standard","meta":{"footnotes":""},"categories":[5],"tags":[],"class_list":["post-29859","post","type-post","status-publish","format-standard","has-post-thumbnail","hentry","category-primer-equip"],"_links":{"self":[{"href":"http:\/\/fegrama.cat\/web\/wp-json\/wp\/v2\/posts\/29859","targetHints":{"allow":["GET"]}}],"collection":[{"href":"http:\/\/fegrama.cat\/web\/wp-json\/wp\/v2\/posts"}],"about":[{"href":"http:\/\/fegrama.cat\/web\/wp-json\/wp\/v2\/types\/post"}],"author":[{"embeddable":true,"href":"http:\/\/fegrama.cat\/web\/wp-json\/wp\/v2\/users\/1"}],"replies":[{"embeddable":true,"href":"http:\/\/fegrama.cat\/web\/wp-json\/wp\/v2\/comments?post=29859"}],"version-history":[{"count":8,"href":"http:\/\/fegrama.cat\/web\/wp-json\/wp\/v2\/posts\/29859\/revisions"}],"predecessor-version":[{"id":29921,"href":"http:\/\/fegrama.cat\/web\/wp-json\/wp\/v2\/posts\/29859\/revisions\/29921"}],"wp:featuredmedia":[{"embeddable":true,"href":"http:\/\/fegrama.cat\/web\/wp-json\/wp\/v2\/media\/29866"}],"wp:attachment":[{"href":"http:\/\/fegrama.cat\/web\/wp-json\/wp\/v2\/media?parent=29859"}],"wp:term":[{"taxonomy":"category","embeddable":true,"href":"http:\/\/fegrama.cat\/web\/wp-json\/wp\/v2\/categories?post=29859"},{"taxonomy":"post_tag","embeddable":true,"href":"http:\/\/fegrama.cat\/web\/wp-json\/wp\/v2\/tags?post=29859"}],"curies":[{"name":"wp","href":"https:\/\/api.w.org\/{rel}","templated":true}]}}