{"id":29855,"date":"2021-11-27T18:11:19","date_gmt":"2021-11-27T17:11:19","guid":{"rendered":"http:\/\/fegrama.cat\/web\/?p=29855"},"modified":"2021-11-27T18:11:20","modified_gmt":"2021-11-27T17:11:20","slug":"nova-victoria-dels-inclusius-5-4","status":"publish","type":"post","link":"http:\/\/fegrama.cat\/web\/nova-victoria-dels-inclusius-5-4\/","title":{"rendered":"Nova vict\u00f2ria dels Inclusius (5-4)"},"content":{"rendered":"\n<p>Aquest divendres va arribar la segona jornada de la Lliga de Salut Mental i l&#8217;Inclusiu de la Grama va debutar a casa amb una nova vict\u00f2ria (5-4) davant del 3 Turons.<\/p>\n\n\n\n<p>Durant la primera part el resultat era desfavorable i transcorregut els 20 primers minuts el marcador reflectia un 2-2. Ja comen\u00e7ada la segona part es va avan\u00e7ar al marcador el conjunt visitant.<\/p>\n\n\n\n<p>Despr\u00e9s d&#8217;uns quants minuts d&#8217;incertesa, el nostre equip inclusiu va arribar a remuntar amb tres gols. Quan faltava 1 minut per a la conclusi\u00f3 el rival va aconseguir retallar dist\u00e0ncies.<\/p>\n\n\n\n<p>Els golejadors del matx van ser: Nicol\u00e1s D\u00edaz (3), Sergio Molina (1) i Miguel Angel Moreno (1).<\/p>\n\n\n\n<div class=\"wp-block-image\"><figure class=\"aligncenter size-large\"><img loading=\"lazy\" decoding=\"async\" width=\"1024\" height=\"768\" src=\"http:\/\/fegrama.cat\/web\/wp-content\/uploads\/2021\/11\/IMG-20211127-WA0028.jpg\" alt=\"\" class=\"wp-image-29857\" srcset=\"http:\/\/fegrama.cat\/web\/wp-content\/uploads\/2021\/11\/IMG-20211127-WA0028.jpg 1024w, http:\/\/fegrama.cat\/web\/wp-content\/uploads\/2021\/11\/IMG-20211127-WA0028-300x225.jpg 300w, http:\/\/fegrama.cat\/web\/wp-content\/uploads\/2021\/11\/IMG-20211127-WA0028-768x576.jpg 768w\" sizes=\"auto, (max-width: 1024px) 100vw, 1024px\" \/><\/figure><\/div>\n\n\n\n<p>Este viernes lleg\u00f3 la segunda jornada de la Liga de Salut Mental y el Inclusivo de la Grama debut\u00f3 en casa con una nueva victoria (5-4) ante el 3 Turons.<\/p>\n\n\n\n<p>Durante la primera parte el resultado era desfavorable y transcurrido los 20 primeros minutos el marcador reflejaba un 2-2. Ya comenzada la segunda parte se avanz\u00f3 en el marcador el conjunto visitante.<\/p>\n\n\n\n<p>Tras unos minutos de incertidumbre, nuestro equipo inclusivo lleg\u00f3 a remontar con tres goles. A falta de 1 minuto para la conclusi\u00f3n el rival logr\u00f3 recortar distancias.<\/p>\n\n\n\n<p>Los goleadores del encuentro fueron: Nicol\u00e1s D\u00edaz (3), Sergio Molina (1) y Miguel Angel Moreno (1).<\/p>\n","protected":false},"excerpt":{"rendered":"<p>Aquest divendres va arribar la segona jornada de la Lliga de Salut Mental i l&#8217;Inclusiu de la Grama va debutar a casa amb una nova vict\u00f2ria (5-4) davant del 3 Turons. Durant la primera part el resultat era desfavorable i transcorregut els 20 primers minuts el marcador reflectia un 2-2. Ja comen\u00e7ada la segona part [&hellip;]<\/p>\n","protected":false},"author":1,"featured_media":29857,"comment_status":"closed","ping_status":"closed","sticky":false,"template":"","format":"standard","meta":{"footnotes":""},"categories":[4,1256],"tags":[],"class_list":["post-29855","post","type-post","status-publish","format-standard","has-post-thumbnail","hentry","category-base-inclusiu","category-inclusiu"],"_links":{"self":[{"href":"http:\/\/fegrama.cat\/web\/wp-json\/wp\/v2\/posts\/29855","targetHints":{"allow":["GET"]}}],"collection":[{"href":"http:\/\/fegrama.cat\/web\/wp-json\/wp\/v2\/posts"}],"about":[{"href":"http:\/\/fegrama.cat\/web\/wp-json\/wp\/v2\/types\/post"}],"author":[{"embeddable":true,"href":"http:\/\/fegrama.cat\/web\/wp-json\/wp\/v2\/users\/1"}],"replies":[{"embeddable":true,"href":"http:\/\/fegrama.cat\/web\/wp-json\/wp\/v2\/comments?post=29855"}],"version-history":[{"count":2,"href":"http:\/\/fegrama.cat\/web\/wp-json\/wp\/v2\/posts\/29855\/revisions"}],"predecessor-version":[{"id":29858,"href":"http:\/\/fegrama.cat\/web\/wp-json\/wp\/v2\/posts\/29855\/revisions\/29858"}],"wp:featuredmedia":[{"embeddable":true,"href":"http:\/\/fegrama.cat\/web\/wp-json\/wp\/v2\/media\/29857"}],"wp:attachment":[{"href":"http:\/\/fegrama.cat\/web\/wp-json\/wp\/v2\/media?parent=29855"}],"wp:term":[{"taxonomy":"category","embeddable":true,"href":"http:\/\/fegrama.cat\/web\/wp-json\/wp\/v2\/categories?post=29855"},{"taxonomy":"post_tag","embeddable":true,"href":"http:\/\/fegrama.cat\/web\/wp-json\/wp\/v2\/tags?post=29855"}],"curies":[{"name":"wp","href":"https:\/\/api.w.org\/{rel}","templated":true}]}}