{"id":29850,"date":"2021-11-26T17:18:38","date_gmt":"2021-11-26T16:18:38","guid":{"rendered":"http:\/\/fegrama.cat\/web\/?p=29850"},"modified":"2021-11-26T17:18:39","modified_gmt":"2021-11-26T16:18:39","slug":"punt-inicial-del-karate-inclusiu","status":"publish","type":"post","link":"http:\/\/fegrama.cat\/web\/punt-inicial-del-karate-inclusiu\/","title":{"rendered":"Punt inicial del Karate Inclusiu"},"content":{"rendered":"\n<p>A partir del proper 1 de desembre, la nova disciplina de la Fundaci\u00f3 Esportiva Grama, el Karate Kyokushin Solidari, realitzar\u00e0 al Nou Municipal una s\u00e8rie d&#8217;activitats amb els nostres equips Inclusius.<\/p>\n\n\n\n<p>Seguint la filosofia del club, ia trav\u00e9s del director Lee Redondo, faran classes peri\u00f2diques on coneixeran els beneficis de les arts marcials per a la salut. Una eina integradora. Classes adre\u00e7ades a persones amb discapacitats f\u00edsiques o ps\u00edquiques on es vol potenciar les aptituds dels participants.<\/p>\n\n\n\n<p>El centre col\u00b7laborador: la Fundaci\u00f3 Sique se&#8217;n beneficiar\u00e0 del Karate Inclusiu. \u00c9s possible que s&#8217;uneixin nous centres per donar m\u00e9s cobertura i que siguin m\u00e9s les persones que puguin gaudir d&#8217;aquesta activitat.<\/p>\n\n\n\n<p>\u00c9s un projecte que en el passat (Can Peixauet Karate Kyokushin) va rebre diversos premis a Millor Projecte de Cohesi\u00f3 Social i Integraci\u00f3.<\/p>\n\n\n\n<div class=\"wp-block-image\"><figure class=\"aligncenter size-large\"><img loading=\"lazy\" decoding=\"async\" width=\"1024\" height=\"768\" src=\"http:\/\/fegrama.cat\/web\/wp-content\/uploads\/2021\/11\/presentacio-karate-inclusiu-1024x768.jpeg\" alt=\"\" class=\"wp-image-29853\" srcset=\"http:\/\/fegrama.cat\/web\/wp-content\/uploads\/2021\/11\/presentacio-karate-inclusiu-1024x768.jpeg 1024w, http:\/\/fegrama.cat\/web\/wp-content\/uploads\/2021\/11\/presentacio-karate-inclusiu-300x225.jpeg 300w, http:\/\/fegrama.cat\/web\/wp-content\/uploads\/2021\/11\/presentacio-karate-inclusiu-768x576.jpeg 768w, http:\/\/fegrama.cat\/web\/wp-content\/uploads\/2021\/11\/presentacio-karate-inclusiu-1536x1152.jpeg 1536w, http:\/\/fegrama.cat\/web\/wp-content\/uploads\/2021\/11\/presentacio-karate-inclusiu.jpeg 1600w\" sizes=\"auto, (max-width: 1024px) 100vw, 1024px\" \/><figcaption>Presentaci\u00f3 del Karate Inclusiu amb el nostre President, Antonio Morales, el Director Lee Redondo i representants de l&#8217;Equip Inclusiu amb l&#8217;entrenador Daniel Caba\u00f1as.<\/figcaption><\/figure><\/div>\n\n\n\n<p>A partir del pr\u00f3ximo 1 de diciembre la nueva disciplina de la Fundaci\u00f3 Esportiva Grama, el Karate Kyokushin Solidario, realizar\u00e1 en el Nou Municipal una serie de actividades con nuestros equipos Inclusivos. <\/p>\n\n\n\n<p>Siguiendo la filosof\u00eda del club, y a trav\u00e9s del director Lee Redondo, realizar\u00e1n clases peri\u00f3dicas donde conocer\u00e1n los beneficios de las artes marciales para la salud. Una herramienta integradora. Clases dirigidas a personas con discapacidades f\u00edsicas o ps\u00edquicas donde se desea potenciar las aptitudes de los participantes.<\/p>\n\n\n\n<p>El centro colaborador: la Fundaci\u00f3 Sique se beneficiar\u00e1 del Karate Inclusivo. A ellas es posible que se unan nuevos centros para dar mayor cobertura y que sean m\u00e1s las personas que puedan disfrutar de esta actividad.<\/p>\n\n\n\n<p>Se trata de un proyecto que en el pasado (Can Peixauet Karate Kyokushin) recibi\u00f3 varios premios a Mejor Proyecto de Cohesi\u00f3n Social e Integraci\u00f3n.<\/p>\n","protected":false},"excerpt":{"rendered":"<p>A partir del proper 1 de desembre, la nova disciplina de la Fundaci\u00f3 Esportiva Grama, el Karate Kyokushin Solidari, realitzar\u00e0 al Nou Municipal una s\u00e8rie d&#8217;activitats amb els nostres equips Inclusius. Seguint la filosofia del club, ia trav\u00e9s del director Lee Redondo, faran classes peri\u00f2diques on coneixeran els beneficis de les arts marcials per a [&hellip;]<\/p>\n","protected":false},"author":1,"featured_media":29853,"comment_status":"closed","ping_status":"closed","sticky":false,"template":"","format":"standard","meta":{"footnotes":""},"categories":[14,15],"tags":[],"class_list":["post-29850","post","type-post","status-publish","format-standard","has-post-thumbnail","hentry","category-noticies","category-noticies-destacades"],"_links":{"self":[{"href":"http:\/\/fegrama.cat\/web\/wp-json\/wp\/v2\/posts\/29850","targetHints":{"allow":["GET"]}}],"collection":[{"href":"http:\/\/fegrama.cat\/web\/wp-json\/wp\/v2\/posts"}],"about":[{"href":"http:\/\/fegrama.cat\/web\/wp-json\/wp\/v2\/types\/post"}],"author":[{"embeddable":true,"href":"http:\/\/fegrama.cat\/web\/wp-json\/wp\/v2\/users\/1"}],"replies":[{"embeddable":true,"href":"http:\/\/fegrama.cat\/web\/wp-json\/wp\/v2\/comments?post=29850"}],"version-history":[{"count":3,"href":"http:\/\/fegrama.cat\/web\/wp-json\/wp\/v2\/posts\/29850\/revisions"}],"predecessor-version":[{"id":29854,"href":"http:\/\/fegrama.cat\/web\/wp-json\/wp\/v2\/posts\/29850\/revisions\/29854"}],"wp:featuredmedia":[{"embeddable":true,"href":"http:\/\/fegrama.cat\/web\/wp-json\/wp\/v2\/media\/29853"}],"wp:attachment":[{"href":"http:\/\/fegrama.cat\/web\/wp-json\/wp\/v2\/media?parent=29850"}],"wp:term":[{"taxonomy":"category","embeddable":true,"href":"http:\/\/fegrama.cat\/web\/wp-json\/wp\/v2\/categories?post=29850"},{"taxonomy":"post_tag","embeddable":true,"href":"http:\/\/fegrama.cat\/web\/wp-json\/wp\/v2\/tags?post=29850"}],"curies":[{"name":"wp","href":"https:\/\/api.w.org\/{rel}","templated":true}]}}