{"id":29847,"date":"2021-11-24T12:12:30","date_gmt":"2021-11-24T11:12:30","guid":{"rendered":"http:\/\/fegrama.cat\/web\/?p=29847"},"modified":"2021-11-24T12:12:31","modified_gmt":"2021-11-24T11:12:31","slug":"empat-pel-juvenil-c","status":"publish","type":"post","link":"http:\/\/fegrama.cat\/web\/empat-pel-juvenil-c\/","title":{"rendered":"Empat pel Juvenil \u00abC\u00bb!"},"content":{"rendered":"\n<p><strong>Barcino 2 &#8211; Juvenil \u201cC\u201d 2\u00a0<\/strong><\/p>\n\n\n\n<p>Els nois del Juvenil \u00abC\u00bb van jugar fora de casa el seu partit setmanal. Aquesta vegada contra el Barcino. Van ser els contraris els qui es van anticipar amb tan sols deu minuts de joc, per la qual cosa va venir el primer gol. Gr\u00e0cies a la serietat i treball dels nostres, es van aconseguir els gols de la Grama.<\/p>\n\n\n\n<p>En la segona part van ser els nostres els qui van controlar sortint des de darrere i progressant per tots dos costats, fent canvis d&#8217;orientaci\u00f3 i lluitant com nom\u00e9s ells saben. Els de la Grama jugaven tranquils en el camp rival i recuperaven les pilotes de manera r\u00e0pida.<\/p>\n\n\n\n<p>Encara que l&#8217;empat \u00abs\u00e0piga amarg\u00bb pel del domini de la Grama, toca seguir i amb aquesta reestructuraci\u00f3 de Juvenil C i D\u00a0 en el que s&#8217;han unit els dos grups, les sensacions s\u00f3n molt positives a pesar que han entrenat poc junts.<\/p>\n\n\n\n<p><\/p>\n\n\n\n<hr class=\"wp-block-separator\"\/>\n\n\n\n<p><\/p>\n\n\n\n<p><strong>Barcino 2 &#8211; Juvenil \u201cC\u201d 2\u00a0<\/strong><\/p>\n\n\n\n<p>Los chicos del Juvenil \u201cC\u201d jugaron fuera de casa su partido semanal. Esta vez contra el Barcino. Fueron los contrarios quienes se anticiparon con tan solo diez minutos de juego, por lo que vino el primer gol. Gracias a la seriedad y trabajo de los nuestros, se consiguieron los goles de la Grama.&nbsp;<\/p>\n\n\n\n<p>En la segunda parte fueron los nuestros quienes controlaron saliendo desde atr\u00e1s y progresando por ambos lados, haciendo cambios de orientaci\u00f3n y luchando como solo ellos saben. Los de la Grama jugaban tranquilos en el campo rival y recuperaban los balones de manera r\u00e1pida.&nbsp;<\/p>\n\n\n\n<p>Aunque \u201csepa amargo\u201d el empate debido al dominio de la Grama, toca seguir y con esta reestructuraci\u00f3n de Juvenil C y D que se han unido los dos grupos, las sensaciones son muy positivas a pesar de que han entrenado poco juntos.<\/p>\n","protected":false},"excerpt":{"rendered":"<p>Barcino 2 &#8211; Juvenil \u201cC\u201d 2\u00a0 Els nois del Juvenil \u00abC\u00bb van jugar fora de casa el seu partit setmanal. Aquesta vegada contra el Barcino. Van ser els contraris els qui es van anticipar amb tan sols deu minuts de joc, per la qual cosa va venir el primer gol. Gr\u00e0cies a la serietat i [&hellip;]<\/p>\n","protected":false},"author":1,"featured_media":29848,"comment_status":"closed","ping_status":"closed","sticky":false,"template":"","format":"standard","meta":{"footnotes":""},"categories":[4,6],"tags":[],"class_list":["post-29847","post","type-post","status-publish","format-standard","has-post-thumbnail","hentry","category-base-inclusiu","category-juvenils"],"_links":{"self":[{"href":"http:\/\/fegrama.cat\/web\/wp-json\/wp\/v2\/posts\/29847","targetHints":{"allow":["GET"]}}],"collection":[{"href":"http:\/\/fegrama.cat\/web\/wp-json\/wp\/v2\/posts"}],"about":[{"href":"http:\/\/fegrama.cat\/web\/wp-json\/wp\/v2\/types\/post"}],"author":[{"embeddable":true,"href":"http:\/\/fegrama.cat\/web\/wp-json\/wp\/v2\/users\/1"}],"replies":[{"embeddable":true,"href":"http:\/\/fegrama.cat\/web\/wp-json\/wp\/v2\/comments?post=29847"}],"version-history":[{"count":1,"href":"http:\/\/fegrama.cat\/web\/wp-json\/wp\/v2\/posts\/29847\/revisions"}],"predecessor-version":[{"id":29849,"href":"http:\/\/fegrama.cat\/web\/wp-json\/wp\/v2\/posts\/29847\/revisions\/29849"}],"wp:featuredmedia":[{"embeddable":true,"href":"http:\/\/fegrama.cat\/web\/wp-json\/wp\/v2\/media\/29848"}],"wp:attachment":[{"href":"http:\/\/fegrama.cat\/web\/wp-json\/wp\/v2\/media?parent=29847"}],"wp:term":[{"taxonomy":"category","embeddable":true,"href":"http:\/\/fegrama.cat\/web\/wp-json\/wp\/v2\/categories?post=29847"},{"taxonomy":"post_tag","embeddable":true,"href":"http:\/\/fegrama.cat\/web\/wp-json\/wp\/v2\/tags?post=29847"}],"curies":[{"name":"wp","href":"https:\/\/api.w.org\/{rel}","templated":true}]}}