{"id":29844,"date":"2021-11-23T00:10:59","date_gmt":"2021-11-22T23:10:59","guid":{"rendered":"http:\/\/fegrama.cat\/web\/?p=29844"},"modified":"2021-11-23T00:12:39","modified_gmt":"2021-11-22T23:12:39","slug":"un-partit-que-no-es-va-poder-guanyar-pero-que-es-va-lluitar-fins-al-final","status":"publish","type":"post","link":"http:\/\/fegrama.cat\/web\/un-partit-que-no-es-va-poder-guanyar-pero-que-es-va-lluitar-fins-al-final\/","title":{"rendered":"Un partit que no es va poder guanyar, per\u00f2 que es va lluitar fins al final."},"content":{"rendered":"\n<p><strong>Europa 1 &#8211; Cadet \u201cA\u201d 0<\/strong><\/p>\n\n\n\n<p>Els de Brian\u00a0Espinola\u00a0van saltar al camp de\u00a0sardenya\u00a0contra l&#8217;Europa clar aspirant al t\u00edtol i segon en la taula, molt bon joc dels Colomencs en la primera part molt renyida\u00a0que\u00a0no vam tenir fortuna de cara a gol moltes ocasions clares de la grama que no es materialitzaven en la primera part va acabar amb 0-0 al marcador. En la segona part la grama va fer canvis i no es va notar res els deu primers minuts van ser de l&#8217;Europa que dominava, per\u00f2 els blaus es van recompondre, amb gran joc i amb internades en banda Joel\u00a0Mamadou\u00a0i\u00a0Mauro\u00a0van tenir ocasions. Per\u00f2 una vegada m\u00e9s, no hi havia encert en els tres pals. Minut 60&#8242;\u00a0l&#8217;Europa va marcar i la Grama amb el seu orgull es bolcava cap a la porteria local fins a l&#8217;\u00faltim minut van tenir ocasi\u00f3 d&#8217;empatar i de guanyar.<\/p>\n\n\n\n<p>Brian&nbsp;Espinola: \u00c9s dif\u00edcil dir-ho, per\u00f2 marxo feli\u00e7, feli\u00e7 per ells! Per com han competit i com han jugat. Tenim molt mala sort de cara a gol, arribem molt\u00edssimes vegades; l&#8217;Europa va arribar poques, porten 2 partits incre\u00efbles fent un joc que&nbsp;d\u00f3na&nbsp;gust si \u00e9s veritat que necessitem ja els 3 punts perqu\u00e8 al final el que es veu \u00e9s el resultat. Acabar el partit i que et vingui la coordinaci\u00f3 i entrenadors felicitant-te per l&#8217;equip que tens \u00e9s un orgull per a mi. Per\u00f2 volem m\u00e9s i no pararem d&#8217;insistir. Ens veiem el dissabte. Perqu\u00e8 aquests jugadors no fallen! Felicitats encara que sigui per la derrota i seguim!<\/p>\n\n\n\n<p><\/p>\n\n\n\n<hr class=\"wp-block-separator\"\/>\n\n\n\n<p><\/p>\n\n\n\n<p><strong>Europa 1 &#8211; Cadete \u201cA\u201d 0<\/strong><\/p>\n\n\n\n<p>Los de Brian Espinola saltaron al campo de Sardenya contra el Europa claro aspirante al t\u00edtulo y segundo en la tabla, muy buen juego de los Colomenses en la primera parte muy re\u00f1ida que no tuvimos fortuna de cara a gol muchas ocasiones claras de la Grama que no se materializaban en la primera parte se fue 0-0 al marcador. En la segunda parte la Grama hizo cambios y no se not\u00f3 nada los diez primeros minutos fueron del Europa que dominaba pero los azules se recompusieron, con gran juego y con internadas en banda Joel Mamadou y Mauro tuvieron ocasiones. Pero una vez m\u00e1s, no hab\u00eda acierto en los tres palos. Minuto 60&#8242; el Europa marc\u00f3 y la Grama con su orgullo se volcaba hacia la porter\u00eda local hasta el \u00faltimo minuto tuvieron ocasi\u00f3n de empatar y de ganar.\u00a0<\/p>\n\n\n\n<p>Brian Espinola: Es dif\u00edcil decirlo pero me voy feliz, \u00a1feliz por ellos! como han competido y como han jugado. Tenemos muy mala suerte de cara a gol, llegamos much\u00edsimas veces; el Europa lleg\u00f3 pocas, llevan dos partidos incre\u00edbles haciendo un juego que da gusto si es verdad que necesitamos ya los 3 puntos porque al final lo que se ve es el resultado. Acabar el partido y que te venga la coordinaci\u00f3n y entrenadores felicit\u00e1ndote por el equipo que tienes es un orgullo para mi. Pero queremos m\u00e1s y no vamos a parar de insistir. Nos vemos el s\u00e1bado. \u00a1Porque estos jugadores no fallan! \u00a1Felicidades aunque sea por la derrota y seguimos!<\/p>\n","protected":false},"excerpt":{"rendered":"<p>Europa 1 &#8211; Cadet \u201cA\u201d 0 Els de Brian\u00a0Espinola\u00a0van saltar al camp de\u00a0sardenya\u00a0contra l&#8217;Europa clar aspirant al t\u00edtol i segon en la taula, molt bon joc dels Colomencs en la primera part molt renyida\u00a0que\u00a0no vam tenir fortuna de cara a gol moltes ocasions clares de la grama que no es materialitzaven en la primera part [&hellip;]<\/p>\n","protected":false},"author":1,"featured_media":0,"comment_status":"closed","ping_status":"closed","sticky":false,"template":"","format":"standard","meta":{"footnotes":""},"categories":[4,7],"tags":[],"class_list":["post-29844","post","type-post","status-publish","format-standard","hentry","category-base-inclusiu","category-cadets"],"_links":{"self":[{"href":"http:\/\/fegrama.cat\/web\/wp-json\/wp\/v2\/posts\/29844","targetHints":{"allow":["GET"]}}],"collection":[{"href":"http:\/\/fegrama.cat\/web\/wp-json\/wp\/v2\/posts"}],"about":[{"href":"http:\/\/fegrama.cat\/web\/wp-json\/wp\/v2\/types\/post"}],"author":[{"embeddable":true,"href":"http:\/\/fegrama.cat\/web\/wp-json\/wp\/v2\/users\/1"}],"replies":[{"embeddable":true,"href":"http:\/\/fegrama.cat\/web\/wp-json\/wp\/v2\/comments?post=29844"}],"version-history":[{"count":2,"href":"http:\/\/fegrama.cat\/web\/wp-json\/wp\/v2\/posts\/29844\/revisions"}],"predecessor-version":[{"id":29846,"href":"http:\/\/fegrama.cat\/web\/wp-json\/wp\/v2\/posts\/29844\/revisions\/29846"}],"wp:attachment":[{"href":"http:\/\/fegrama.cat\/web\/wp-json\/wp\/v2\/media?parent=29844"}],"wp:term":[{"taxonomy":"category","embeddable":true,"href":"http:\/\/fegrama.cat\/web\/wp-json\/wp\/v2\/categories?post=29844"},{"taxonomy":"post_tag","embeddable":true,"href":"http:\/\/fegrama.cat\/web\/wp-json\/wp\/v2\/tags?post=29844"}],"curies":[{"name":"wp","href":"https:\/\/api.w.org\/{rel}","templated":true}]}}