{"id":29823,"date":"2021-11-22T23:26:19","date_gmt":"2021-11-22T22:26:19","guid":{"rendered":"http:\/\/fegrama.cat\/web\/?p=29823"},"modified":"2021-11-22T23:43:49","modified_gmt":"2021-11-22T22:43:49","slug":"visita-danna-caula-secretaria-general-de-lesport-de-la-generalitat-de-catalunya","status":"publish","type":"post","link":"http:\/\/fegrama.cat\/web\/visita-danna-caula-secretaria-general-de-lesport-de-la-generalitat-de-catalunya\/","title":{"rendered":"Visita d\u2019Anna Caula, Secret\u00e0ria General de l&#8217;Esport de la Generalitat de Catalunya"},"content":{"rendered":"\n<div class=\"wp-block-image\"><figure class=\"aligncenter size-large is-resized\"><img loading=\"lazy\" decoding=\"async\" src=\"http:\/\/fegrama.cat\/web\/wp-content\/uploads\/2021\/11\/WhatsApp-Image-2021-11-22-at-21.57.02-1024x682.jpeg\" alt=\"\" class=\"wp-image-29834\" width=\"497\" height=\"331\" srcset=\"http:\/\/fegrama.cat\/web\/wp-content\/uploads\/2021\/11\/WhatsApp-Image-2021-11-22-at-21.57.02-1024x682.jpeg 1024w, http:\/\/fegrama.cat\/web\/wp-content\/uploads\/2021\/11\/WhatsApp-Image-2021-11-22-at-21.57.02-300x200.jpeg 300w, http:\/\/fegrama.cat\/web\/wp-content\/uploads\/2021\/11\/WhatsApp-Image-2021-11-22-at-21.57.02-768x512.jpeg 768w, http:\/\/fegrama.cat\/web\/wp-content\/uploads\/2021\/11\/WhatsApp-Image-2021-11-22-at-21.57.02-1536x1023.jpeg 1536w, http:\/\/fegrama.cat\/web\/wp-content\/uploads\/2021\/11\/WhatsApp-Image-2021-11-22-at-21.57.02.jpeg 1600w\" sizes=\"auto, (max-width: 497px) 100vw, 497px\" \/><\/figure><\/div>\n\n\n\n<p>La tarda del dilluns 22 de novembre la Fundaci\u00f3 Esportiva Grama va rebre la visita de l&#8217;Anna Caula i Paretas, Secret\u00e0ria General de l&#8217;Esport i de l&#8217;Activitat F\u00edsica. Rebuda al Nou Municipal de la Grama pel President, Antonio Morales, acompanyat dels Vicepresidents Manolo Garc\u00eda, Germ\u00e1n Rosales i Francesc S\u00e1nchez, i del Delegat federatiu Diego Luque juntament amb la resta de la Junta i cos t\u00e8cnic.<\/p>\n\n\n\n<p>A aquesta visita tamb\u00e9 hi van acudir Mireia Gonz\u00e1lez (Tinenta d&#8217;Alcaldessa d&#8217;Esport i Educaci\u00f3), Daniel Salgado (Regidor d&#8217;Esports de Santa Coloma) i Sam N\u00fa\u00f1ez (Regidor d&#8217;ERC Gramenet).<\/p>\n\n\n\n<p>Primerament va parlar amb l&#8217;entrenador de l&#8217;equip Inclusiu, Daniel Caba\u00f1as, que li va poder explicar com estan de contents i l&#8217;evoluci\u00f3 di\u00e0ria. Tamb\u00e9 va poder con\u00e8ixer la plantilla del 1r equip, aix\u00ed com alguns jugadors del Juvenil A.<\/p>\n\n\n\n<figure class=\"wp-block-gallery aligncenter columns-2 is-cropped wp-block-gallery-1 is-layout-flex wp-block-gallery-is-layout-flex\"><ul class=\"blocks-gallery-grid\"><li class=\"blocks-gallery-item\"><figure><img loading=\"lazy\" decoding=\"async\" width=\"1024\" height=\"682\" src=\"http:\/\/fegrama.cat\/web\/wp-content\/uploads\/2021\/11\/WhatsApp-Image-2021-11-22-at-21.57.28-1024x682.jpeg\" alt=\"\" data-id=\"29835\" data-full-url=\"http:\/\/fegrama.cat\/web\/wp-content\/uploads\/2021\/11\/WhatsApp-Image-2021-11-22-at-21.57.28.jpeg\" data-link=\"http:\/\/fegrama.cat\/web\/?attachment_id=29835\" class=\"wp-image-29835\" srcset=\"http:\/\/fegrama.cat\/web\/wp-content\/uploads\/2021\/11\/WhatsApp-Image-2021-11-22-at-21.57.28-1024x682.jpeg 1024w, http:\/\/fegrama.cat\/web\/wp-content\/uploads\/2021\/11\/WhatsApp-Image-2021-11-22-at-21.57.28-300x200.jpeg 300w, http:\/\/fegrama.cat\/web\/wp-content\/uploads\/2021\/11\/WhatsApp-Image-2021-11-22-at-21.57.28-768x512.jpeg 768w, http:\/\/fegrama.cat\/web\/wp-content\/uploads\/2021\/11\/WhatsApp-Image-2021-11-22-at-21.57.28-1536x1023.jpeg 1536w, http:\/\/fegrama.cat\/web\/wp-content\/uploads\/2021\/11\/WhatsApp-Image-2021-11-22-at-21.57.28.jpeg 1600w\" sizes=\"auto, (max-width: 1024px) 100vw, 1024px\" \/><\/figure><\/li><li class=\"blocks-gallery-item\"><figure><img loading=\"lazy\" decoding=\"async\" width=\"1024\" height=\"682\" src=\"http:\/\/fegrama.cat\/web\/wp-content\/uploads\/2021\/11\/anna-caula-equip-1024x682.jpeg\" alt=\"\" data-id=\"29830\" data-full-url=\"http:\/\/fegrama.cat\/web\/wp-content\/uploads\/2021\/11\/anna-caula-equip.jpeg\" data-link=\"http:\/\/fegrama.cat\/web\/?attachment_id=29830\" class=\"wp-image-29830\" srcset=\"http:\/\/fegrama.cat\/web\/wp-content\/uploads\/2021\/11\/anna-caula-equip-1024x682.jpeg 1024w, http:\/\/fegrama.cat\/web\/wp-content\/uploads\/2021\/11\/anna-caula-equip-300x200.jpeg 300w, http:\/\/fegrama.cat\/web\/wp-content\/uploads\/2021\/11\/anna-caula-equip-768x512.jpeg 768w, http:\/\/fegrama.cat\/web\/wp-content\/uploads\/2021\/11\/anna-caula-equip-1536x1023.jpeg 1536w, http:\/\/fegrama.cat\/web\/wp-content\/uploads\/2021\/11\/anna-caula-equip.jpeg 1600w\" sizes=\"auto, (max-width: 1024px) 100vw, 1024px\" \/><figcaption class=\"blocks-gallery-item__caption\">Amb els capitans i l&#8217;entrenador, Juanma Pons.<\/figcaption><\/figure><\/li><\/ul><\/figure>\n\n\n\n<p>Durant la seva estada a l&#8217;estadi va poder anar coneixent de prop cada rac\u00f3 del projecte social de la Grama. Els m\u00e9s de 550 nens i nenes de diferents cultures que hi conviuen, la integraci\u00f3, les mesures penals alternatives (MPA) o les accions solid\u00e0ries realitzades.<\/p>\n\n\n\n<p>Anna tamb\u00e9 va visitar la part dedicada a la salut de la Fundaci\u00f3: amb la consulta del Dr. Germ\u00e1n Rosales, la sala del fisioterapeuta Rocky i el gimn\u00e0s on estaven en sessi\u00f3 de recuperaci\u00f3 alguns jugadors al costat de Toni Rovira (preparador f\u00edsic).<\/p>\n\n\n\n<p>Ja a la gespa del Municipal de la Grama la Secretaria General d\u2019Esport va poder veure els nostres joves gaudint. Jordi Mart\u00ednez, Coordinador General, li va explicar entre altres coses el retorn del futbol femen\u00ed. Els nois del futbol base i el juvenil femen\u00ed la van poder con\u00e8ixer de prop.<\/p>\n\n\n\n<figure class=\"wp-block-gallery columns-2 is-cropped wp-block-gallery-2 is-layout-flex wp-block-gallery-is-layout-flex\"><ul class=\"blocks-gallery-grid\"><li class=\"blocks-gallery-item\"><figure><img loading=\"lazy\" decoding=\"async\" width=\"1024\" height=\"682\" src=\"http:\/\/fegrama.cat\/web\/wp-content\/uploads\/2021\/11\/anna-caula-juvenil-fem-1024x682.jpeg\" alt=\"\" data-id=\"29831\" data-full-url=\"http:\/\/fegrama.cat\/web\/wp-content\/uploads\/2021\/11\/anna-caula-juvenil-fem.jpeg\" data-link=\"http:\/\/fegrama.cat\/web\/?attachment_id=29831\" class=\"wp-image-29831\" srcset=\"http:\/\/fegrama.cat\/web\/wp-content\/uploads\/2021\/11\/anna-caula-juvenil-fem-1024x682.jpeg 1024w, http:\/\/fegrama.cat\/web\/wp-content\/uploads\/2021\/11\/anna-caula-juvenil-fem-300x200.jpeg 300w, http:\/\/fegrama.cat\/web\/wp-content\/uploads\/2021\/11\/anna-caula-juvenil-fem-768x512.jpeg 768w, http:\/\/fegrama.cat\/web\/wp-content\/uploads\/2021\/11\/anna-caula-juvenil-fem-1536x1023.jpeg 1536w, http:\/\/fegrama.cat\/web\/wp-content\/uploads\/2021\/11\/anna-caula-juvenil-fem.jpeg 1600w\" sizes=\"auto, (max-width: 1024px) 100vw, 1024px\" \/><\/figure><\/li><li class=\"blocks-gallery-item\"><figure><img loading=\"lazy\" decoding=\"async\" width=\"1024\" height=\"682\" src=\"http:\/\/fegrama.cat\/web\/wp-content\/uploads\/2021\/11\/WhatsApp-Image-2021-11-22-at-21.52.30-1024x682.jpeg\" alt=\"\" data-id=\"29832\" data-full-url=\"http:\/\/fegrama.cat\/web\/wp-content\/uploads\/2021\/11\/WhatsApp-Image-2021-11-22-at-21.52.30.jpeg\" data-link=\"http:\/\/fegrama.cat\/web\/?attachment_id=29832\" class=\"wp-image-29832\" srcset=\"http:\/\/fegrama.cat\/web\/wp-content\/uploads\/2021\/11\/WhatsApp-Image-2021-11-22-at-21.52.30-1024x682.jpeg 1024w, http:\/\/fegrama.cat\/web\/wp-content\/uploads\/2021\/11\/WhatsApp-Image-2021-11-22-at-21.52.30-300x200.jpeg 300w, http:\/\/fegrama.cat\/web\/wp-content\/uploads\/2021\/11\/WhatsApp-Image-2021-11-22-at-21.52.30-768x512.jpeg 768w, http:\/\/fegrama.cat\/web\/wp-content\/uploads\/2021\/11\/WhatsApp-Image-2021-11-22-at-21.52.30-1536x1023.jpeg 1536w, http:\/\/fegrama.cat\/web\/wp-content\/uploads\/2021\/11\/WhatsApp-Image-2021-11-22-at-21.52.30.jpeg 1600w\" sizes=\"auto, (max-width: 1024px) 100vw, 1024px\" \/><\/figure><\/li><\/ul><\/figure>\n\n\n\n<p>Anna Caula va tenir l&#8217;oportunitat de veure la nova disciplina que ha arribat a la Grama, el karate amb Lee Redondo com a director. A la gespa hi havia una zona exclusivament per al Karate Kyokushin Solidari. Finalment, va con\u00e8ixer l&#8217;estudi de Grama Radio en actiu, aix\u00ed com les xarxes socials del club i Grama TV, i va tancar la visita al Bar Grama.<\/p>\n\n\n\n<div class=\"wp-block-image\"><figure class=\"aligncenter size-large is-resized\"><img loading=\"lazy\" decoding=\"async\" src=\"http:\/\/fegrama.cat\/web\/wp-content\/uploads\/2021\/11\/WhatsApp-Image-2021-11-22-at-21.56.55-1024x682.jpeg\" alt=\"\" class=\"wp-image-29833\" width=\"500\" height=\"333\" srcset=\"http:\/\/fegrama.cat\/web\/wp-content\/uploads\/2021\/11\/WhatsApp-Image-2021-11-22-at-21.56.55-1024x682.jpeg 1024w, http:\/\/fegrama.cat\/web\/wp-content\/uploads\/2021\/11\/WhatsApp-Image-2021-11-22-at-21.56.55-300x200.jpeg 300w, http:\/\/fegrama.cat\/web\/wp-content\/uploads\/2021\/11\/WhatsApp-Image-2021-11-22-at-21.56.55-768x512.jpeg 768w, http:\/\/fegrama.cat\/web\/wp-content\/uploads\/2021\/11\/WhatsApp-Image-2021-11-22-at-21.56.55-1536x1023.jpeg 1536w, http:\/\/fegrama.cat\/web\/wp-content\/uploads\/2021\/11\/WhatsApp-Image-2021-11-22-at-21.56.55.jpeg 1600w\" sizes=\"auto, (max-width: 500px) 100vw, 500px\" \/><\/figure><\/div>\n\n\n\n<blockquote class=\"wp-block-quote is-layout-flow wp-block-quote-is-layout-flow\"><p>Anna Caula (Secret\u00e0ria General de l\u2019Esport i de l\u2019Activitat F\u00edsica): \u00abAvui he visitat una entitat que ens demostra tot all\u00f2 que parlem del potencial de l&#8217;esport catal\u00e0. L&#8217;esport \u00e9s una eina de transformaci\u00f3 social i la Grama \u00e9s un dels principals referents. Quan parlem d&#8217;oportunitats vol dir que les dones hem de tenir el mateix dret de fer esport, viure l&#8217;esport i ser referents. Quan parlem d&#8217;igualtat, \u00e9s igualtat d&#8217;oportunitats siguis del barri que siguis, hagis nascut a la fam\u00edlia que sigui o al territori que sigui, que tinguis el mateix dret de fer esport. I en aquest sentit, la Grama \u00e9s un generador d&#8217;oportunitats i que comunit\u00e0riament \u00e9s imprescindible.\u00bb<\/p><\/blockquote>\n\n\n\n<blockquote class=\"wp-block-quote is-layout-flow wp-block-quote-is-layout-flow\"><p>Antonio Morales (President Fundaci\u00f3 Esportiva Grama): \u00abEra necessari que la Secret\u00e0ria General d\u2019Esports vingu\u00e9s per con\u00e8ixer la feina que estem fent a la Grama tant per a Santa Coloma com per a la comarca. Crec que ho havia de veure ara que comen\u00e7a el seu mandat per aix\u00ed valorar aquest esfor\u00e7 que fem des de la nostra entitat. Avui hem parlat amb una persona que ha estat a l&#8217;esport d&#8217;elit per\u00f2 que va comen\u00e7ar per equips modestos. Anna sap qu\u00e8 \u00e9s l&#8217;esport, per a qu\u00e8 serveix i on arriba. Se n&#8217;ha anat de Santa Coloma contenta de la feina que realitzem.\u00bb<\/p><\/blockquote>\n\n\n\n<div class=\"wp-block-image\"><figure class=\"aligncenter size-large\"><img loading=\"lazy\" decoding=\"async\" width=\"1024\" height=\"683\" src=\"http:\/\/fegrama.cat\/web\/wp-content\/uploads\/2021\/11\/visita-anna-caula-1024x683.jpeg\" alt=\"\" class=\"wp-image-29828\" srcset=\"http:\/\/fegrama.cat\/web\/wp-content\/uploads\/2021\/11\/visita-anna-caula-1024x683.jpeg 1024w, http:\/\/fegrama.cat\/web\/wp-content\/uploads\/2021\/11\/visita-anna-caula-300x200.jpeg 300w, http:\/\/fegrama.cat\/web\/wp-content\/uploads\/2021\/11\/visita-anna-caula-768x512.jpeg 768w, http:\/\/fegrama.cat\/web\/wp-content\/uploads\/2021\/11\/visita-anna-caula-1536x1024.jpeg 1536w, http:\/\/fegrama.cat\/web\/wp-content\/uploads\/2021\/11\/visita-anna-caula.jpeg 1600w\" sizes=\"auto, (max-width: 1024px) 100vw, 1024px\" \/><figcaption>D&#8217;esquerra a dreta amunt: Diego Luque (Delegat Federatiu), Jordi Mart\u00ednez (Coordinador General), Manolo Garc\u00eda (Vicepresident), Roger Peris (Capit\u00e0 1r equip), Anna Caula (Secret\u00e0ria General de&#8217;Esport), Lucas Antonicelli (Capit\u00e0 1r equip), Sam N\u00fa\u00f1ez (Regidor ERC Gramenet), Rafa Ort\u00edz (Gerent d\u2019Instal\u00b7lacions) i Germ\u00e1n Rosales (Vicepresident). D&#8217;esquerra a dreta a baix: Francesc S\u00e1nchez (Vicepresident), Lee Redondo (Director Karate Kyokushin Grama), N\u00e9stor Garc\u00eda (Coordinador F11), Dani Salgado (Regidor d&#8217;Esports), Antonio Morales (President FE Grama), Mireia Gonz\u00e1lez (Tinenta d&#8217;Alcaldessa) i Eva De La Fuente (Responsable Escola).<\/figcaption><\/figure><\/div>\n\n\n\n<pre class=\"wp-block-verse has-text-align-center\"><em><strong>Vacunarse es prevenir y luchar contra el coronavirus<\/strong><\/em><\/pre>\n\n\n\n<hr class=\"wp-block-separator\"\/>\n\n\n\n<p>En la tarde del lunes 22 de noviembre la Fundaci\u00f3 Esportiva Grama recibi\u00f3 la visita de <em>Anna Caula i Paretas<\/em>, S<em>ecret\u00e0ria General<\/em>&nbsp;de l&#8217;<em>Esport<\/em>&nbsp;i de l&#8217;Activitat F\u00edsica. Recibida en el Nou Municipal de la Grama por el Presidente, Antonio Morales, acompa\u00f1ado de los Vicepresidentes Manolo Garc\u00eda, Germ\u00e1n Rosales y Francesc S\u00e1nchez, y del Delegado federativo Diego Luque junto al resto de la Junta y cuerpo t\u00e9cnico.<\/p>\n\n\n\n<p>A dicha visita tambi\u00e9n acudieron Mireia Gonz\u00e1lez (Tenienta de Alcaldesa de Deporte y Educaci\u00f3n), Daniel Salgado (Concejal de Deportes de Santa Coloma) y Sam N\u00fa\u00f1ez (Concejal de ERC Gramenet). <\/p>\n\n\n\n<p>Primeramente habl\u00f3 con el entrenador del equipo Inclusivo, Daniel Caba\u00f1as, quien pudo explicarle lo contentos que est\u00e1n y la evoluci\u00f3n diaria. Tambi\u00e9n pudo conocer a la plantilla del 1r equipo, as\u00ed como algunos jugadores del Juvenil A.<\/p>\n\n\n\n<figure class=\"wp-block-gallery columns-2 is-cropped wp-block-gallery-3 is-layout-flex wp-block-gallery-is-layout-flex\"><ul class=\"blocks-gallery-grid\"><li class=\"blocks-gallery-item\"><figure><img loading=\"lazy\" decoding=\"async\" width=\"1024\" height=\"682\" src=\"http:\/\/fegrama.cat\/web\/wp-content\/uploads\/2021\/11\/WhatsApp-Image-2021-11-22-at-21.57.28-1024x682.jpeg\" alt=\"\" data-id=\"29835\" data-full-url=\"http:\/\/fegrama.cat\/web\/wp-content\/uploads\/2021\/11\/WhatsApp-Image-2021-11-22-at-21.57.28.jpeg\" data-link=\"http:\/\/fegrama.cat\/web\/?attachment_id=29835\" class=\"wp-image-29835\" srcset=\"http:\/\/fegrama.cat\/web\/wp-content\/uploads\/2021\/11\/WhatsApp-Image-2021-11-22-at-21.57.28-1024x682.jpeg 1024w, http:\/\/fegrama.cat\/web\/wp-content\/uploads\/2021\/11\/WhatsApp-Image-2021-11-22-at-21.57.28-300x200.jpeg 300w, http:\/\/fegrama.cat\/web\/wp-content\/uploads\/2021\/11\/WhatsApp-Image-2021-11-22-at-21.57.28-768x512.jpeg 768w, http:\/\/fegrama.cat\/web\/wp-content\/uploads\/2021\/11\/WhatsApp-Image-2021-11-22-at-21.57.28-1536x1023.jpeg 1536w, http:\/\/fegrama.cat\/web\/wp-content\/uploads\/2021\/11\/WhatsApp-Image-2021-11-22-at-21.57.28.jpeg 1600w\" sizes=\"auto, (max-width: 1024px) 100vw, 1024px\" \/><\/figure><\/li><li class=\"blocks-gallery-item\"><figure><img loading=\"lazy\" decoding=\"async\" width=\"1024\" height=\"682\" src=\"http:\/\/fegrama.cat\/web\/wp-content\/uploads\/2021\/11\/anna-caula-equip-1024x682.jpeg\" alt=\"\" data-id=\"29830\" data-full-url=\"http:\/\/fegrama.cat\/web\/wp-content\/uploads\/2021\/11\/anna-caula-equip.jpeg\" data-link=\"http:\/\/fegrama.cat\/web\/?attachment_id=29830\" class=\"wp-image-29830\" srcset=\"http:\/\/fegrama.cat\/web\/wp-content\/uploads\/2021\/11\/anna-caula-equip-1024x682.jpeg 1024w, http:\/\/fegrama.cat\/web\/wp-content\/uploads\/2021\/11\/anna-caula-equip-300x200.jpeg 300w, http:\/\/fegrama.cat\/web\/wp-content\/uploads\/2021\/11\/anna-caula-equip-768x512.jpeg 768w, http:\/\/fegrama.cat\/web\/wp-content\/uploads\/2021\/11\/anna-caula-equip-1536x1023.jpeg 1536w, http:\/\/fegrama.cat\/web\/wp-content\/uploads\/2021\/11\/anna-caula-equip.jpeg 1600w\" sizes=\"auto, (max-width: 1024px) 100vw, 1024px\" \/><figcaption class=\"blocks-gallery-item__caption\">Con los capitanes y el entrenador, Juanma Pons.<\/figcaption><\/figure><\/li><\/ul><\/figure>\n\n\n\n<p>Durante su estancia en el estadio pudo ir conociendo de cerca cada rinc\u00f3n del proyecto social de la Grama. Los m\u00e1s de 550 ni\u00f1os y ni\u00f1as de diferentes culturas que conviven, la integraci\u00f3n, las medidas penales alternativas (MPA) o las acciones solidarias realizadas. <\/p>\n\n\n\n<p>Anna tambi\u00e9n visit\u00f3 la parte dedicada a la salud de la Fundaci\u00f3: con la consulta del Dr. Germ\u00e1n Rosales, la sala del fisioterapeuta Rocky y el gimnasio en donde estaban en sesi\u00f3n de recuperaci\u00f3n algunos jugadores junto a Toni Rovira (preparador f\u00edsico).<\/p>\n\n\n\n<p>Ya en el c\u00e9sped del Municipal de la Grama la S<em>ecret\u00e0ria General<\/em>&nbsp;d&#8217;<em>Esport<\/em> pudo ver a nuestros j\u00f3venes disfrutando. Jordi Mart\u00ednez, Coordinador General, le explic\u00f3 entre otras cosas el regreso del f\u00fatbol femenino. Los chicos del f\u00fatbol base y el juvenil femenino pudieron conocerla de cerca.<\/p>\n\n\n\n<figure class=\"wp-block-gallery columns-2 is-cropped wp-block-gallery-4 is-layout-flex wp-block-gallery-is-layout-flex\"><ul class=\"blocks-gallery-grid\"><li class=\"blocks-gallery-item\"><figure><img loading=\"lazy\" decoding=\"async\" width=\"1024\" height=\"682\" src=\"http:\/\/fegrama.cat\/web\/wp-content\/uploads\/2021\/11\/anna-caula-juvenil-fem-1024x682.jpeg\" alt=\"\" data-id=\"29831\" data-full-url=\"http:\/\/fegrama.cat\/web\/wp-content\/uploads\/2021\/11\/anna-caula-juvenil-fem.jpeg\" data-link=\"http:\/\/fegrama.cat\/web\/?attachment_id=29831\" class=\"wp-image-29831\" srcset=\"http:\/\/fegrama.cat\/web\/wp-content\/uploads\/2021\/11\/anna-caula-juvenil-fem-1024x682.jpeg 1024w, http:\/\/fegrama.cat\/web\/wp-content\/uploads\/2021\/11\/anna-caula-juvenil-fem-300x200.jpeg 300w, http:\/\/fegrama.cat\/web\/wp-content\/uploads\/2021\/11\/anna-caula-juvenil-fem-768x512.jpeg 768w, http:\/\/fegrama.cat\/web\/wp-content\/uploads\/2021\/11\/anna-caula-juvenil-fem-1536x1023.jpeg 1536w, http:\/\/fegrama.cat\/web\/wp-content\/uploads\/2021\/11\/anna-caula-juvenil-fem.jpeg 1600w\" sizes=\"auto, (max-width: 1024px) 100vw, 1024px\" \/><\/figure><\/li><li class=\"blocks-gallery-item\"><figure><img loading=\"lazy\" decoding=\"async\" width=\"1024\" height=\"682\" src=\"http:\/\/fegrama.cat\/web\/wp-content\/uploads\/2021\/11\/WhatsApp-Image-2021-11-22-at-21.52.30-1024x682.jpeg\" alt=\"\" data-id=\"29832\" data-full-url=\"http:\/\/fegrama.cat\/web\/wp-content\/uploads\/2021\/11\/WhatsApp-Image-2021-11-22-at-21.52.30.jpeg\" data-link=\"http:\/\/fegrama.cat\/web\/?attachment_id=29832\" class=\"wp-image-29832\" srcset=\"http:\/\/fegrama.cat\/web\/wp-content\/uploads\/2021\/11\/WhatsApp-Image-2021-11-22-at-21.52.30-1024x682.jpeg 1024w, http:\/\/fegrama.cat\/web\/wp-content\/uploads\/2021\/11\/WhatsApp-Image-2021-11-22-at-21.52.30-300x200.jpeg 300w, http:\/\/fegrama.cat\/web\/wp-content\/uploads\/2021\/11\/WhatsApp-Image-2021-11-22-at-21.52.30-768x512.jpeg 768w, http:\/\/fegrama.cat\/web\/wp-content\/uploads\/2021\/11\/WhatsApp-Image-2021-11-22-at-21.52.30-1536x1023.jpeg 1536w, http:\/\/fegrama.cat\/web\/wp-content\/uploads\/2021\/11\/WhatsApp-Image-2021-11-22-at-21.52.30.jpeg 1600w\" sizes=\"auto, (max-width: 1024px) 100vw, 1024px\" \/><\/figure><\/li><\/ul><\/figure>\n\n\n\n<p>Anna Caula tuvo la oportunidad de ver la nueva disciplina que ha llegado a la Grama, el karate con Lee Redondo como director. En el c\u00e9sped hab\u00eda una zona exclusivamente para el Karate Kyokushin Solidari. Por \u00faltimo, conoci\u00f3 el estudio de Grama Radio en activo, as\u00ed como las redes sociales del club y Grama TV, y cerr\u00f3 su visita en el Bar Grama.<\/p>\n\n\n\n<div class=\"wp-block-image\"><figure class=\"aligncenter size-large is-resized\"><img loading=\"lazy\" decoding=\"async\" src=\"http:\/\/fegrama.cat\/web\/wp-content\/uploads\/2021\/11\/WhatsApp-Image-2021-11-22-at-21.56.55-1024x682.jpeg\" alt=\"\" class=\"wp-image-29833\" width=\"517\" height=\"344\" srcset=\"http:\/\/fegrama.cat\/web\/wp-content\/uploads\/2021\/11\/WhatsApp-Image-2021-11-22-at-21.56.55-1024x682.jpeg 1024w, http:\/\/fegrama.cat\/web\/wp-content\/uploads\/2021\/11\/WhatsApp-Image-2021-11-22-at-21.56.55-300x200.jpeg 300w, http:\/\/fegrama.cat\/web\/wp-content\/uploads\/2021\/11\/WhatsApp-Image-2021-11-22-at-21.56.55-768x512.jpeg 768w, http:\/\/fegrama.cat\/web\/wp-content\/uploads\/2021\/11\/WhatsApp-Image-2021-11-22-at-21.56.55-1536x1023.jpeg 1536w, http:\/\/fegrama.cat\/web\/wp-content\/uploads\/2021\/11\/WhatsApp-Image-2021-11-22-at-21.56.55.jpeg 1600w\" sizes=\"auto, (max-width: 517px) 100vw, 517px\" \/><\/figure><\/div>\n\n\n\n<blockquote class=\"wp-block-quote is-layout-flow wp-block-quote-is-layout-flow\"><p>Anna Caula (S<em>ecret\u00e0ria General<\/em>&nbsp;de l&#8217;<em>Esport<\/em>&nbsp;i de l&#8217;Activitat F\u00edsica): \u00abHoy he visitado una entidad que nos demuestra todo aquello que hablamos del potencial del deporte catal\u00e1n. El deporte es una herramienta de transformaci\u00f3n social y la Grama es uno de los referentes principales. Cuando hablamos de oportunidades quiere decir que las mujeres tenemos que tener el mismo derecho hacer deporte, vivir el deporte y ser referentes. Cuando hablamos de igualdad, es igualdad de oportunidades seas del barrio que seas, hayas nacido en la familia que sea o en el territorio que sea, que tengas el mismo derecho de hacer deporte. Y en ese sentido la Grama es un generador de oportunidades y que comunitariamente es imprescindible.\u00bb<\/p><\/blockquote>\n\n\n\n<blockquote class=\"wp-block-quote is-layout-flow wp-block-quote-is-layout-flow\"><p>Antonio Morales (Presidente Fundaci\u00f3 Esportiva Grama): \u00abEra necesario que la Secretaria General d&#8217;Esports viniera para conocer el trabajo que estamos haciendo en la Grama tanto para Santa Coloma como para la comarca. Creo que ten\u00eda que verlo ahora que empieza su mandato para as\u00ed valorar ese esfuerzo que hacemos desde nuestra entidad. Hoy hemos hablado con una persona que ha estado en el deporte de \u00e9lite pero que empez\u00f3 por equipos modestos. Anna sabe lo que es el deporte, para que sirve y a donde se llega. Se ha marchado de Santa Coloma contenta del trabajo que realizamos.\u00bb<\/p><\/blockquote>\n","protected":false},"excerpt":{"rendered":"<p>La tarda del dilluns 22 de novembre la Fundaci\u00f3 Esportiva Grama va rebre la visita de l&#8217;Anna Caula i Paretas, Secret\u00e0ria General de l&#8217;Esport i de l&#8217;Activitat F\u00edsica. Rebuda al Nou Municipal de la Grama pel President, Antonio Morales, acompanyat dels Vicepresidents Manolo Garc\u00eda, Germ\u00e1n Rosales i Francesc S\u00e1nchez, i del Delegat federatiu Diego Luque [&hellip;]<\/p>\n","protected":false},"author":1,"featured_media":29828,"comment_status":"closed","ping_status":"closed","sticky":false,"template":"","format":"standard","meta":{"footnotes":""},"categories":[14,15],"tags":[],"class_list":["post-29823","post","type-post","status-publish","format-standard","has-post-thumbnail","hentry","category-noticies","category-noticies-destacades"],"_links":{"self":[{"href":"http:\/\/fegrama.cat\/web\/wp-json\/wp\/v2\/posts\/29823","targetHints":{"allow":["GET"]}}],"collection":[{"href":"http:\/\/fegrama.cat\/web\/wp-json\/wp\/v2\/posts"}],"about":[{"href":"http:\/\/fegrama.cat\/web\/wp-json\/wp\/v2\/types\/post"}],"author":[{"embeddable":true,"href":"http:\/\/fegrama.cat\/web\/wp-json\/wp\/v2\/users\/1"}],"replies":[{"embeddable":true,"href":"http:\/\/fegrama.cat\/web\/wp-json\/wp\/v2\/comments?post=29823"}],"version-history":[{"count":12,"href":"http:\/\/fegrama.cat\/web\/wp-json\/wp\/v2\/posts\/29823\/revisions"}],"predecessor-version":[{"id":29843,"href":"http:\/\/fegrama.cat\/web\/wp-json\/wp\/v2\/posts\/29823\/revisions\/29843"}],"wp:featuredmedia":[{"embeddable":true,"href":"http:\/\/fegrama.cat\/web\/wp-json\/wp\/v2\/media\/29828"}],"wp:attachment":[{"href":"http:\/\/fegrama.cat\/web\/wp-json\/wp\/v2\/media?parent=29823"}],"wp:term":[{"taxonomy":"category","embeddable":true,"href":"http:\/\/fegrama.cat\/web\/wp-json\/wp\/v2\/categories?post=29823"},{"taxonomy":"post_tag","embeddable":true,"href":"http:\/\/fegrama.cat\/web\/wp-json\/wp\/v2\/tags?post=29823"}],"curies":[{"name":"wp","href":"https:\/\/api.w.org\/{rel}","templated":true}]}}