{"id":29811,"date":"2021-11-22T16:01:55","date_gmt":"2021-11-22T15:01:55","guid":{"rendered":"http:\/\/fegrama.cat\/web\/?p=29811"},"modified":"2021-11-22T16:01:56","modified_gmt":"2021-11-22T15:01:56","slug":"cronica-de-linfantil-a-contra-lespanyol","status":"publish","type":"post","link":"http:\/\/fegrama.cat\/web\/cronica-de-linfantil-a-contra-lespanyol\/","title":{"rendered":"Cr\u00f2nica de l&#8217;Infantil \u00abA\u00bb contra l&#8217;Espanyol."},"content":{"rendered":"\n<p><br><strong>Infantil \u201cA\u201d 0 &#8211; RCD.Espanyol 2<\/strong><\/p>\n\n\n\n<p>Els nostres nois de l&#8217;Infantil \u00abA\u00bb van jugar un partit molt bo contra\u00a0l&#8217;Espanyol. Malgrat aix\u00f2, els de la Grama no van tenir \u00abpremi\u00bb i van perdre despr\u00e9s d&#8217;unes decisions arbitrals dubtoses. El resultat \u00e9s injust, per\u00f2 toca mantenir el cap a dalt i continuar treballant en la mateixa direcci\u00f3.<\/p>\n\n\n\n<p><\/p>\n\n\n\n<hr class=\"wp-block-separator\"\/>\n\n\n\n<p><\/p>\n\n\n\n<p><strong>Infantil \u201cA\u201d 0 &#8211; RCD.Espanyol 2<\/strong><\/p>\n\n\n\n<p>Nuestros chicos del Infantil \u201cA\u201d jugaron un partido muy bueno ante el Espanyol. A pesar de eso, los de la Grama no tuvieron \u201cpremio\u201d y perdieron tras unas decisiones arbitrales dudosas. El resultado es injusto, pero toca mantener la cabeza arriba y seguir trabajando en la misma direcci\u00f3n.<\/p>\n","protected":false},"excerpt":{"rendered":"<p>Infantil \u201cA\u201d 0 &#8211; RCD.Espanyol 2 Els nostres nois de l&#8217;Infantil \u00abA\u00bb van jugar un partit molt bo contra\u00a0l&#8217;Espanyol. Malgrat aix\u00f2, els de la Grama no van tenir \u00abpremi\u00bb i van perdre despr\u00e9s d&#8217;unes decisions arbitrals dubtoses. El resultat \u00e9s injust, per\u00f2 toca mantenir el cap a dalt i continuar treballant en la mateixa direcci\u00f3. [&hellip;]<\/p>\n","protected":false},"author":1,"featured_media":0,"comment_status":"closed","ping_status":"closed","sticky":false,"template":"","format":"standard","meta":{"footnotes":""},"categories":[4,9],"tags":[],"class_list":["post-29811","post","type-post","status-publish","format-standard","hentry","category-base-inclusiu","category-infantils"],"_links":{"self":[{"href":"http:\/\/fegrama.cat\/web\/wp-json\/wp\/v2\/posts\/29811","targetHints":{"allow":["GET"]}}],"collection":[{"href":"http:\/\/fegrama.cat\/web\/wp-json\/wp\/v2\/posts"}],"about":[{"href":"http:\/\/fegrama.cat\/web\/wp-json\/wp\/v2\/types\/post"}],"author":[{"embeddable":true,"href":"http:\/\/fegrama.cat\/web\/wp-json\/wp\/v2\/users\/1"}],"replies":[{"embeddable":true,"href":"http:\/\/fegrama.cat\/web\/wp-json\/wp\/v2\/comments?post=29811"}],"version-history":[{"count":1,"href":"http:\/\/fegrama.cat\/web\/wp-json\/wp\/v2\/posts\/29811\/revisions"}],"predecessor-version":[{"id":29812,"href":"http:\/\/fegrama.cat\/web\/wp-json\/wp\/v2\/posts\/29811\/revisions\/29812"}],"wp:attachment":[{"href":"http:\/\/fegrama.cat\/web\/wp-json\/wp\/v2\/media?parent=29811"}],"wp:term":[{"taxonomy":"category","embeddable":true,"href":"http:\/\/fegrama.cat\/web\/wp-json\/wp\/v2\/categories?post=29811"},{"taxonomy":"post_tag","embeddable":true,"href":"http:\/\/fegrama.cat\/web\/wp-json\/wp\/v2\/tags?post=29811"}],"curies":[{"name":"wp","href":"https:\/\/api.w.org\/{rel}","templated":true}]}}