{"id":29807,"date":"2021-11-22T11:02:46","date_gmt":"2021-11-22T10:02:46","guid":{"rendered":"http:\/\/fegrama.cat\/web\/?p=29807"},"modified":"2021-11-22T11:02:47","modified_gmt":"2021-11-22T10:02:47","slug":"gran-participacio-dels-inclusius-a-la-jornada-esportiva-del-santvicenti","status":"publish","type":"post","link":"http:\/\/fegrama.cat\/web\/gran-participacio-dels-inclusius-a-la-jornada-esportiva-del-santvicenti\/","title":{"rendered":"Gran participaci\u00f3 dels Inclusius a la Jornada Esportiva del Santvicent\u00ed"},"content":{"rendered":"\n<p>Aquest diumenge la Fundaci\u00f3 Esportiva Grama va estar present a la 1a Jornada Esportiva del CF Santvicent\u00ed. El futbol inclusiu va gaudir al Municipal Toni Buch de Sant Vicen\u00e7 de Montalt.<\/p>\n\n\n\n<p>Un torneig on no hi havia ni guanyadors ni perdedors, l&#8217;objectiu era gaudir del futbol.<\/p>\n\n\n\n<p>La Grama va guanyar dos dels seus tres partits: 1-2 a l&#8217;Insertball (UD Cirera) i 2-1 a Los Rayos. La derrota per la m\u00ednima (2-1) i al darrer minut va ser davant el FC Barcelona.<\/p>\n\n\n\n<p>Tot i que no hi va haver vencedors, sumant punts la Grama va quedar de primera al seu grup amb 6 punts, dos m\u00e9s que Bar\u00e7a i Cirera.<\/p>\n\n\n\n<div class=\"wp-block-image\"><figure class=\"aligncenter size-large\"><img loading=\"lazy\" decoding=\"async\" width=\"1024\" height=\"768\" src=\"http:\/\/fegrama.cat\/web\/wp-content\/uploads\/2021\/11\/INCLUSIU-jornada-esportiva-santvicenti-1024x768.jpeg\" alt=\"\" class=\"wp-image-29808\" srcset=\"http:\/\/fegrama.cat\/web\/wp-content\/uploads\/2021\/11\/INCLUSIU-jornada-esportiva-santvicenti-1024x768.jpeg 1024w, http:\/\/fegrama.cat\/web\/wp-content\/uploads\/2021\/11\/INCLUSIU-jornada-esportiva-santvicenti-300x225.jpeg 300w, http:\/\/fegrama.cat\/web\/wp-content\/uploads\/2021\/11\/INCLUSIU-jornada-esportiva-santvicenti-768x576.jpeg 768w, http:\/\/fegrama.cat\/web\/wp-content\/uploads\/2021\/11\/INCLUSIU-jornada-esportiva-santvicenti-1536x1152.jpeg 1536w, http:\/\/fegrama.cat\/web\/wp-content\/uploads\/2021\/11\/INCLUSIU-jornada-esportiva-santvicenti.jpeg 2048w\" sizes=\"auto, (max-width: 1024px) 100vw, 1024px\" \/><\/figure><\/div>\n\n\n\n<p>Este domingo la Fundaci\u00f3 Esportiva Grama estuvo presente en la 1\u00aa Jornada Deportiva del CF Santvicent\u00ed. El f\u00fatbol inclusivo disfrut\u00f3 en el Municipal Toni Buch de Sant Vicen\u00e7 de Montalt.<\/p>\n\n\n\n<p>Un torneo en el que no hab\u00edan ni ganadores ni perdedores, el objetivo era disfrutar del f\u00fatbol.<\/p>\n\n\n\n<p>La Grama gan\u00f3 dos de sus tres partidos: 1-2 al Insertball (UD Cirera) y 2-1 a Los Rayos. La derrota por la m\u00ednima (2-1) y en el \u00faltimo minuto fue ante el FC Barcelona.<\/p>\n\n\n\n<p>Pese a que no hubo vencedores, sumando puntos la Grama qued\u00f3 de primera en su grupo con 6 puntos, dos m\u00e1s que Bar\u00e7a y Cirera.<\/p>\n","protected":false},"excerpt":{"rendered":"<p>Aquest diumenge la Fundaci\u00f3 Esportiva Grama va estar present a la 1a Jornada Esportiva del CF Santvicent\u00ed. El futbol inclusiu va gaudir al Municipal Toni Buch de Sant Vicen\u00e7 de Montalt. Un torneig on no hi havia ni guanyadors ni perdedors, l&#8217;objectiu era gaudir del futbol. La Grama va guanyar dos dels seus tres partits: [&hellip;]<\/p>\n","protected":false},"author":1,"featured_media":29808,"comment_status":"closed","ping_status":"closed","sticky":false,"template":"","format":"standard","meta":{"footnotes":""},"categories":[4,1256],"tags":[],"class_list":["post-29807","post","type-post","status-publish","format-standard","has-post-thumbnail","hentry","category-base-inclusiu","category-inclusiu"],"_links":{"self":[{"href":"http:\/\/fegrama.cat\/web\/wp-json\/wp\/v2\/posts\/29807","targetHints":{"allow":["GET"]}}],"collection":[{"href":"http:\/\/fegrama.cat\/web\/wp-json\/wp\/v2\/posts"}],"about":[{"href":"http:\/\/fegrama.cat\/web\/wp-json\/wp\/v2\/types\/post"}],"author":[{"embeddable":true,"href":"http:\/\/fegrama.cat\/web\/wp-json\/wp\/v2\/users\/1"}],"replies":[{"embeddable":true,"href":"http:\/\/fegrama.cat\/web\/wp-json\/wp\/v2\/comments?post=29807"}],"version-history":[{"count":1,"href":"http:\/\/fegrama.cat\/web\/wp-json\/wp\/v2\/posts\/29807\/revisions"}],"predecessor-version":[{"id":29809,"href":"http:\/\/fegrama.cat\/web\/wp-json\/wp\/v2\/posts\/29807\/revisions\/29809"}],"wp:featuredmedia":[{"embeddable":true,"href":"http:\/\/fegrama.cat\/web\/wp-json\/wp\/v2\/media\/29808"}],"wp:attachment":[{"href":"http:\/\/fegrama.cat\/web\/wp-json\/wp\/v2\/media?parent=29807"}],"wp:term":[{"taxonomy":"category","embeddable":true,"href":"http:\/\/fegrama.cat\/web\/wp-json\/wp\/v2\/categories?post=29807"},{"taxonomy":"post_tag","embeddable":true,"href":"http:\/\/fegrama.cat\/web\/wp-json\/wp\/v2\/tags?post=29807"}],"curies":[{"name":"wp","href":"https:\/\/api.w.org\/{rel}","templated":true}]}}