{"id":29803,"date":"2021-11-21T18:34:50","date_gmt":"2021-11-21T17:34:50","guid":{"rendered":"http:\/\/fegrama.cat\/web\/?p=29803"},"modified":"2021-11-21T18:34:51","modified_gmt":"2021-11-21T17:34:51","slug":"assalt-a-vilatenim-del-juvenil-a-0-4","status":"publish","type":"post","link":"http:\/\/fegrama.cat\/web\/assalt-a-vilatenim-del-juvenil-a-0-4\/","title":{"rendered":"Assalt a Vilatenim del Juvenil A (0-4)"},"content":{"rendered":"\n<p>Partit brillant dels de Sant Coloma que van ser superiors a la UE Figueres en tots els aspectes del joc. El resultat final va ser de 0-4 i amb aquesta vict\u00f2ria superen el seu rival a la classificaci\u00f3 (4t).<\/p>\n\n\n\n<p>Iniciava el matx amb una Fundaci\u00f3 en bloc mitj\u00e0 donant la pilota al rival i esperant el seu error per transitar. Els colomencs, de vermell, aconseguien les pilotes llargues que enviava Figueres i a partir d&#8217;aqu\u00ed dominaven l&#8217;esf\u00e8ric. Bon tracte a la pilota dels de Manu Pel\u00e1ez , que aviat es comen\u00e7arien a acostar a l&#8217;\u00e0rea local.<\/p>\n\n\n\n<p>Adri Rosa amb un m\u00e0 a m\u00e0 amb el porter que aturava b\u00e9 el porter donava el primer av\u00eds, poc despr\u00e9s el col\u00b7legiat anul\u00b7laria un gol del davanter Dani per fora de joc. Ho seguia intentant Dani que a mitjans de la primera part enviava la pilota al pal. El domini dels vermells era total.<\/p>\n\n\n\n<p>Poc abans del descans, ara si, Dani trobaria fortuna i despr\u00e9s d&#8217;una gran jugada individual de Guiteras, aquest servia la pilota perqu\u00e8 Dani remat\u00e9s a la xarxa. 0-1 al descans. A la represa, els de la tramuntana variaven el sistema i buscaven ser una mica m\u00e9s directes, primers 15 minuts de la segona meitat on els blanc-i-blaus dominaven i arribaven t\u00edmidament a l&#8217;\u00e0rea de Pablo.<\/p>\n\n\n\n<p>Al minut 55 una falta lateral era rematada pel davanter del Figueres per sobre del travesser i poc despr\u00e9s arribaria el 0-2 obra de Pau Mata, que igual que la setmana passada sortida des de la banqueta per fer gol. Amb 0-2 al marcador, va arribar la jugada desafortunada del xoc en una disputa a l&#8217;\u00e0rea entre Guille Vi\u00f1als i un jugador visitant, tots dos jugadors sent substitu\u00eft i assistits per l&#8217;ambul\u00e0ncia, per sort tot va quedar en un ensurt i tots dos jugadors estan b\u00e9. El colomenc Guille va haver de ser traslladat a l&#8217;hospital per un tall a la cella i rebre 3 punts.<\/p>\n\n\n\n<p>Continuava el matx amb una Grama que es feia amb la pilota i amb el partit. En una bona triangulaci\u00f3 colomenca arribava el 0-3 amb una bona definici\u00f3 d&#8217;Iker Merino a passada de Pau Mata, i poc despr\u00e9s ja amb el Figueres amb un jugador menys per lesi\u00f3 i esgotament de canvis arribava el definitiu 0-4. Gran passada d&#8217;Hernando que Uri G\u00f3mez no desaprofita.<\/p>\n\n\n\n<div class=\"wp-block-image\"><figure class=\"aligncenter size-large\"><img loading=\"lazy\" decoding=\"async\" width=\"680\" height=\"445\" src=\"http:\/\/fegrama.cat\/web\/wp-content\/uploads\/2021\/11\/juvmanre.jpg\" alt=\"\" class=\"wp-image-29805\" srcset=\"http:\/\/fegrama.cat\/web\/wp-content\/uploads\/2021\/11\/juvmanre.jpg 680w, http:\/\/fegrama.cat\/web\/wp-content\/uploads\/2021\/11\/juvmanre-300x196.jpg 300w\" sizes=\"auto, (max-width: 680px) 100vw, 680px\" \/><\/figure><\/div>\n\n\n\n<p><br>Partido brillante de los de Santa Coloma que fueron superiores a la UE Figueres en todos los aspectos del juego. El resultado final fue de 0-4 y con esta victoria superan a su rival en la clasificaci\u00f3n (4\u00ba).<\/p>\n\n\n\n<p>Iniciaba el match con una Fundaci\u00f3 en bloque medio dando el bal\u00f3n al rival y esperando su error para transitar. Los colomenses, de rojo, se hac\u00edan con los balones largos que enviaba Figueres y a partir de ah\u00ed dominaban el esf\u00e9rico. Buen trato al bal\u00f3n de los de Manu Pel\u00e1ez , que pronto empezar\u00edan acercarse al \u00e1rea local. <\/p>\n\n\n\n<p>Adri Rosa con un mano a mano con el portero que atajaba bien el guardameta daba el primer aviso, poco despu\u00e9s el colegiado anular\u00eda un gol del delantero Dani por fuera de juego. Lo segu\u00eda intentando Dani que a mediados de la primera parte enviaba el bal\u00f3n al poste. El dominio de los rojos era total. <\/p>\n\n\n\n<p>Poco antes del descanso, ahora si, Dani encontrar\u00eda fortuna y tras una gran jugada individual de Guiteras, este serv\u00eda el bal\u00f3n para que Dani rematara a la red. 0-1 al descanso. En la reanudaci\u00f3n, los de la tramuntana variaban el sistema y buscaban ser un poco m\u00e1s directos, primeros 15 minutos de la segunda mitad donde los blanquiazules dominaban y llegaban t\u00edmidamente al \u00e1rea de Pablo.<\/p>\n\n\n\n<p>En el minuto 55 una falta lateral era rematada por el delantero del Figueres por encima del travesa\u00f1o y poco despu\u00e9s llegar\u00eda el 0-2 obra de Pau Mata, que al igual que la semana pasada salida desde el banquillo para hacer gol. Con 0-2 en el marcador, lleg\u00f3 la jugada desafortunada un choque en una disputa \u00e1rea entre Guille Vi\u00f1als y un jugador visitante, ambos jugadores siendo sustituido y asistidos por la ambulancia, por suerte todo qued\u00f3 en un susto y ambos jugadores est\u00e1n bien. El colomense Guille tuvo que ser trasladado al hospital por un corte en la ceja y recibir 3 puntos.<\/p>\n\n\n\n<p>Continuaba el match con una Grama que se hac\u00eda con el bal\u00f3n y con el partido. En una buena triangulaci\u00f3n colomense llegaba el 0-3 con una buena definici\u00f3n de Iker Merino a pase de Pau Mata, y poco despu\u00e9s ya con el Figueres con un jugador menos por lesi\u00f3n y agotamiento de cambios llegaba el definitivo 0-4. Gran pase de Hernando que Uri G\u00f3mez no desaprovecha. <\/p>\n","protected":false},"excerpt":{"rendered":"<p>Partit brillant dels de Sant Coloma que van ser superiors a la UE Figueres en tots els aspectes del joc. El resultat final va ser de 0-4 i amb aquesta vict\u00f2ria superen el seu rival a la classificaci\u00f3 (4t). Iniciava el matx amb una Fundaci\u00f3 en bloc mitj\u00e0 donant la pilota al rival i esperant [&hellip;]<\/p>\n","protected":false},"author":1,"featured_media":29805,"comment_status":"closed","ping_status":"closed","sticky":false,"template":"","format":"standard","meta":{"footnotes":""},"categories":[4,6],"tags":[],"class_list":["post-29803","post","type-post","status-publish","format-standard","has-post-thumbnail","hentry","category-base-inclusiu","category-juvenils"],"_links":{"self":[{"href":"http:\/\/fegrama.cat\/web\/wp-json\/wp\/v2\/posts\/29803","targetHints":{"allow":["GET"]}}],"collection":[{"href":"http:\/\/fegrama.cat\/web\/wp-json\/wp\/v2\/posts"}],"about":[{"href":"http:\/\/fegrama.cat\/web\/wp-json\/wp\/v2\/types\/post"}],"author":[{"embeddable":true,"href":"http:\/\/fegrama.cat\/web\/wp-json\/wp\/v2\/users\/1"}],"replies":[{"embeddable":true,"href":"http:\/\/fegrama.cat\/web\/wp-json\/wp\/v2\/comments?post=29803"}],"version-history":[{"count":2,"href":"http:\/\/fegrama.cat\/web\/wp-json\/wp\/v2\/posts\/29803\/revisions"}],"predecessor-version":[{"id":29806,"href":"http:\/\/fegrama.cat\/web\/wp-json\/wp\/v2\/posts\/29803\/revisions\/29806"}],"wp:featuredmedia":[{"embeddable":true,"href":"http:\/\/fegrama.cat\/web\/wp-json\/wp\/v2\/media\/29805"}],"wp:attachment":[{"href":"http:\/\/fegrama.cat\/web\/wp-json\/wp\/v2\/media?parent=29803"}],"wp:term":[{"taxonomy":"category","embeddable":true,"href":"http:\/\/fegrama.cat\/web\/wp-json\/wp\/v2\/categories?post=29803"},{"taxonomy":"post_tag","embeddable":true,"href":"http:\/\/fegrama.cat\/web\/wp-json\/wp\/v2\/tags?post=29803"}],"curies":[{"name":"wp","href":"https:\/\/api.w.org\/{rel}","templated":true}]}}