{"id":29790,"date":"2021-11-21T17:20:53","date_gmt":"2021-11-21T16:20:53","guid":{"rendered":"http:\/\/fegrama.cat\/web\/?p=29790"},"modified":"2021-11-21T17:20:54","modified_gmt":"2021-11-21T16:20:54","slug":"empat-just-pero-vam-poder-guanyar-1-1","status":"publish","type":"post","link":"http:\/\/fegrama.cat\/web\/empat-just-pero-vam-poder-guanyar-1-1\/","title":{"rendered":"Empat just per\u00f2 vam poder guanyar (1-1)"},"content":{"rendered":"\n<p>Tercer empat consecutiu de la Fundaci\u00f3 Esportiva Grama i aquesta vegada 1-1 davant del Cd\u2019E Manresa. Justa &#8216;X&#8217; per\u00f2 sabor agredol\u00e7 despr\u00e9s d&#8217;escapar-se dos punts al minut 88. Amb aquest punt la Grama segueix invicta a Santa Coloma i al vuit\u00e8 lloc de Tercera RFEF.<\/p>\n\n\n\n<div class=\"wp-block-image\"><figure class=\"aligncenter size-large is-resized\"><img loading=\"lazy\" decoding=\"async\" src=\"http:\/\/fegrama.cat\/web\/wp-content\/uploads\/2021\/11\/WhatsApp-Image-2021-11-21-at-17.11.53-684x1024.jpeg\" alt=\"\" class=\"wp-image-29801\" width=\"425\" height=\"636\" srcset=\"http:\/\/fegrama.cat\/web\/wp-content\/uploads\/2021\/11\/WhatsApp-Image-2021-11-21-at-17.11.53-684x1024.jpeg 684w, http:\/\/fegrama.cat\/web\/wp-content\/uploads\/2021\/11\/WhatsApp-Image-2021-11-21-at-17.11.53-200x300.jpeg 200w, http:\/\/fegrama.cat\/web\/wp-content\/uploads\/2021\/11\/WhatsApp-Image-2021-11-21-at-17.11.53-768x1151.jpeg 768w, http:\/\/fegrama.cat\/web\/wp-content\/uploads\/2021\/11\/WhatsApp-Image-2021-11-21-at-17.11.53-1025x1536.jpeg 1025w, http:\/\/fegrama.cat\/web\/wp-content\/uploads\/2021\/11\/WhatsApp-Image-2021-11-21-at-17.11.53.jpeg 1068w\" sizes=\"auto, (max-width: 425px) 100vw, 425px\" \/><\/figure><\/div>\n\n\n\n<p>Va saltar a la gespa millor el conjunt visitant que va tenir el gol fins a dues vegades abans de complir-se el minut 10. Guiseris amb una gran estirada va evitar el gol de Noah i poc despr\u00e9s, va salvar despr\u00e9s d&#8217;un llan\u00e7ament de falta. El perill visitant va continuar amb alguna ocasi\u00f3 m\u00e9s per\u00f2 sense llen\u00e7ar a porta.<\/p>\n\n\n\n<p>Amb el pas dels minuts la Grama va anar millorant i fruit d&#8217;aix\u00f2 arribaria primer un xut alt de Peris i la millor ocasi\u00f3 al 27. Molins amb un xut des de fora de l&#8217;\u00e0rea, ras i potent faria lluir Pulido amb una m\u00e0 avall. Ho van intentar per les bandes Recort i Rubi, tamb\u00e9 amb centres de Cabezola sense rematador.<\/p>\n\n\n\n<p>Sense gols es va arribar al descans i a la segona meitat va ser la Grama qui va prendre la iniciativa del joc. Els colomencs van comen\u00e7ar forts, als primers cinc minuts van fregar el gol amb avisos de Fran (aturada del porter) i Peris a dalt despr\u00e9s d&#8217;una jugada combinativa de Recort i Montalb\u00e1n.<\/p>\n\n\n\n<div class=\"wp-block-image\"><figure class=\"aligncenter size-large\"><img loading=\"lazy\" decoding=\"async\" width=\"1024\" height=\"684\" src=\"http:\/\/fegrama.cat\/web\/wp-content\/uploads\/2021\/11\/WhatsApp-Image-2021-11-21-at-17.11.52-1024x684.jpeg\" alt=\"\" class=\"wp-image-29800\" srcset=\"http:\/\/fegrama.cat\/web\/wp-content\/uploads\/2021\/11\/WhatsApp-Image-2021-11-21-at-17.11.52-1024x684.jpeg 1024w, http:\/\/fegrama.cat\/web\/wp-content\/uploads\/2021\/11\/WhatsApp-Image-2021-11-21-at-17.11.52-300x200.jpeg 300w, http:\/\/fegrama.cat\/web\/wp-content\/uploads\/2021\/11\/WhatsApp-Image-2021-11-21-at-17.11.52-768x513.jpeg 768w, http:\/\/fegrama.cat\/web\/wp-content\/uploads\/2021\/11\/WhatsApp-Image-2021-11-21-at-17.11.52-1536x1025.jpeg 1536w, http:\/\/fegrama.cat\/web\/wp-content\/uploads\/2021\/11\/WhatsApp-Image-2021-11-21-at-17.11.52.jpeg 1600w\" sizes=\"auto, (max-width: 1024px) 100vw, 1024px\" \/><\/figure><\/div>\n\n\n\n<p>Despr\u00e9s de quinze minuts meravellosos dels locals, el Manresa va tornar a la c\u00e0rrega amb tres ocasions molt clares. A la primera Guiseris tapava amb el cos, a la segona la pilota s&#8217;anava fregant el travesser i a la tercera (67\u2032) Guiseris feia una parada amb el peu en un gol cantat de Pau Darbra.<\/p>\n\n\n\n<p>Estava millor el conjunt visitant per\u00f2 el partit molt obert i al 82 la Grama marcava l&#8217;1-0. Contraatac letal, la velocitat i conducci\u00f3 d&#8217;\u00c1ngel per donar la pilota a Peris que es va acostar a l&#8217;\u00e0rea i va assistir a Roger Garc\u00eda qui va finalitzar amb classe. Malauradament l&#8217;alegria va durar poc i al 88 l&#8217;\u00e0rbitre xiulava penal d&#8217;Alan despr\u00e9s d&#8217;un forcejament dins l&#8217;\u00e0rea. Marc Mart\u00ednez empatava des del punt de penal.<\/p>\n\n\n\n<p>Ja no hi va haver temps de m\u00e9s i l&#8217;1-1 es va quedar al marcador. Repartiment de punts i el proper diumenge tocar\u00e0 visitar el Girona B amb la intenci\u00f3 de trencar la ratxa i sumar la primera vict\u00f2ria de visitant.<\/p>\n\n\n\n<div class=\"wp-block-image\"><figure class=\"aligncenter size-large\"><img loading=\"lazy\" decoding=\"async\" width=\"1024\" height=\"684\" src=\"http:\/\/fegrama.cat\/web\/wp-content\/uploads\/2021\/11\/WhatsApp-Image-2021-11-21-at-17.11.52-1-1024x684.jpeg\" alt=\"\" class=\"wp-image-29799\" srcset=\"http:\/\/fegrama.cat\/web\/wp-content\/uploads\/2021\/11\/WhatsApp-Image-2021-11-21-at-17.11.52-1-1024x684.jpeg 1024w, http:\/\/fegrama.cat\/web\/wp-content\/uploads\/2021\/11\/WhatsApp-Image-2021-11-21-at-17.11.52-1-300x200.jpeg 300w, http:\/\/fegrama.cat\/web\/wp-content\/uploads\/2021\/11\/WhatsApp-Image-2021-11-21-at-17.11.52-1-768x513.jpeg 768w, http:\/\/fegrama.cat\/web\/wp-content\/uploads\/2021\/11\/WhatsApp-Image-2021-11-21-at-17.11.52-1-1536x1025.jpeg 1536w, http:\/\/fegrama.cat\/web\/wp-content\/uploads\/2021\/11\/WhatsApp-Image-2021-11-21-at-17.11.52-1.jpeg 1600w\" sizes=\"auto, (max-width: 1024px) 100vw, 1024px\" \/><\/figure><\/div>\n\n\n\n<p>Tercer empate consecutivo de la Fundaci\u00f3 Esportiva Grama y esta vez 1-1 ante el Cd&#8217;E Manresa. Justa &#8216;X&#8217; pero sabor agridulce tras escaparse dos puntos en el minuto 88. Con este punto la Grama sigue invicta en Santa Coloma y en el octavo puesto de Tercera RFEF.<\/p>\n\n\n\n<p>Salt\u00f3 al c\u00e9sped mejor el conjunto visitante que tuvo el gol hasta dos veces antes de cumplirse el minuto 10. Guiseris con una gran estirada evit\u00f3 el gol de Noah y poco despu\u00e9s salv\u00f3 tras un lanzamiento de falta. El peligro visitante continu\u00f3 con alguna ocasi\u00f3n m\u00e1s pero sin tirar a puerta.<\/p>\n\n\n\n<p>Con el paso de los minutos la Grama fue mejorando y fruto de ello llegar\u00eda primero un chute alto de Peris y la mejor ocasi\u00f3n en el 27. Molins con un chut desde fuera del \u00e1rea, raso y potente har\u00eda lucirse a Pulido con una mano abajo. Lo intentaron por las bandas Recort y Rubi, tambi\u00e9n con centros de Cabezola sin rematador. <\/p>\n\n\n\n<p>Sin goles se lleg\u00f3 al descanso y en la segunda mitad fue la Grama quien tom\u00f3 la iniciativa del juego. Los colomenses empezaron fuerte, en los primeros cinco minutos rozaron el gol con avisos de Fran (parada del portero) y Peris arriba tras jugada combinativa de Recort y Montalb\u00e1n.<\/p>\n\n\n\n<p>Tras quince minutos maravillosos de los locales el Manresa volvi\u00f3 a la carga con tres ocasiones muy claras. En la primera Guiseris tapaba con el cuerpo, en la segunda el bal\u00f3n se iba rozando el larguero y en la tercera (67&#8242;) Guiseris realizaba un parad\u00f3n con el pie en un gol cantado de Pau Darbra.<\/p>\n\n\n\n<p>Estaba mejor el conjunto visitante pero el partido muy abierto y en el 82 la Grama marcaba el 1-0. Contraataque letal, la velocidad y conducci\u00f3n de \u00c1ngel para darle el bal\u00f3n a Peris que se acerc\u00f3 al \u00e1rea y asisti\u00f3 a Roger Garc\u00eda quien finaliz\u00f3 con clase. Desgraciadamente la alegr\u00eda dur\u00f3 poco y en el 88 el \u00e1rbitro pitaba penalti de Alan tras un forcejeo dentro del \u00e1rea. Marc Mart\u00ednez empataba desde el punto de penalti.<\/p>\n\n\n\n<p>Ya no hubo tiempo de m\u00e1s y el 1-1 se qued\u00f3 en el marcador. Reparto de puntos y el pr\u00f3ximo domingo tocar\u00e1 visitar el Girona B con la intenci\u00f3n de romper la racha y sumar la primera victoria de visitante.<\/p>\n","protected":false},"excerpt":{"rendered":"<p>Tercer empat consecutiu de la Fundaci\u00f3 Esportiva Grama i aquesta vegada 1-1 davant del Cd\u2019E Manresa. Justa &#8216;X&#8217; per\u00f2 sabor agredol\u00e7 despr\u00e9s d&#8217;escapar-se dos punts al minut 88. Amb aquest punt la Grama segueix invicta a Santa Coloma i al vuit\u00e8 lloc de Tercera RFEF. Va saltar a la gespa millor el conjunt visitant que [&hellip;]<\/p>\n","protected":false},"author":1,"featured_media":29799,"comment_status":"closed","ping_status":"closed","sticky":false,"template":"","format":"standard","meta":{"footnotes":""},"categories":[5],"tags":[],"class_list":["post-29790","post","type-post","status-publish","format-standard","has-post-thumbnail","hentry","category-primer-equip"],"_links":{"self":[{"href":"http:\/\/fegrama.cat\/web\/wp-json\/wp\/v2\/posts\/29790","targetHints":{"allow":["GET"]}}],"collection":[{"href":"http:\/\/fegrama.cat\/web\/wp-json\/wp\/v2\/posts"}],"about":[{"href":"http:\/\/fegrama.cat\/web\/wp-json\/wp\/v2\/types\/post"}],"author":[{"embeddable":true,"href":"http:\/\/fegrama.cat\/web\/wp-json\/wp\/v2\/users\/1"}],"replies":[{"embeddable":true,"href":"http:\/\/fegrama.cat\/web\/wp-json\/wp\/v2\/comments?post=29790"}],"version-history":[{"count":9,"href":"http:\/\/fegrama.cat\/web\/wp-json\/wp\/v2\/posts\/29790\/revisions"}],"predecessor-version":[{"id":29802,"href":"http:\/\/fegrama.cat\/web\/wp-json\/wp\/v2\/posts\/29790\/revisions\/29802"}],"wp:featuredmedia":[{"embeddable":true,"href":"http:\/\/fegrama.cat\/web\/wp-json\/wp\/v2\/media\/29799"}],"wp:attachment":[{"href":"http:\/\/fegrama.cat\/web\/wp-json\/wp\/v2\/media?parent=29790"}],"wp:term":[{"taxonomy":"category","embeddable":true,"href":"http:\/\/fegrama.cat\/web\/wp-json\/wp\/v2\/categories?post=29790"},{"taxonomy":"post_tag","embeddable":true,"href":"http:\/\/fegrama.cat\/web\/wp-json\/wp\/v2\/tags?post=29790"}],"curies":[{"name":"wp","href":"https:\/\/api.w.org\/{rel}","templated":true}]}}