{"id":29752,"date":"2021-11-14T21:20:10","date_gmt":"2021-11-14T20:20:10","guid":{"rendered":"http:\/\/fegrama.cat\/web\/?p=29752"},"modified":"2021-12-05T16:05:33","modified_gmt":"2021-12-05T15:05:33","slug":"van-mereixer-guanyar-pero-el-gol-es-va-resistir-0-0","status":"publish","type":"post","link":"http:\/\/fegrama.cat\/web\/van-mereixer-guanyar-pero-el-gol-es-va-resistir-0-0\/","title":{"rendered":"Van mer\u00e8ixer guanyar per\u00f2 el gol es va resistir (0-0)"},"content":{"rendered":"\n<div class=\"wp-block-image\"><figure class=\"aligncenter size-large\"><img loading=\"lazy\" decoding=\"async\" width=\"1024\" height=\"768\" src=\"http:\/\/fegrama.cat\/web\/wp-content\/uploads\/2021\/11\/IMG_20211114_175820-1024x768.jpg\" alt=\"\" class=\"wp-image-29760\" srcset=\"http:\/\/fegrama.cat\/web\/wp-content\/uploads\/2021\/11\/IMG_20211114_175820-1024x768.jpg 1024w, http:\/\/fegrama.cat\/web\/wp-content\/uploads\/2021\/11\/IMG_20211114_175820-300x225.jpg 300w, http:\/\/fegrama.cat\/web\/wp-content\/uploads\/2021\/11\/IMG_20211114_175820-768x576.jpg 768w, http:\/\/fegrama.cat\/web\/wp-content\/uploads\/2021\/11\/IMG_20211114_175820-1536x1152.jpg 1536w, http:\/\/fegrama.cat\/web\/wp-content\/uploads\/2021\/11\/IMG_20211114_175820-2048x1536.jpg 2048w\" sizes=\"auto, (max-width: 1024px) 100vw, 1024px\" \/><figcaption>Juanma Pons va treure el mateix onze del 0-0 contra el Vilafranca amb un canvi, dins Fran Hern\u00e1ndez.<\/figcaption><\/figure><\/div>\n\n\n\n<p>Un punt com a visitant despr\u00e9s de mer\u00e8ixer la vict\u00f2ria. La FE Grama va empatar (0-0) davant la UE Figueres al Municipal de Vilatenim.<\/p>\n\n\n\n<p>Primers deu minuts de joc de clar domini de bal\u00f3 local. A partir del quart d&#8217;hora van arribar els primers avisos, la Grama va comen\u00e7ar a carburar despr\u00e9s dels inicials minuts de tempteig i molt de respecte.<\/p>\n\n\n\n<p>Al 24 despr\u00e9s d&#8217;un c\u00f3rner Adrien avisava amb una rematada de cap que colpejava en un defensor i acabava marxant per sobre del travesser. L&#8217;\u00fanica oportunitat del primer temps la va tenir Molins al seu cap despr\u00e9s d&#8217;un gran centre de Peris per\u00f2 el seu cop de cap marxava fregant el pal (30\u2032).<\/p>\n\n\n\n<p>D&#8217;aqu\u00ed al descans molt bon joc de la Grama que va dominar absolutament el joc. Es va reprendre el partit sense canvis i amb una parada de Guiseris als pocs segons.<\/p>\n\n\n\n<div class=\"wp-block-image\"><figure class=\"aligncenter size-large\"><img loading=\"lazy\" decoding=\"async\" width=\"1024\" height=\"683\" src=\"http:\/\/fegrama.cat\/web\/wp-content\/uploads\/2021\/11\/IMG-20211114-WA0043-1024x683.jpg\" alt=\"\" class=\"wp-image-29757\" srcset=\"http:\/\/fegrama.cat\/web\/wp-content\/uploads\/2021\/11\/IMG-20211114-WA0043-1024x683.jpg 1024w, http:\/\/fegrama.cat\/web\/wp-content\/uploads\/2021\/11\/IMG-20211114-WA0043-300x200.jpg 300w, http:\/\/fegrama.cat\/web\/wp-content\/uploads\/2021\/11\/IMG-20211114-WA0043-768x512.jpg 768w, http:\/\/fegrama.cat\/web\/wp-content\/uploads\/2021\/11\/IMG-20211114-WA0043-1536x1024.jpg 1536w, http:\/\/fegrama.cat\/web\/wp-content\/uploads\/2021\/11\/IMG-20211114-WA0043.jpg 2048w\" sizes=\"auto, (max-width: 1024px) 100vw, 1024px\" \/><figcaption>Foto: UE Figueres<\/figcaption><\/figure><\/div>\n\n\n\n<p>Durant molts minuts el partit es va obrir, pr\u00e0cticament sense centre del camp i amb molt de joc directe. Peris en va tenir dues, la segona molt clara per\u00f2 Jaime va enviar a c\u00f3rner. Guiseris va tenir molt poca feina, una segona intervenci\u00f3 a un xut lluny\u00e0 molt t\u00edmid i centrat a les mans.<\/p>\n\n\n\n<p>Una de les clares va arribar al 64\u2032 despr\u00e9s d&#8217;una p\u00e8rdua de pilota del Figueres, Molins topava amb el porter i al rebuig Recort tamb\u00e9. Passat el 70 era Peris qui enviava alt una ocasi\u00f3 clara despr\u00e9s d&#8217;assist\u00e8ncia de Fran que va enganyar en la sacada de falta enviant una passada rasa. El mateix Fran Hern\u00e1ndez va tenir el gol amb un xut desde lluny que va sortir fregant el pal.<\/p>\n\n\n\n<p>La Grama va continuar lluitant a la recerca del gol i el va tenir dues vegades m\u00e9s. Al 85 Oriol Molins dins de l&#8217;\u00e0rea enviava el seu xut contra el travesser i ja al descompte Rubi no definia davant el porter despr\u00e9s d&#8217;un altre servei de falta de Fran enganyant el rival i fent una pilota llarga.<\/p>\n\n\n\n<p>Sense gols despr\u00e9s d&#8217;un gran partit, 0-0 i porteria a zero per segon partit consecutiu. El proper diumenge (11:45h) a casa davant el Cd\u2019E Manresa.<\/p>\n\n\n\n<div class=\"wp-block-image\"><figure class=\"aligncenter size-large\"><img loading=\"lazy\" decoding=\"async\" width=\"1024\" height=\"731\" src=\"http:\/\/fegrama.cat\/web\/wp-content\/uploads\/2021\/11\/IMG-20211114-WA0042.jpg\" alt=\"\" class=\"wp-image-29758\" srcset=\"http:\/\/fegrama.cat\/web\/wp-content\/uploads\/2021\/11\/IMG-20211114-WA0042.jpg 1024w, http:\/\/fegrama.cat\/web\/wp-content\/uploads\/2021\/11\/IMG-20211114-WA0042-300x214.jpg 300w, http:\/\/fegrama.cat\/web\/wp-content\/uploads\/2021\/11\/IMG-20211114-WA0042-768x548.jpg 768w\" sizes=\"auto, (max-width: 1024px) 100vw, 1024px\" \/><figcaption>Foto: UE Figueres<\/figcaption><\/figure><\/div>\n\n\n\n<p>Un punto como visitante despu\u00e9s de merecer la victoria. La FE Grama empat\u00f3 (0-0) ante la UE Figueres en el Municipal de Vilatenim.<\/p>\n\n\n\n<p>Primeros diez minutos de juego de claro dominio de bal\u00f3n local. A partir del cuarto de hora llegaron los primeros avisos, la Grama empez\u00f3 a carburar tras los iniciales minutos de tanteo y mucho respeto.<\/p>\n\n\n\n<p>E n el 24 tras un c\u00f3rner Adrien avisaba con un remate de cabeza que golpeaba en un defensor y acababa marchando por encima del larguero. La \u00fanica oportunidad del primer tiempo la tuvo Molins en su cabeza tras un gran centro de Peris pero su cabezazo se marchaba fregando el palo (30&#8242;).<\/p>\n\n\n\n<p>De aqu\u00ed al descanso muy buen juego de la Grama que domin\u00f3 absolutamente el juego. Se reanud\u00f3 el partido sin cambios y con un parad\u00f3n de Guiseris a los pocos segundos.<\/p>\n\n\n\n<div class=\"wp-block-image\"><figure class=\"aligncenter size-large\"><img loading=\"lazy\" decoding=\"async\" width=\"1024\" height=\"683\" src=\"http:\/\/fegrama.cat\/web\/wp-content\/uploads\/2021\/11\/IMG-20211114-WA0043-1024x683.jpg\" alt=\"\" class=\"wp-image-29757\" srcset=\"http:\/\/fegrama.cat\/web\/wp-content\/uploads\/2021\/11\/IMG-20211114-WA0043-1024x683.jpg 1024w, http:\/\/fegrama.cat\/web\/wp-content\/uploads\/2021\/11\/IMG-20211114-WA0043-300x200.jpg 300w, http:\/\/fegrama.cat\/web\/wp-content\/uploads\/2021\/11\/IMG-20211114-WA0043-768x512.jpg 768w, http:\/\/fegrama.cat\/web\/wp-content\/uploads\/2021\/11\/IMG-20211114-WA0043-1536x1024.jpg 1536w, http:\/\/fegrama.cat\/web\/wp-content\/uploads\/2021\/11\/IMG-20211114-WA0043.jpg 2048w\" sizes=\"auto, (max-width: 1024px) 100vw, 1024px\" \/><\/figure><\/div>\n\n\n\n<p>Durante muchos minutos el partido se abri\u00f3, pr\u00e1cticamente sin centro del campo y con mucho juego directo. Peris tuvo dos, la segunda muy clara pero Jaime envi\u00f3 a c\u00f3rner. Guiseris tuvo muy poco trabajo, una segunda intervenci\u00f3n a un chute lejano muy t\u00edmido y centrado a sus manos.<\/p>\n\n\n\n<p>Una de las claras lleg\u00f3 en el 64&#8242; tras una p\u00e9rdida de bal\u00f3n del Figueres, Molins se topaba con el portero y en el rechace Recort tambi\u00e9n. Pasado el 70 era Peris quien enviaba alto una ocasi\u00f3n clara tras asistencia de Fran que enga\u00f1\u00f3 en su saque de falta enviando un pase raso. El mismo Fran Hern\u00e1ndez tuvo el gol con un chut lejano que se fue rozando el palo.<\/p>\n\n\n\n<p>La Grama sigui\u00f3 luchando en busca del gol y lo tuvo en dos ocasiones m\u00e1s. En el 85 Oriol Molins dentro del \u00e1rea enviaba su chut contra el larguero y ya en el descuento Rubi no defin\u00eda ante el portero tras otro saque de falta de Fran enga\u00f1ando al rival y haciendo un bal\u00f3n en largo.<\/p>\n\n\n\n<p>Sin goles tras un gran partido, 0-0 y porter\u00eda a cero por segundo partido consecutivo. El pr\u00f3ximo domingo (11:45h) en casa ante el Cd&#8217;E Manresa.<\/p>\n","protected":false},"excerpt":{"rendered":"<p>Un punt com a visitant despr\u00e9s de mer\u00e8ixer la vict\u00f2ria. La FE Grama va empatar (0-0) davant la UE Figueres al Municipal de Vilatenim. Primers deu minuts de joc de clar domini de bal\u00f3 local. A partir del quart d&#8217;hora van arribar els primers avisos, la Grama va comen\u00e7ar a carburar despr\u00e9s dels inicials minuts [&hellip;]<\/p>\n","protected":false},"author":1,"featured_media":29758,"comment_status":"closed","ping_status":"closed","sticky":false,"template":"","format":"standard","meta":{"footnotes":""},"categories":[5],"tags":[],"class_list":["post-29752","post","type-post","status-publish","format-standard","has-post-thumbnail","hentry","category-primer-equip"],"_links":{"self":[{"href":"http:\/\/fegrama.cat\/web\/wp-json\/wp\/v2\/posts\/29752","targetHints":{"allow":["GET"]}}],"collection":[{"href":"http:\/\/fegrama.cat\/web\/wp-json\/wp\/v2\/posts"}],"about":[{"href":"http:\/\/fegrama.cat\/web\/wp-json\/wp\/v2\/types\/post"}],"author":[{"embeddable":true,"href":"http:\/\/fegrama.cat\/web\/wp-json\/wp\/v2\/users\/1"}],"replies":[{"embeddable":true,"href":"http:\/\/fegrama.cat\/web\/wp-json\/wp\/v2\/comments?post=29752"}],"version-history":[{"count":6,"href":"http:\/\/fegrama.cat\/web\/wp-json\/wp\/v2\/posts\/29752\/revisions"}],"predecessor-version":[{"id":29762,"href":"http:\/\/fegrama.cat\/web\/wp-json\/wp\/v2\/posts\/29752\/revisions\/29762"}],"wp:featuredmedia":[{"embeddable":true,"href":"http:\/\/fegrama.cat\/web\/wp-json\/wp\/v2\/media\/29758"}],"wp:attachment":[{"href":"http:\/\/fegrama.cat\/web\/wp-json\/wp\/v2\/media?parent=29752"}],"wp:term":[{"taxonomy":"category","embeddable":true,"href":"http:\/\/fegrama.cat\/web\/wp-json\/wp\/v2\/categories?post=29752"},{"taxonomy":"post_tag","embeddable":true,"href":"http:\/\/fegrama.cat\/web\/wp-json\/wp\/v2\/tags?post=29752"}],"curies":[{"name":"wp","href":"https:\/\/api.w.org\/{rel}","templated":true}]}}