{"id":29745,"date":"2021-11-13T11:53:28","date_gmt":"2021-11-13T10:53:28","guid":{"rendered":"http:\/\/fegrama.cat\/web\/?p=29745"},"modified":"2021-11-13T11:53:29","modified_gmt":"2021-11-13T10:53:29","slug":"gran-debut-a-la-lliga-dels-nostres-inclusius","status":"publish","type":"post","link":"http:\/\/fegrama.cat\/web\/gran-debut-a-la-lliga-dels-nostres-inclusius\/","title":{"rendered":"Gran debut a la Lliga dels nostres Inclusius"},"content":{"rendered":"\n<p>Aquest divendres 12 de novembre l&#8217;equip Inclusiu de la Fundaci\u00f3 Esportiva Grama va debutar a la Lliga de Salut Mental i ho va fer golejant. Vict\u00f2ria per 2-6 al Pavell\u00f3 del Guinard\u00f3 davant el FC Martinenc.<\/p>\n\n\n\n<p>El resultat reflectit al marcador al final de la primera part era de 2-3 favorable als colomencs. Durant els 20 minuts de la segona part, el joc es va moure a favor dels interessos dels jugadors de la Grama fins arribar al resultat final de 3-6.<\/p>\n\n\n\n<p>Els golejadors van ser: Nicol\u00e1s D\u00edaz (2), Sergio Molina (2), Miguel \u00c1ngel Moreno i Mounir.<\/p>\n\n\n\n<p>Cal destacar que van participar tots els jugadors convocats per a aquest partit.<\/p>\n\n\n\n<p>A la fotografia a dalt d&#8217;esquerra a dreta: Sergio Guzm\u00e1n, David Rodr\u00edguez, Nicol\u00e1s D\u00edaz, Tom\u00e0s Roncero, Gen\u00eds Fern\u00e1ndez, Narc\u00eds Puig i Daniel Caba\u00f1as. A baix d&#8217;esquerra a dreta: Jos\u00e9 Antonio Collada, Mounir, Miguel Angel Moreno, Sergio Molina i Miguel S\u00e1nchez.<\/p>\n\n\n\n<div class=\"wp-block-image\"><figure class=\"aligncenter size-large\"><img loading=\"lazy\" decoding=\"async\" width=\"768\" height=\"1024\" src=\"http:\/\/fegrama.cat\/web\/wp-content\/uploads\/2021\/11\/IMG-20211112-WA0007-768x1024.jpg\" alt=\"\" class=\"wp-image-29748\" srcset=\"http:\/\/fegrama.cat\/web\/wp-content\/uploads\/2021\/11\/IMG-20211112-WA0007-768x1024.jpg 768w, http:\/\/fegrama.cat\/web\/wp-content\/uploads\/2021\/11\/IMG-20211112-WA0007-225x300.jpg 225w, http:\/\/fegrama.cat\/web\/wp-content\/uploads\/2021\/11\/IMG-20211112-WA0007-1152x1536.jpg 1152w, http:\/\/fegrama.cat\/web\/wp-content\/uploads\/2021\/11\/IMG-20211112-WA0007.jpg 1536w\" sizes=\"auto, (max-width: 768px) 100vw, 768px\" \/><\/figure><\/div>\n\n\n\n<p>Este viernes 12 de noviembre el equipo Inclusivo de la Fundaci\u00f3 Esportiva Grama debut\u00f3 en la Liga de Salud Mental y lo hizo goleando. Victoria por 2-6 en el Pabell\u00f3n del Guinard\u00f3 ante el FC Martinenc.<\/p>\n\n\n\n<p>El resultado reflejado en el marcador al final de la primera parte era de 2-3 favorable a los colomenses. Durante los 20 minutos de la segunda parte el juego se movi\u00f3 a favor de los intereses de los jugadores de la Grama hasta llegar al resultado final de 3-6.<\/p>\n\n\n\n<p>Los goleadores fueron: Nicol\u00e1s D\u00edaz (2), Sergio Molina (2), Miguel \u00c1ngel Moreno y Mounir.<\/p>\n\n\n\n<p>Cabe destacar que participaron todos los jugadores convocados para dicho encuentro.<\/p>\n\n\n\n<p>En la fotograf\u00eda arriba de izquierda a derecha: Sergio Guzm\u00e1n, David Rodr\u00edguez, Nicol\u00e1s D\u00edaz, Tom\u00e1s Roncero, Gen\u00eds Fern\u00e1ndez, Narc\u00eds Puig y Daniel Caba\u00f1as. Abajo de izquierda a derecha: Jos\u00e9 Antonio Collada, Mounir, Miguel Angel Moreno, Sergio Molina y Miguel S\u00e1nchez.<\/p>\n","protected":false},"excerpt":{"rendered":"<p>Aquest divendres 12 de novembre l&#8217;equip Inclusiu de la Fundaci\u00f3 Esportiva Grama va debutar a la Lliga de Salut Mental i ho va fer golejant. Vict\u00f2ria per 2-6 al Pavell\u00f3 del Guinard\u00f3 davant el FC Martinenc. El resultat reflectit al marcador al final de la primera part era de 2-3 favorable als colomencs. Durant els [&hellip;]<\/p>\n","protected":false},"author":1,"featured_media":29748,"comment_status":"closed","ping_status":"closed","sticky":false,"template":"","format":"standard","meta":{"footnotes":""},"categories":[4,1256],"tags":[],"class_list":["post-29745","post","type-post","status-publish","format-standard","has-post-thumbnail","hentry","category-base-inclusiu","category-inclusiu"],"_links":{"self":[{"href":"http:\/\/fegrama.cat\/web\/wp-json\/wp\/v2\/posts\/29745","targetHints":{"allow":["GET"]}}],"collection":[{"href":"http:\/\/fegrama.cat\/web\/wp-json\/wp\/v2\/posts"}],"about":[{"href":"http:\/\/fegrama.cat\/web\/wp-json\/wp\/v2\/types\/post"}],"author":[{"embeddable":true,"href":"http:\/\/fegrama.cat\/web\/wp-json\/wp\/v2\/users\/1"}],"replies":[{"embeddable":true,"href":"http:\/\/fegrama.cat\/web\/wp-json\/wp\/v2\/comments?post=29745"}],"version-history":[{"count":3,"href":"http:\/\/fegrama.cat\/web\/wp-json\/wp\/v2\/posts\/29745\/revisions"}],"predecessor-version":[{"id":29749,"href":"http:\/\/fegrama.cat\/web\/wp-json\/wp\/v2\/posts\/29745\/revisions\/29749"}],"wp:featuredmedia":[{"embeddable":true,"href":"http:\/\/fegrama.cat\/web\/wp-json\/wp\/v2\/media\/29748"}],"wp:attachment":[{"href":"http:\/\/fegrama.cat\/web\/wp-json\/wp\/v2\/media?parent=29745"}],"wp:term":[{"taxonomy":"category","embeddable":true,"href":"http:\/\/fegrama.cat\/web\/wp-json\/wp\/v2\/categories?post=29745"},{"taxonomy":"post_tag","embeddable":true,"href":"http:\/\/fegrama.cat\/web\/wp-json\/wp\/v2\/tags?post=29745"}],"curies":[{"name":"wp","href":"https:\/\/api.w.org\/{rel}","templated":true}]}}