{"id":29742,"date":"2021-11-09T21:10:05","date_gmt":"2021-11-09T20:10:05","guid":{"rendered":"http:\/\/fegrama.cat\/web\/?p=29742"},"modified":"2021-11-09T21:10:07","modified_gmt":"2021-11-09T20:10:07","slug":"comunicat-oficial-acusacions-del-c-f-imperio","status":"publish","type":"post","link":"http:\/\/fegrama.cat\/web\/comunicat-oficial-acusacions-del-c-f-imperio\/","title":{"rendered":"Comunicat Oficial: Acusacions del C.F. Imperio"},"content":{"rendered":"\n<p><strong>COMUNICAT OFICIAL DE LA FUNDACI\u00d3 ESPORTIVA GRAMA<\/strong><\/p>\n\n\n\n<p>Davant de l&#8217;escrit de sis p\u00e0gines que ha estat distribu\u00eft pel C.F. IMPERIO, i que segons manifesten a la p\u00e0gina 6\u00aa han rem\u00e8s a la Federaci\u00f3 Catalana de Futbol i a les diverses entitats informatives de la ciutat, algunes de molt greus i totalment falses, ens veiem en l&#8217;obligaci\u00f3 de contestar succintament, per defensar el bon nom de la nostra entitat i de totes les persones que treballem en aquest projecte, la majoria voluntaris, sense cap contraprestaci\u00f3 econ\u00f2mica.<\/p>\n\n\n\n<p>Considerem imprudent que sense posar-se en contacte amb els responsables m\u00e0xims del futbol base de la nostra entitat o amb la mateixa Junta Directiva, s&#8217;hagin publicitat aquestes suposades acusacions gen\u00e8riques tan greus, sense que pr\u00e8viament, se&#8217;ns hagi fet arribar formalment cap queixa a aquests nivells no nom\u00e9s aquesta temporada, sin\u00f3 al llarg de tantes temporades com s&#8217;indica a la p\u00e0gina 1\u00aa del mencionat escrit, informaci\u00f3 que ens ha arribat a nosaltres davant la seva publicaci\u00f3 a les xarxes socials.<\/p>\n\n\n\n<p>No reproduirem p\u00e0gina per p\u00e0gina totes les acusacions que s&#8217;han abocat sobre la nostra entitat per no fer gaire extens el nostre escrit, entre altres q\u00fcestions, perqu\u00e8 s\u00f3n acusacions molt gen\u00e8riques, repetitives i sense cap prova.<\/p>\n\n\n\n<p>Qualsevol que hagi llegit les sis p\u00e0gines completes, s&#8217;emportaria la impressi\u00f3 que la nostra entitat amb m\u00e9s de 30 equips de diverses categories, estem cada temporada pendents de completar els equips gr\u00e0cies a la captaci\u00f3 que fem del C.F. Imperio, entitat que no sobrepassa els 10 equips federats; se&#8217;ns acusa que portem la citada captaci\u00f3 a trav\u00e9s de les nostres xarxes socials, als entrenaments i en gran part dels casos, els oferim ser becats per la nostra fundaci\u00f3 per fer-los sortir de l&#8217;Imperio; que ens saltem tots els procediments normatius de la Federaci\u00f3; no consideren ells \u00e8tic becar jugadors\/es nom\u00e9s per fer-los sortir del seu club durant una temporada, perqu\u00e8 a la seg\u00fcent temporada deixar-los sense beca (literal de la 4\u00aa pagina).<\/p>\n\n\n\n<p>Davant d&#8217;aquestes acusacions neguem la m\u00e9s gran, no \u00e9s cert que a la nostra entitat bequem jugadors d&#8217;altres equips per captar-los i s&#8217;incorporin als nostres, i no ho fem per una q\u00fcesti\u00f3 de principis, ja que preferim tenir dificultats a l&#8217;hora de fer la captaci\u00f3 no oferint cap beca, perqu\u00e8 aix\u00f2 suposaria incrementar les quotes de la resta de jugadors\/es que formen part dels equips en les diferents categories. \u00c9s pol\u00edtica molt clara i m\u00e9s equitativa que venim practicant des del principi del projecte i que suposa la p\u00e8rdua d&#8217;alguns bons jugadors d&#8217;altres equips que estan interessats a jugar a les nostres categories perqu\u00e8 no bequem ning\u00fa.<\/p>\n\n\n\n<p>Nosaltres fem captaci\u00f3 com tots els equips de futbol base un cop finalitzada la temporada a trav\u00e9s de les nostres xarxes socials i a trav\u00e9s de l&#8217;equip de captaci\u00f3, i en conseq\u00fc\u00e8ncia, en no poder retenir en aquestes categories cap jugador, tenen plena llibertat per fitxar pels equips que considerin convenient, produint-se una mobilitat d&#8217;entrades i sortida que no es pot interpretar de cap manera com a actuacions deslleials i rastreres com s&#8217;especifica a la p\u00e0gina 3\u00aa del seu escrit.<\/p>\n\n\n\n<p>I un cop iniciada la temporada, tant els coordinadors de F11, F7 i F\u00e9minas i el Coordinador General del Futbol Base tenen molt clar que no autoritzem noves altes a ning\u00fa que no s&#8217;hagi desvinculat pr\u00e8viament del seu anterior equip.<\/p>\n\n\n\n<p>Volem pensar que els han transm\u00e8s informaci\u00f3 falsa sobre les actuacions de la nostra entitat i l&#8217;han donat per vera\u00e7 sense contrastar-la, i aix\u00f2 mereix una rectificaci\u00f3 en tota regla per part de C.F. Imperio, doncs entre clubs de la mateixa ciutat, hem de mantenir unes relacions de ve\u00efnatge que ens permeti la confian\u00e7a que davant de determinades actuacions que ens afecten m\u00e9s enll\u00e0 del com\u00fa, agafar el tel\u00e8fon i contactar amb els m\u00e0xims responsables de cada entitat i quedar tranquil\u00b7lament en una reuni\u00f3 i segur que trobar\u00edem millor soluci\u00f3 que enviar aquesta missiva sense contrastar-ne la veracitat.<\/p>\n\n\n\n<p>Per tot aix\u00f2, us convidem a mantenir una reuni\u00f3 bilateral entre les dues entitats, amb la finalitat d\u2019aclarir aquelles q\u00fcestions que us preocupin, compartir les experi\u00e8ncies i les preocupacions de les dues entitats i crear un clima de confian\u00e7a com ja tenim amb altres clubs no nom\u00e9s de Santa Coloma sin\u00f3 de la resta de Catalunya.<\/p>\n\n\n\n<p><strong>Santa Coloma de Gramenet, 9 de novembre de 2021<\/strong><\/p>\n\n\n\n<p><strong>LA FUNDACI\u00d3 ESPORTIVA GRAMA<\/strong><\/p>\n\n\n\n<div class=\"wp-block-image\"><figure class=\"aligncenter size-large\"><img loading=\"lazy\" decoding=\"async\" width=\"1024\" height=\"500\" src=\"http:\/\/fegrama.cat\/web\/wp-content\/uploads\/2019\/08\/Comunicado-oficial-1024x500.jpg\" alt=\"\" class=\"wp-image-26938\" srcset=\"http:\/\/fegrama.cat\/web\/wp-content\/uploads\/2019\/08\/Comunicado-oficial-1024x500.jpg 1024w, http:\/\/fegrama.cat\/web\/wp-content\/uploads\/2019\/08\/Comunicado-oficial-300x147.jpg 300w, http:\/\/fegrama.cat\/web\/wp-content\/uploads\/2019\/08\/Comunicado-oficial-768x375.jpg 768w, http:\/\/fegrama.cat\/web\/wp-content\/uploads\/2019\/08\/Comunicado-oficial.jpg 1592w\" sizes=\"auto, (max-width: 1024px) 100vw, 1024px\" \/><\/figure><\/div>\n\n\n\n<p><strong>COMUNICADO OFICIAL DE LA FUNDACI\u00d3 ESPORTIVA GRAMA<\/strong><\/p>\n\n\n\n<p>Ante el escrito de seis p\u00e1ginas que ha sido distribuido por el C.F. IMPERIO, y que seg\u00fan manifiestan en la p\u00e1gina 6\u00aa han remitido a la Federaci\u00f3n Catalana de F\u00fatbol y a las diversas entidades informativas de la ciudad, algunas muy graves y totalmente falsas, nos vemos en la obligaci\u00f3n de contestar sucintamente, para defender el buen nombre de nuestra entidad y de todas las personas que trabajamos en este proyecto, la mayor\u00eda voluntarios, sin contraprestaci\u00f3n econ\u00f3mica alguna.<\/p>\n\n\n\n<p>Consideramos imprudente que sin ponerse en contacto con los responsables m\u00e1ximos del f\u00fatbol base de nuestra entidad o con la propia Junta Directiva, se haya publicitado esas supuestas acusaciones gen\u00e9ricas tan graves, sin que previamente, se nos haya hecho llegar formalmente ninguna queja a estos niveles no s\u00f3lo esta temporada, sino a lo largo de tantas temporadas como se indica en la p\u00e1gina 1\u00aa de dicho escrito, informaci\u00f3n que nos ha llegado a nosotros ante su publicaci\u00f3n en las redes sociales.<\/p>\n\n\n\n<p>No vamos reproducir p\u00e1gina por p\u00e1gina todas las acusaciones que se han vertido sobre nuestra entidad para no hacer demasiado extenso nuestro escrito, entre otras cuestiones, &nbsp;porque son acusaciones muy gen\u00e9ricas, repetitivas y sin prueba alguna.<\/p>\n\n\n\n<p>Cualquiera que haya le\u00eddo las seis p\u00e1ginas completas, se llevar\u00eda la impresi\u00f3n de que nuestra entidad con m\u00e1s de 30 equipos de diversas categor\u00edas, estamos cada temporada pendientes de completar los equipos gracias a la captaci\u00f3n que hacemos del C.F. Imperio, entidad que no sobrepasa los 10 equipos federados; se nos acusa que llevamos la citada captaci\u00f3n a trav\u00e9s de nuestras redes sociales, en los entrenamientos y en gran parte de los casos, les ofrecemos ser becados por nuestra fundaci\u00f3n para hacerlos salir del Imperio; que nos saltamos todos los procedimientos normativos de la federaci\u00f3n; no consideran ellos \u00e9tico becar a jugadores\/as solamente para hacerlos salir de su club durante una temporada, para que a la siguiente temporada dejarlos sin beca(literal de la 4\u00aapagina).<\/p>\n\n\n\n<p>Ante estas acusaciones negamos la mayor, no es cierto que en nuestra entidad bequemos a jugadores\/as de otros equipo para captarlos y se incorporen a los nuestros, y no lo hacemos por una cuesti\u00f3n de principios, ya que preferimos tener dificultades a la hora de hacer la captaci\u00f3n no ofreciendo beca alguna, porque ello supondr\u00eda incrementar las cuotas del resto de jugadores\/as que forman parte de los equipos en las distintas categor\u00edas. Es pol\u00edtica muy clara y m\u00e1s equitativa que venimos practicando desde el principio del proyecto y que supone la p\u00e9rdida de algunos buenos jugadores de otros equipos que est\u00e1n interesados en jugar en nuestras categor\u00edas porque no becamos a nadie.<\/p>\n\n\n\n<p>Nosotros hacemos captaci\u00f3n como todos los equipos de f\u00fatbol base una vez finalizada la temporada a trav\u00e9s de nuestras redes sociales y a trav\u00e9s del equipo de captaci\u00f3n, y en consecuencia, al no poder retener en estas categor\u00edas a ning\u00fan jugador, tienen plena libertad para fichar por los equipos que consideren conveniente, produci\u00e9ndose&nbsp; una movilidad de entradas y salida que no puede interpretarse de ninguna forma como actuaciones desleales y rastreras como se especifica en la p\u00e1gina 3\u00aa de su escrito.<\/p>\n\n\n\n<p>Y una vez iniciada la temporada, tanto los coordinadores de F11, F7 y F\u00e9minas y el&nbsp; Coordinador General del F\u00fatbol Base, tienen muy claro que no autorizamos &nbsp;nuevas altas a nadie que no se haya desvinculado previamente de su anterior equipo.<\/p>\n\n\n\n<p>Queremos pensar que les han transmitido informaci\u00f3n falsa sobre las actuaciones de nuestra entidad y la han dado por veraz sin contrastarla, y ello merece una rectificaci\u00f3n en toda regla por parte de C.F. Imperio, pues entre clubs de la misma ciudad, hemos de mantener unas relaciones de vecindad que nos permita la confianza que ante determinadas actuaciones que nos afectan m\u00e1s all\u00e1 de lo com\u00fan, coger el tel\u00e9fono y contactar con los m\u00e1ximos responsables de cada entidad y quedar tranquilamente en una reuni\u00f3n y seguro que encontrar\u00edamos mejor soluci\u00f3n que enviar esta misiva sin contrastar la veracidad de la misma.<\/p>\n\n\n\n<p>Por todo ello, os invitamos a mantener una reuni\u00f3n bilateral entre ambas entidades, con la finalidad aclarar aquellas cuestiones que os preocupen, compartir las&nbsp; experiencias las preocupaciones de ambas entidades&nbsp; y crear un clima de confianza como ya tenemos con otros clubs nos s\u00f3lo de Santa Coloma sino del resto de Catalunya.<\/p>\n\n\n\n<p><strong>Santa Coloma de Gramanet, a 9 de noviembre de 2021<\/strong><\/p>\n\n\n\n<p><strong>LA FUNDACI\u00d3 ESPORTIVA GRAMA<\/strong><\/p>\n","protected":false},"excerpt":{"rendered":"<p>COMUNICAT OFICIAL DE LA FUNDACI\u00d3 ESPORTIVA GRAMA Davant de l&#8217;escrit de sis p\u00e0gines que ha estat distribu\u00eft pel C.F. IMPERIO, i que segons manifesten a la p\u00e0gina 6\u00aa han rem\u00e8s a la Federaci\u00f3 Catalana de Futbol i a les diverses entitats informatives de la ciutat, algunes de molt greus i totalment falses, ens veiem en [&hellip;]<\/p>\n","protected":false},"author":1,"featured_media":26938,"comment_status":"closed","ping_status":"closed","sticky":false,"template":"","format":"standard","meta":{"footnotes":""},"categories":[14,15],"tags":[],"class_list":["post-29742","post","type-post","status-publish","format-standard","has-post-thumbnail","hentry","category-noticies","category-noticies-destacades"],"_links":{"self":[{"href":"http:\/\/fegrama.cat\/web\/wp-json\/wp\/v2\/posts\/29742","targetHints":{"allow":["GET"]}}],"collection":[{"href":"http:\/\/fegrama.cat\/web\/wp-json\/wp\/v2\/posts"}],"about":[{"href":"http:\/\/fegrama.cat\/web\/wp-json\/wp\/v2\/types\/post"}],"author":[{"embeddable":true,"href":"http:\/\/fegrama.cat\/web\/wp-json\/wp\/v2\/users\/1"}],"replies":[{"embeddable":true,"href":"http:\/\/fegrama.cat\/web\/wp-json\/wp\/v2\/comments?post=29742"}],"version-history":[{"count":1,"href":"http:\/\/fegrama.cat\/web\/wp-json\/wp\/v2\/posts\/29742\/revisions"}],"predecessor-version":[{"id":29743,"href":"http:\/\/fegrama.cat\/web\/wp-json\/wp\/v2\/posts\/29742\/revisions\/29743"}],"wp:featuredmedia":[{"embeddable":true,"href":"http:\/\/fegrama.cat\/web\/wp-json\/wp\/v2\/media\/26938"}],"wp:attachment":[{"href":"http:\/\/fegrama.cat\/web\/wp-json\/wp\/v2\/media?parent=29742"}],"wp:term":[{"taxonomy":"category","embeddable":true,"href":"http:\/\/fegrama.cat\/web\/wp-json\/wp\/v2\/categories?post=29742"},{"taxonomy":"post_tag","embeddable":true,"href":"http:\/\/fegrama.cat\/web\/wp-json\/wp\/v2\/tags?post=29742"}],"curies":[{"name":"wp","href":"https:\/\/api.w.org\/{rel}","templated":true}]}}