{"id":29730,"date":"2021-11-09T00:34:30","date_gmt":"2021-11-08T23:34:30","guid":{"rendered":"http:\/\/fegrama.cat\/web\/?p=29730"},"modified":"2021-11-09T00:34:30","modified_gmt":"2021-11-08T23:34:30","slug":"victoria-del-juvenil-b-fora-de-casa","status":"publish","type":"post","link":"http:\/\/fegrama.cat\/web\/victoria-del-juvenil-b-fora-de-casa\/","title":{"rendered":"Vict\u00f2ria del Juvenil \u00abB\u00bb fora de casa!"},"content":{"rendered":"\n<p><strong><strong>Sant Andr\u00e9u 0 &#8211; Juvenil \u201cB\u201d 4<\/strong><\/strong><\/p>\n\n\n\n<p>El nostre Juvenil \u201cB\u201d va guanyar el seu partit setmanal fora de casa contra el Sant Andr\u00e9u. Un partit seri\u00f3s de l&#8217;equip en tot moment. La primera part va estar molt igualada, on en una acci\u00f3 de centrada lateral, els de la Grama aconsegueixen avan\u00e7ar-se. <br>Tot i comen\u00e7ar una mica enfonsats i excessivament defensius a la segona part, l&#8217;equip es va refer a base de gols i va sentenciar el partit.<\/p>\n\n\n\n<div class=\"wp-block-image\"><figure class=\"aligncenter size-large\"><img loading=\"lazy\" decoding=\"async\" width=\"576\" height=\"1024\" src=\"http:\/\/fegrama.cat\/web\/wp-content\/uploads\/2021\/11\/JUVENIL-B-576x1024.jpg\" alt=\"\" class=\"wp-image-29731\" srcset=\"http:\/\/fegrama.cat\/web\/wp-content\/uploads\/2021\/11\/JUVENIL-B-576x1024.jpg 576w, http:\/\/fegrama.cat\/web\/wp-content\/uploads\/2021\/11\/JUVENIL-B-169x300.jpg 169w, http:\/\/fegrama.cat\/web\/wp-content\/uploads\/2021\/11\/JUVENIL-B-768x1365.jpg 768w, http:\/\/fegrama.cat\/web\/wp-content\/uploads\/2021\/11\/JUVENIL-B-864x1536.jpg 864w, http:\/\/fegrama.cat\/web\/wp-content\/uploads\/2021\/11\/JUVENIL-B.jpg 900w\" sizes=\"auto, (max-width: 576px) 100vw, 576px\" \/><\/figure><\/div>\n\n\n\n<p><\/p>\n\n\n\n<hr class=\"wp-block-separator\"\/>\n\n\n\n<p><\/p>\n\n\n\n<p><strong><strong>Sant Andr\u00e9u 0 &#8211; Juvenil \u201cB\u201d 4<\/strong><\/strong><\/p>\n\n\n\n<p>Nuestro Juvenil \u201cB\u201d gan\u00f3 su partido semanal fuera de casa contra el San Andreu. Un partido serio del equipo en todo momento. La primera parte estuvo muy igualada, donde en una acci\u00f3n de centrada lateral, los de la\u00a0Grama\u00a0consiguen avanzarse. <br>A pesar de empezar un poco hundidos y excesivamente defensivos a la segunda parte, el equipo se rehizo a base de goles y sentenci\u00f3 el partido.<\/p>\n","protected":false},"excerpt":{"rendered":"<p>Sant Andr\u00e9u 0 &#8211; Juvenil \u201cB\u201d 4 El nostre Juvenil \u201cB\u201d va guanyar el seu partit setmanal fora de casa contra el Sant Andr\u00e9u. Un partit seri\u00f3s de l&#8217;equip en tot moment. La primera part va estar molt igualada, on en una acci\u00f3 de centrada lateral, els de la Grama aconsegueixen avan\u00e7ar-se. Tot i comen\u00e7ar [&hellip;]<\/p>\n","protected":false},"author":1,"featured_media":0,"comment_status":"closed","ping_status":"closed","sticky":false,"template":"","format":"standard","meta":{"footnotes":""},"categories":[4,6],"tags":[],"class_list":["post-29730","post","type-post","status-publish","format-standard","hentry","category-base-inclusiu","category-juvenils"],"_links":{"self":[{"href":"http:\/\/fegrama.cat\/web\/wp-json\/wp\/v2\/posts\/29730","targetHints":{"allow":["GET"]}}],"collection":[{"href":"http:\/\/fegrama.cat\/web\/wp-json\/wp\/v2\/posts"}],"about":[{"href":"http:\/\/fegrama.cat\/web\/wp-json\/wp\/v2\/types\/post"}],"author":[{"embeddable":true,"href":"http:\/\/fegrama.cat\/web\/wp-json\/wp\/v2\/users\/1"}],"replies":[{"embeddable":true,"href":"http:\/\/fegrama.cat\/web\/wp-json\/wp\/v2\/comments?post=29730"}],"version-history":[{"count":1,"href":"http:\/\/fegrama.cat\/web\/wp-json\/wp\/v2\/posts\/29730\/revisions"}],"predecessor-version":[{"id":29732,"href":"http:\/\/fegrama.cat\/web\/wp-json\/wp\/v2\/posts\/29730\/revisions\/29732"}],"wp:attachment":[{"href":"http:\/\/fegrama.cat\/web\/wp-json\/wp\/v2\/media?parent=29730"}],"wp:term":[{"taxonomy":"category","embeddable":true,"href":"http:\/\/fegrama.cat\/web\/wp-json\/wp\/v2\/categories?post=29730"},{"taxonomy":"post_tag","embeddable":true,"href":"http:\/\/fegrama.cat\/web\/wp-json\/wp\/v2\/tags?post=29730"}],"curies":[{"name":"wp","href":"https:\/\/api.w.org\/{rel}","templated":true}]}}