{"id":29717,"date":"2021-11-08T13:38:03","date_gmt":"2021-11-08T12:38:03","guid":{"rendered":"http:\/\/fegrama.cat\/web\/?p=29717"},"modified":"2021-11-08T13:39:01","modified_gmt":"2021-11-08T12:39:01","slug":"un-partit-dolent-del-nostre-juvenil-c","status":"publish","type":"post","link":"http:\/\/fegrama.cat\/web\/un-partit-dolent-del-nostre-juvenil-c\/","title":{"rendered":"Un partit dolent del nostre Juvenil \u00abC\u00bb."},"content":{"rendered":"\n<p><strong>Juvenil \u00abC\u00bb 2 &#8211;\u00a0Thau\u00a05<\/strong><\/p>\n\n\n\n<p>Els nostres nois del Juvenil \u00abC\u00bb van jugar el seu partit setmanal contra el\u00a0Thau. Un partit mal jugat pels nostres, ja que el contrari estava molt relaxat i molt atacant \u00edntegrament de domini de pilota. Els de la Grama tenien constants p\u00e8rdues de pilota i sense passades correctes&#8230; <\/p>\n\n\n\n<p>Despr\u00e9s d&#8217;una estona de partit van ser quan van arribar els gols dels contraris, la qual cosa va distreure als nostres del partit que ni en la primera ni en la segona part van jugar a futbol.<\/p>\n\n\n\n<p><\/p>\n\n\n\n<hr class=\"wp-block-separator\"\/>\n\n\n\n<p><\/p>\n\n\n\n<p><strong>Juvenil \u201cC\u201d 2 &#8211; Thau 5<\/strong><\/p>\n\n\n\n<p>Nuestros chicos del Juvenil \u201cC\u201d jugaron su partido semanal contra el Thau. Un partido mal jugado por los nuestros, ya que el contrario estaba muy relajado y muy atacante en su totalidad de dominio de bal\u00f3n. Los de la Grama ten\u00edan constantes p\u00e9rdidas de bal\u00f3n y sin pases correctos\u2026 <\/p>\n\n\n\n<p>Despu\u00e9s de un rato de partido fueron cuando llegaron los goles de los contrarios, lo que distrajo a los nuestros del partido que ni en la primera ni en la segunda parte jugaron a f\u00fatbol.<\/p>\n","protected":false},"excerpt":{"rendered":"<p>Juvenil \u00abC\u00bb 2 &#8211;\u00a0Thau\u00a05 Els nostres nois del Juvenil \u00abC\u00bb van jugar el seu partit setmanal contra el\u00a0Thau. Un partit mal jugat pels nostres, ja que el contrari estava molt relaxat i molt atacant \u00edntegrament de domini de pilota. Els de la Grama tenien constants p\u00e8rdues de pilota i sense passades correctes&#8230; Despr\u00e9s d&#8217;una estona [&hellip;]<\/p>\n","protected":false},"author":1,"featured_media":0,"comment_status":"closed","ping_status":"closed","sticky":false,"template":"","format":"standard","meta":{"footnotes":""},"categories":[4,6],"tags":[],"class_list":["post-29717","post","type-post","status-publish","format-standard","hentry","category-base-inclusiu","category-juvenils"],"_links":{"self":[{"href":"http:\/\/fegrama.cat\/web\/wp-json\/wp\/v2\/posts\/29717","targetHints":{"allow":["GET"]}}],"collection":[{"href":"http:\/\/fegrama.cat\/web\/wp-json\/wp\/v2\/posts"}],"about":[{"href":"http:\/\/fegrama.cat\/web\/wp-json\/wp\/v2\/types\/post"}],"author":[{"embeddable":true,"href":"http:\/\/fegrama.cat\/web\/wp-json\/wp\/v2\/users\/1"}],"replies":[{"embeddable":true,"href":"http:\/\/fegrama.cat\/web\/wp-json\/wp\/v2\/comments?post=29717"}],"version-history":[{"count":2,"href":"http:\/\/fegrama.cat\/web\/wp-json\/wp\/v2\/posts\/29717\/revisions"}],"predecessor-version":[{"id":29719,"href":"http:\/\/fegrama.cat\/web\/wp-json\/wp\/v2\/posts\/29717\/revisions\/29719"}],"wp:attachment":[{"href":"http:\/\/fegrama.cat\/web\/wp-json\/wp\/v2\/media?parent=29717"}],"wp:term":[{"taxonomy":"category","embeddable":true,"href":"http:\/\/fegrama.cat\/web\/wp-json\/wp\/v2\/categories?post=29717"},{"taxonomy":"post_tag","embeddable":true,"href":"http:\/\/fegrama.cat\/web\/wp-json\/wp\/v2\/tags?post=29717"}],"curies":[{"name":"wp","href":"https:\/\/api.w.org\/{rel}","templated":true}]}}