{"id":29711,"date":"2021-11-08T13:22:33","date_gmt":"2021-11-08T12:22:33","guid":{"rendered":"http:\/\/fegrama.cat\/web\/?p=29711"},"modified":"2021-11-08T13:22:34","modified_gmt":"2021-11-08T12:22:34","slug":"el-cadet-b-comenca-a-remuntar","status":"publish","type":"post","link":"http:\/\/fegrama.cat\/web\/el-cadet-b-comenca-a-remuntar\/","title":{"rendered":"El Cadet \u00abB\u00bb comen\u00e7a a remuntar!"},"content":{"rendered":"\n<p><strong>Cadet \u00abB\u00bb 2 &#8211; Mollet 1<\/strong><\/p>\n\n\n\n<p>Ning\u00fa s&#8217;adona, la pilota comen\u00e7a a rodar i tot tendeix a enjudiciar-se sobre el t\u00e8cnic, t\u00e0ctic o f\u00edsic, per\u00f2 el futbol \u00e9s d&#8217;humans. I no hi ha res m\u00e9s hum\u00e0 que les emocions i els estats d&#8217;\u00e0nim. Despr\u00e9s de quatre derrotes consecutives i, sent les tres \u00faltimes amb golejades en contra, l&#8217;escenari per a enfrontar-se a un Mollet&nbsp;CF&nbsp;a l&#8217;al\u00e7a no era el millor.<\/p>\n\n\n\n<p>El futbol t\u00e9 aix\u00f2, que cada partit \u00e9s diferent, que no cal donar res per sentenciat abans de comen\u00e7ar i, a m\u00e9s, en aquest cas, que l&#8217;equip de casa t\u00e9 molt per demostrar.<\/p>\n\n\n\n<p>Amb aquestes premisses, el partit es va desenvolupar amb un esfor\u00e7 extraordinari, en el mental i en el f\u00edsic, per part de la Grama, fent del seu partit un exercici d&#8217;orgull. Sabent que els visitants s\u00f3n un equip m\u00e9s que preciso amb la pilota als peus, es va executar una pressi\u00f3 amb la sana intenci\u00f3 que sorgissin els dubtes en els rivals, i es va aconseguir en gran part, impedint una clara flu\u00efdesa.<\/p>\n\n\n\n<p>Tots els gols en la primera part. 1 a 0, 1 a 1, 2 a 1 i al resultat final. El primer, del golejador&nbsp;Colomense, Henry, despr\u00e9s de tret creuat des de dins de l&#8217;\u00e0rea. El dels de Mollet, despr\u00e9s de centre i rematada, i el de la vict\u00f2ria, de Nil Codina, despr\u00e9s de superar al porter en un u contra un i previ passi a l&#8217;espai de Guillem&nbsp;Garc\u00eda.<\/p>\n\n\n\n<p>Ja en la segona meitat, un Mollet, en la cerca desesperada de l&#8217;empat i una Grama amb ganes de trobar un contraatac que sentenci\u00e9s el partit. Es va defensar b\u00e9 la saga local, malgrat l&#8217;embranzida rival, amb esment destacat per a Gen\u00eds, central dels de Santa Coloma.<\/p>\n\n\n\n<p>Un xoc amb molta tensi\u00f3 i que, despr\u00e9s d&#8217;alguna intervenci\u00f3 de m\u00e8rit per part del porter local,&nbsp;Alex&nbsp;Palero, va acabar amb la vict\u00f2ria dels&nbsp;blauencs.<\/p>\n\n\n\n<p>El cos t\u00e8cnic ens va deixar els seg\u00fcents comentaris:&nbsp;\u00abLa consigna abans del partit va ser clara: no deixar que una mala acci\u00f3 arrossegu\u00e9s l&#8217;actuaci\u00f3 individual o col\u00b7lectiva la resta del partit. Els nois han demostrat que aquest escut, per molts durs cops que s&#8217;emporti, no ser\u00e0 f\u00e0cil de doblegar. Estem molt feli\u00e7os per ells. \u00c9s un grup amb molt de comprom\u00eds i avui han estat capa\u00e7os d&#8217;aconseguir tres punts que estem segurs que ha fet saltar en miques aquesta pesada llosa que tenien damunt despr\u00e9s dels \u00faltims resultats. Torna a sortir el sol i esperem que sigui per bastant temps.<\/p>\n\n\n\n<p><\/p>\n\n\n\n<hr class=\"wp-block-separator\"\/>\n\n\n\n<p><\/p>\n\n\n\n<p><strong>Cadete \u00abB\u00bb 2 &#8211; Mollet 1<\/strong><\/p>\n\n\n\n<p>Nadie se da cuenta, la pelota comienza a rodar y todo tiende a enjuiciarse sobre lo t\u00e9cnico, t\u00e1ctico o f\u00edsico, pero el f\u00fatbol es de humanos. Y no hay nada m\u00e1s humano que las emociones y los estados de \u00e1nimo. Tras cuatro derrotas consecutivas y, siendo las tres \u00faltimas con goleadas en contra, el escenario para enfrentarse a un Mollet CF al alza no era el mejor. <\/p>\n\n\n\n<p>El f\u00fatbol tiene eso, que cada partido es diferente, que no hay que dar nada por sentenciado antes de empezar y, adem\u00e1s, en este caso, que el equipo de casa tiene mucho por demostrar. <\/p>\n\n\n\n<p>Con estas premisas, el partido se desarroll\u00f3 con un esfuerzo extraordinario, en lo mental y en lo f\u00edsico, por parte de la Grama, haciendo de su partido un ejercicio de orgullo. Sabiendo que los visitantes son un equipo m\u00e1s que preciso con el bal\u00f3n en los pies, se ejecut\u00f3 una presi\u00f3n con la sana intenci\u00f3n de que surgieran las dudas en los rivales, y se logr\u00f3 en gran parte, impidiendo una clara fluidez. <\/p>\n\n\n\n<p>Todos los goles en la primera parte. 1 a 0, 1 a 1, 2 a 1 y al resultado final. El primero, del goleador Colomense, Henry, tras disparo cruzado desde dentro del \u00e1rea. El de los de Mollet, tras centro y remate, y el de la victoria, de Nil Codina, tras superar al portero en un uno contra uno y previo pase al espacio de Guillem Garc\u00eda. <\/p>\n\n\n\n<p>Ya en la segunda mitad, un Mollet, en la b\u00fasqueda desesperada del empate y una Grama con ganas de encontrar un contraataque que sentenciara el partido. Se defendi\u00f3 bien la zaga local, a pesar del empuje rival, con menci\u00f3n destacada para Gen\u00eds, central de los de Santa Coloma. <\/p>\n\n\n\n<p>Un choque con mucha tensi\u00f3n y que, tras alguna intervenci\u00f3n de m\u00e9rito por parte del portero local, Alex Palero, acab\u00f3 con la victoria de los azulones. <\/p>\n\n\n\n<p>El cuerpo t\u00e9cnico nos dej\u00f3 los siguientes comentarios: \u201cLa consigna antes del partido fue clara: no dejar que una mala acci\u00f3n arrastrase la actuaci\u00f3n individual o colectiva el resto del partido. Los chicos han demostrado que este escudo, por muchos duros golpes que se lleve, no va a ser f\u00e1cil de doblegar. Estamos muy felices por ellos. Es un grupo con mucho compromiso y hoy han sido capaces de conseguir tres puntos que estamos seguros de que ha hecho saltar en a\u00f1icos esa pesada losa que ten\u00edan encima tras los \u00faltimos resultados. Vuelve a salir el sol y esperemos que sea por bastante tiempo.\u201d<\/p>\n","protected":false},"excerpt":{"rendered":"<p>Cadet \u00abB\u00bb 2 &#8211; Mollet 1 Ning\u00fa s&#8217;adona, la pilota comen\u00e7a a rodar i tot tendeix a enjudiciar-se sobre el t\u00e8cnic, t\u00e0ctic o f\u00edsic, per\u00f2 el futbol \u00e9s d&#8217;humans. I no hi ha res m\u00e9s hum\u00e0 que les emocions i els estats d&#8217;\u00e0nim. Despr\u00e9s de quatre derrotes consecutives i, sent les tres \u00faltimes amb golejades [&hellip;]<\/p>\n","protected":false},"author":1,"featured_media":0,"comment_status":"closed","ping_status":"closed","sticky":false,"template":"","format":"standard","meta":{"footnotes":""},"categories":[4,7],"tags":[],"class_list":["post-29711","post","type-post","status-publish","format-standard","hentry","category-base-inclusiu","category-cadets"],"_links":{"self":[{"href":"http:\/\/fegrama.cat\/web\/wp-json\/wp\/v2\/posts\/29711","targetHints":{"allow":["GET"]}}],"collection":[{"href":"http:\/\/fegrama.cat\/web\/wp-json\/wp\/v2\/posts"}],"about":[{"href":"http:\/\/fegrama.cat\/web\/wp-json\/wp\/v2\/types\/post"}],"author":[{"embeddable":true,"href":"http:\/\/fegrama.cat\/web\/wp-json\/wp\/v2\/users\/1"}],"replies":[{"embeddable":true,"href":"http:\/\/fegrama.cat\/web\/wp-json\/wp\/v2\/comments?post=29711"}],"version-history":[{"count":3,"href":"http:\/\/fegrama.cat\/web\/wp-json\/wp\/v2\/posts\/29711\/revisions"}],"predecessor-version":[{"id":29714,"href":"http:\/\/fegrama.cat\/web\/wp-json\/wp\/v2\/posts\/29711\/revisions\/29714"}],"wp:attachment":[{"href":"http:\/\/fegrama.cat\/web\/wp-json\/wp\/v2\/media?parent=29711"}],"wp:term":[{"taxonomy":"category","embeddable":true,"href":"http:\/\/fegrama.cat\/web\/wp-json\/wp\/v2\/categories?post=29711"},{"taxonomy":"post_tag","embeddable":true,"href":"http:\/\/fegrama.cat\/web\/wp-json\/wp\/v2\/tags?post=29711"}],"curies":[{"name":"wp","href":"https:\/\/api.w.org\/{rel}","templated":true}]}}