{"id":29705,"date":"2021-11-08T10:32:32","date_gmt":"2021-11-08T09:32:32","guid":{"rendered":"http:\/\/fegrama.cat\/web\/?p=29705"},"modified":"2021-11-08T10:32:34","modified_gmt":"2021-11-08T09:32:34","slug":"15-minuts-dinspiracio-de-lespanyol-b-van-tombar-el-juvenil-a-3-0","status":"publish","type":"post","link":"http:\/\/fegrama.cat\/web\/15-minuts-dinspiracio-de-lespanyol-b-van-tombar-el-juvenil-a-3-0\/","title":{"rendered":"15 minuts d&#8217;inspiraci\u00f3 de l&#8217;Espanyol B van tombar el Juvenil A (3-0)"},"content":{"rendered":"\n<p>15 minuts d&#8217;inspiraci\u00f3 de l&#8217;Espanyol B van tombar el Juvenil A de la FE Grama, que no van deixar d&#8217;intentar-ho als 90 minuts per\u00f2 van acabar caient 3-0.<\/p>\n\n\n\n<p>Iniciava el partit amb una pilota llarga a l&#8217;esquena de la defensa colomenca, on en un moment de dubte, un error dels visitants deixava en safata l&#8217;1-0 dels espanyolistes. Dur cop per al nostre Juvenil A que tot i aix\u00ed despr\u00e9s de treure de mig camp va tenir l&#8217;1-1 a les botes de Hernando, xut del capit\u00e0 que atura el porter.<\/p>\n\n\n\n<p>Corria el minut 5, i en la segona aproximaci\u00f3 dels blanc-i-blaus segon gol (2-0)\u2026 no se n&#8217;anaven del partit els colomencs que tenien el 2-1 amb un xut de Darling que el porter envia a c\u00f3rner per\u00f2 en la tercera aproximaci\u00f3 dels periquitos a l&#8217;\u00e0rea feien el 3-0. M\u00e0xima efectivitat local que deixava el partit molt costa amunt. Amb aquest resultat arrib\u00e0vem al descans.<\/p>\n\n\n\n<p>A la represa, bona actitud dels nois de Manu Pel\u00e1ez, que no van perdre la cara al partit en cap moment, davant un Espanyol que sortia en comptades vegades del seu propi camp, intentaven escur\u00e7ar dist\u00e0ncies els visitants que tot i aproximar-se a camp rival no acaben d&#8217;encertar amb l&#8217;\u00faltima passada als \u00faltims metres.<\/p>\n\n\n\n<p>Derrota de la Fundaci\u00f3 que rebr\u00e0 la setmana que ve al N\u00e0stic de Manresa per rescabalar-se d&#8217;aquesta derrota.<\/p>\n\n\n\n<p>Manu Pel\u00e1ez: \u00abSab\u00edem que era un camp molt dif\u00edcil, que encara estant b\u00e9 necessites que ells no tinguin el millor dia. Han tingut un percentatge molt elevat d&#8217;efectivitat i ben aviat ens ha esfondrat el pla de partit i hem hagut de reestructurar-nos sobre la marxa. Estic orgull\u00f3s d&#8217;aquest grup per la grapa i l&#8217;orgull que han demostrat fins al final. Despr\u00e9s del partit estaven ferits i molt tocats i aix\u00f2 \u00e9s positiu perqu\u00e8 ens garanteix continuar competint. Ja toca pensar en el N\u00e0stic.\u00bb<\/p>\n\n\n\n<div class=\"wp-block-image\"><figure class=\"aligncenter size-large\"><img loading=\"lazy\" decoding=\"async\" width=\"1024\" height=\"682\" src=\"http:\/\/fegrama.cat\/web\/wp-content\/uploads\/2021\/11\/WhatsApp-Image-2021-11-07-at-17.39.06-1-1024x682.jpeg\" alt=\"\" class=\"wp-image-29707\" srcset=\"http:\/\/fegrama.cat\/web\/wp-content\/uploads\/2021\/11\/WhatsApp-Image-2021-11-07-at-17.39.06-1-1024x682.jpeg 1024w, http:\/\/fegrama.cat\/web\/wp-content\/uploads\/2021\/11\/WhatsApp-Image-2021-11-07-at-17.39.06-1-300x200.jpeg 300w, http:\/\/fegrama.cat\/web\/wp-content\/uploads\/2021\/11\/WhatsApp-Image-2021-11-07-at-17.39.06-1-768x512.jpeg 768w, http:\/\/fegrama.cat\/web\/wp-content\/uploads\/2021\/11\/WhatsApp-Image-2021-11-07-at-17.39.06-1-1536x1023.jpeg 1536w, http:\/\/fegrama.cat\/web\/wp-content\/uploads\/2021\/11\/WhatsApp-Image-2021-11-07-at-17.39.06-1.jpeg 1600w\" sizes=\"auto, (max-width: 1024px) 100vw, 1024px\" \/><figcaption>Els capitans Aleix, Ca\u00f1ete i Rub\u00e9n amb el President, Antonio Morales, i el Vicepresident, Manolo Garc\u00eda a l&#8217;entrega del Bra\u00e7alet.<\/figcaption><\/figure><\/div>\n\n\n\n<p>15 minutos de inspiraci\u00f3n del Espanyol B tumbaron al Juvenil A de la FE Grama, que no dejaron de intentarlo en los 90 minutos pero acabaron cayendo 3-0.<\/p>\n\n\n\n<p>Iniciaba el partido con un bal\u00f3n largo a espaldas de la defensa colomense, donde en un momento de duda, un error de los visitantes dejaba en bandeja el 1-0 de los espa\u00f1olistas. Duro golpe para nuestro Juvenil A que a\u00fan as\u00ed tras sacar de medio campo tuvo el 1-1 en las botas de Hernando, disparo del capit\u00e1n que para el guardameta. <\/p>\n\n\n\n<p>Corr\u00eda el minuto 5, y en la segunda aproximaci\u00f3n de los blanquiazules segundo gol (2-0)\u2026 no se iban del partido los colomenses que ten\u00edan el 2-1 con un disparo de Darling que el portero env\u00eda a c\u00f3rner pero en la tercera aproximaci\u00f3n de los pericos al \u00e1rea hac\u00edan el 3-0. M\u00e1xima efectividad local que dejaba el partido muy cuesta arriba. Con este resultado lleg\u00e1bamos al descanso.<\/p>\n\n\n\n<p>En la reanudaci\u00f3n, buena actitud de los chicos de Manu Pel\u00e1ez, que no le perdieron la cara al partido en ning\u00fan momento, ante un Espanyol que sal\u00eda en contadas veces de su propio campo, intentaban acortar distancias los visitantes que a pesar de aproximarse a campo rival no acaban de acertar con el \u00faltimo pase en los \u00faltimos metros. <\/p>\n\n\n\n<p>Derrota de la Fundaci\u00f3  que recibir\u00e1 la semana pr\u00f3xima al N\u00e0stic de Manresa para resarcirse de esta derrota.<\/p>\n\n\n\n<p>Manu Pel\u00e1ez: \u00abSab\u00edamos que era un campo muy dif\u00edcil, que a\u00fan estando bien necesitas que ellos no tengan su mejor d\u00eda. Han tenido un porcentaje muy elevado de efectividad y muy pronto nos ha derrumbado el plan de partido y hemos tenido que restructurarnos sobre la marcha. Estoy orgulloso de este grupo por la garra y el orgullo que han demostrado hasta el final. Tras el partido estaban heridos y muy tocados y eso es positivo porque nos garantiza seguir compitiendo. Toca ya pensar en el N\u00e0stic.\u00bb<\/p>\n","protected":false},"excerpt":{"rendered":"<p>15 minuts d&#8217;inspiraci\u00f3 de l&#8217;Espanyol B van tombar el Juvenil A de la FE Grama, que no van deixar d&#8217;intentar-ho als 90 minuts per\u00f2 van acabar caient 3-0. Iniciava el partit amb una pilota llarga a l&#8217;esquena de la defensa colomenca, on en un moment de dubte, un error dels visitants deixava en safata l&#8217;1-0 [&hellip;]<\/p>\n","protected":false},"author":1,"featured_media":29707,"comment_status":"closed","ping_status":"closed","sticky":false,"template":"","format":"standard","meta":{"footnotes":""},"categories":[4,6],"tags":[],"class_list":["post-29705","post","type-post","status-publish","format-standard","has-post-thumbnail","hentry","category-base-inclusiu","category-juvenils"],"_links":{"self":[{"href":"http:\/\/fegrama.cat\/web\/wp-json\/wp\/v2\/posts\/29705","targetHints":{"allow":["GET"]}}],"collection":[{"href":"http:\/\/fegrama.cat\/web\/wp-json\/wp\/v2\/posts"}],"about":[{"href":"http:\/\/fegrama.cat\/web\/wp-json\/wp\/v2\/types\/post"}],"author":[{"embeddable":true,"href":"http:\/\/fegrama.cat\/web\/wp-json\/wp\/v2\/users\/1"}],"replies":[{"embeddable":true,"href":"http:\/\/fegrama.cat\/web\/wp-json\/wp\/v2\/comments?post=29705"}],"version-history":[{"count":2,"href":"http:\/\/fegrama.cat\/web\/wp-json\/wp\/v2\/posts\/29705\/revisions"}],"predecessor-version":[{"id":29708,"href":"http:\/\/fegrama.cat\/web\/wp-json\/wp\/v2\/posts\/29705\/revisions\/29708"}],"wp:featuredmedia":[{"embeddable":true,"href":"http:\/\/fegrama.cat\/web\/wp-json\/wp\/v2\/media\/29707"}],"wp:attachment":[{"href":"http:\/\/fegrama.cat\/web\/wp-json\/wp\/v2\/media?parent=29705"}],"wp:term":[{"taxonomy":"category","embeddable":true,"href":"http:\/\/fegrama.cat\/web\/wp-json\/wp\/v2\/categories?post=29705"},{"taxonomy":"post_tag","embeddable":true,"href":"http:\/\/fegrama.cat\/web\/wp-json\/wp\/v2\/tags?post=29705"}],"curies":[{"name":"wp","href":"https:\/\/api.w.org\/{rel}","templated":true}]}}