{"id":29681,"date":"2021-11-03T18:32:36","date_gmt":"2021-11-03T17:32:36","guid":{"rendered":"http:\/\/fegrama.cat\/web\/?p=29681"},"modified":"2021-11-03T18:40:01","modified_gmt":"2021-11-03T17:40:01","slug":"juanma-pons-a-la-caca-del-primer-lloc-historic-dentrenador","status":"publish","type":"post","link":"http:\/\/fegrama.cat\/web\/juanma-pons-a-la-caca-del-primer-lloc-historic-dentrenador\/","title":{"rendered":"Juanma Pons, a la ca\u00e7a del primer lloc hist\u00f2ric d&#8217;entrenador"},"content":{"rendered":"\n<p>Els entrenadors, aquesta pe\u00e7a fonamental, el capit\u00e0 del vaixell, aquell home que d\u00f3na instruccions des de la banqueta. En els vuit anys d&#8217;hist\u00f2ria de la Fundaci\u00f3 Esportiva Grama hem tingut diferents entrenadors, tots ells amb experi\u00e8ncia i d&#8217;estils diferents.<\/p>\n\n\n\n<p>Aquesta \u00e9s la classificaci\u00f3 hist\u00f2rica, ordenada per partits, d&#8217;entrenadors:<\/p>\n\n\n\n<ol class=\"wp-block-list\"><li><strong>Jos\u00e9 Ram\u00f3n Carranza: 61<\/strong> (34 Tercera Catalana + 24 Cuarta Cat. + 3 Copa Catalunya Amateur)<\/li><li><strong>Juanma Pons: 44<\/strong> (35 Tercera Divisi\u00f3n + 9 Primera Catalana)<\/li><li><strong>Dani Andreu: 36 <\/strong>(34 Segunda Catalana + 2 Copa Catalunya Amateur)<\/li><li><strong>Jos\u00e9 Antonio G\u00aa Escribano: 35 <\/strong>(34 Primera Catalana + 1 Campionat de Catalunya Amateur)<\/li><li><strong>Toni D\u00edaz: 23<\/strong> (21 Tercera Divisi\u00f3n + 2 Copa Catalunya)<\/li><li><strong>Toni Romero: 18<\/strong> (Tercera Divisi\u00f3n)<\/li><li><strong>Juan Camilo V\u00e1zquez: 15<\/strong> (13 Primera Catalana + 2 Copa Catalunya)<\/li><li><strong>T\u00e1ndem Carlos Mart\u00ednez L\u00f3pez &#8211; Jos\u00e9 Manuel \u201cPecas\u201d: 15<\/strong> (Cuarta Catalana)<\/li><li><strong>Jordi Mart\u00ednez Herv\u00e1s: 13<\/strong> (Cuarta Catalana)<\/li><li><strong>Toni Rovira: 1<\/strong>* (Tercera Divisi\u00f3n) <\/li><\/ol>\n\n\n\n<p class=\"has-text-align-right\"><em>*Inter<\/em>\u00ed<\/p>\n\n\n\n<p>L&#8217;actual entrenador de la Grama, Juanma Pons, ocupa el segon lloc amb la possibilitat de superar Ram\u00f3n Carranza aquesta mateixa temporada.<\/p>\n\n\n\n<p>A m\u00e9s de partits tamb\u00e9 podem parlar de campionats i ascensos. Ram\u00f3n encap\u00e7ala la llista amb dues lligues i dos ascensos, seguit per Dani Andreu i G\u00aa Escribano tots dos amb una lliga i un ascens, i finalment Juanma Pons amb un ascens.<\/p>\n\n\n\n<pre class=\"wp-block-verse\"><strong>David LLamas<\/strong><\/pre>\n\n\n\n<div class=\"wp-block-image\"><figure class=\"aligncenter size-large is-resized\"><img loading=\"lazy\" decoding=\"async\" src=\"http:\/\/fegrama.cat\/web\/wp-content\/uploads\/2021\/11\/PODIO-ENTRENADORES-1024x1024.jpeg\" alt=\"\" class=\"wp-image-29686\" width=\"483\" height=\"483\" srcset=\"http:\/\/fegrama.cat\/web\/wp-content\/uploads\/2021\/11\/PODIO-ENTRENADORES-1024x1024.jpeg 1024w, http:\/\/fegrama.cat\/web\/wp-content\/uploads\/2021\/11\/PODIO-ENTRENADORES-300x300.jpeg 300w, http:\/\/fegrama.cat\/web\/wp-content\/uploads\/2021\/11\/PODIO-ENTRENADORES-150x150.jpeg 150w, http:\/\/fegrama.cat\/web\/wp-content\/uploads\/2021\/11\/PODIO-ENTRENADORES-768x768.jpeg 768w, http:\/\/fegrama.cat\/web\/wp-content\/uploads\/2021\/11\/PODIO-ENTRENADORES-1536x1536.jpeg 1536w, http:\/\/fegrama.cat\/web\/wp-content\/uploads\/2021\/11\/PODIO-ENTRENADORES.jpeg 1564w\" sizes=\"auto, (max-width: 483px) 100vw, 483px\" \/><figcaption>Un &#8216;podi&#8217; de molta qualitat.<\/figcaption><\/figure><\/div>\n\n\n\n<p>Los entrenadores, pieza fundamental, el capit\u00e1n del barco, aqu\u00e9l hombre que da instrucciones desde el banquillo. En los ocho a\u00f1os de historia de la Fundaci\u00f3 Esportiva Grama hemos contado con diferentes entrenadores, todos ellos con experiencia y de estilos diferentes.<\/p>\n\n\n\n<p>Esta es la clasificaci\u00f3n hist\u00f3rica, ordenada por partidos, de entrenadores:<\/p>\n\n\n\n<ol class=\"wp-block-list\"><li><strong>Jos\u00e9 Ram\u00f3n Carranza: 61<\/strong> (34 Tercera Catalana + 24 Cuarta Cat. + 3 Copa Catalunya Amateur)<\/li><li><strong>Juanma Pons: 44<\/strong> (35 Tercera Divisi\u00f3n + 9 Primera Catalana)<\/li><li><strong>Dani Andreu: 36 <\/strong>(34 Segunda Catalana + 2 Copa Catalunya Amateur)<\/li><li><strong>Jos\u00e9 Antonio G\u00aa Escribano: 35 <\/strong>(34 Primera Catalana + 1 Campionat de Catalunya Amateur)<\/li><li><strong>Toni D\u00edaz: 23<\/strong> (21 Tercera Divisi\u00f3n + 2 Copa Catalunya)<\/li><li><strong>Toni Romero: 18<\/strong> (Tercera Divisi\u00f3n)<\/li><li><strong>Juan Camilo V\u00e1zquez: 15<\/strong> (13 Primera Catalana + 2 Copa Catalunya)<\/li><li><strong>T\u00e1ndem Carlos Mart\u00ednez L\u00f3pez &#8211; Jos\u00e9 Manuel \u201cPecas\u201d: 15<\/strong> (Cuarta Catalana)<\/li><li><strong>Jordi Mart\u00ednez Herv\u00e1s: 13<\/strong> (Cuarta Catalana)<\/li><li><strong>Toni Rovira: 1<\/strong>* (Tercera Divisi\u00f3n) <\/li><\/ol>\n\n\n\n<p class=\"has-text-align-right\"><em>*Interino<\/em><\/p>\n\n\n\n<p>El actual entrenador de la Grama, Juanma Pons, ocupa el segundo puesto con la posibilidad de superar a Ram\u00f3n Carranza esta misma temporada. <\/p>\n\n\n\n<p>Adem\u00e1s de partidos tambi\u00e9n podemos hablar de campeonatos y ascensos. Ram\u00f3n encabeza la lista con dos ligas y dos ascensos, seguido por Dani Andreu y G\u00aa Escribano ambos con una liga y un ascenso, y finalmente Juanma Pons con un ascenso.<\/p>\n","protected":false},"excerpt":{"rendered":"<p>Els entrenadors, aquesta pe\u00e7a fonamental, el capit\u00e0 del vaixell, aquell home que d\u00f3na instruccions des de la banqueta. En els vuit anys d&#8217;hist\u00f2ria de la Fundaci\u00f3 Esportiva Grama hem tingut diferents entrenadors, tots ells amb experi\u00e8ncia i d&#8217;estils diferents. Aquesta \u00e9s la classificaci\u00f3 hist\u00f2rica, ordenada per partits, d&#8217;entrenadors: Jos\u00e9 Ram\u00f3n Carranza: 61 (34 Tercera Catalana [&hellip;]<\/p>\n","protected":false},"author":1,"featured_media":29686,"comment_status":"closed","ping_status":"closed","sticky":false,"template":"","format":"standard","meta":{"footnotes":""},"categories":[14,5],"tags":[],"class_list":["post-29681","post","type-post","status-publish","format-standard","has-post-thumbnail","hentry","category-noticies","category-primer-equip"],"_links":{"self":[{"href":"http:\/\/fegrama.cat\/web\/wp-json\/wp\/v2\/posts\/29681","targetHints":{"allow":["GET"]}}],"collection":[{"href":"http:\/\/fegrama.cat\/web\/wp-json\/wp\/v2\/posts"}],"about":[{"href":"http:\/\/fegrama.cat\/web\/wp-json\/wp\/v2\/types\/post"}],"author":[{"embeddable":true,"href":"http:\/\/fegrama.cat\/web\/wp-json\/wp\/v2\/users\/1"}],"replies":[{"embeddable":true,"href":"http:\/\/fegrama.cat\/web\/wp-json\/wp\/v2\/comments?post=29681"}],"version-history":[{"count":6,"href":"http:\/\/fegrama.cat\/web\/wp-json\/wp\/v2\/posts\/29681\/revisions"}],"predecessor-version":[{"id":29688,"href":"http:\/\/fegrama.cat\/web\/wp-json\/wp\/v2\/posts\/29681\/revisions\/29688"}],"wp:featuredmedia":[{"embeddable":true,"href":"http:\/\/fegrama.cat\/web\/wp-json\/wp\/v2\/media\/29686"}],"wp:attachment":[{"href":"http:\/\/fegrama.cat\/web\/wp-json\/wp\/v2\/media?parent=29681"}],"wp:term":[{"taxonomy":"category","embeddable":true,"href":"http:\/\/fegrama.cat\/web\/wp-json\/wp\/v2\/categories?post=29681"},{"taxonomy":"post_tag","embeddable":true,"href":"http:\/\/fegrama.cat\/web\/wp-json\/wp\/v2\/tags?post=29681"}],"curies":[{"name":"wp","href":"https:\/\/api.w.org\/{rel}","templated":true}]}}