{"id":29675,"date":"2021-11-01T14:11:21","date_gmt":"2021-11-01T13:11:21","guid":{"rendered":"http:\/\/fegrama.cat\/web\/?p=29675"},"modified":"2021-11-01T14:11:22","modified_gmt":"2021-11-01T13:11:22","slug":"victoria-del-juvenil-d-davant-del-catalonia","status":"publish","type":"post","link":"http:\/\/fegrama.cat\/web\/victoria-del-juvenil-d-davant-del-catalonia\/","title":{"rendered":"Vict\u00f2ria del Juvenil \u00abD\u00bb davant del Catalonia."},"content":{"rendered":"\n<p><strong>Catalonia\u00a0\u00abD\u00bb 2 &#8211; Juvenil \u00abD\u00bb 3<\/strong><\/p>\n\n\n\n<p>El cap de setmana passat els nostres nois del Juvenil \u00abD\u00bb van jugar el seu partit setmanal fora\u00a0de casa, un partit que va comen\u00e7ar molt b\u00e9 per als nostres, ja que des del primer minut es veia una pressi\u00f3 alta dels quals va suposar un c\u00f3rner a favor dels blaus. Despr\u00e9s d&#8217;una jugada assajada es van avan\u00e7ar els nostres en el marcador, per\u00f2 despr\u00e9s d&#8217;un error en la sortida de pilota, en el minut 7, els locals posaven les taules. Hi havia bona actitud dels Colomencs, combinant jugades en curt i en llarg, sabent llegir el partit. Un altre c\u00f3rner a favor suposava que es posessin per davant els nostres juvenils. La pissarra del m\u00edster donava els seus fruits.<\/p>\n\n\n\n<p>Una vegada iniciada la segona part, just despr\u00e9s de recuperar una pilota deguda a la bona i organitzada pressi\u00f3, la Grama posava l&#8217;1 a 3 en el tauler. Una passada a l&#8217;espai deixava nom\u00e9s a Mario que no va perdonar l&#8217;u contra un, amb el porter. El juvenil es presentava s\u00f2lid, gener\u00f3s en les ajudes, sense concedir espais i molt fort\u00a0a nivell defensiu. Per\u00f2 en una jugada a\u00efllada i despr\u00e9s de varis rebutgis el marcador\u00a0quedaria\u00a0amb el 2 a 3, definitiu.<\/p>\n\n\n\n<p>Tercera vict\u00f2ria consecutiva en un camp dif\u00edcil, deixant als nostres en les posicions altes de la classificaci\u00f3. La setmana que ve es veuran les cares contra el l\u00edder.<\/p>\n\n\n\n<p>Anem amb tot, blaus!<\/p>\n\n\n\n<hr class=\"wp-block-separator\"\/>\n\n\n\n<p><\/p>\n\n\n\n<p><strong>Catalonia \u201cD\u201d 2 &#8211; Juvenil \u201cD\u201d 3<\/strong><\/p>\n\n\n\n<p>El fin de semana pasado nuestros chicos del Juvenil \u201cD\u201d jugaron su partido semanal fuera de casa, un partido que empez\u00f3 muy bien para los nuestros, ya que desde el primer minuto se ve\u00eda una presi\u00f3n alta de los que supuso un c\u00f3rner a favor de los azules. Tras una jugada ensayada se adelantaron los nuestros en el marcador, pero despu\u00e9s de un error en la salida de bal\u00f3n, en el minuto 7, los locales pon\u00edan las tablas. Hab\u00eda buena actitud de los Colomenses, combinando jugadas en corto y en largo, sabiendo leer el partido. Otro c\u00f3rner a favor supon\u00eda que se pusieran por delante nuestros juveniles. La pizarra del m\u00edster daba sus frutos.<\/p>\n\n\n\n<p>Una vez iniciada la segunda parte, justo despu\u00e9s de recuperar un bal\u00f3n debida a la buena y organizada presi\u00f3n, la Grama pon\u00eda el 1 a 3 en el tablero. Un pase al espacio dejaba solo a Mario que no perdon\u00f3 el uno contra uno, con el portero. El juvenil se presentaba s\u00f3lido, generoso en las ayudas, sin conceder espacios y muy fuerte a nivel defensivo. Pero en una jugada aislada y tras varios rechaces el marcador quedar\u00eda con el 2 a 3, definitivo.<\/p>\n\n\n\n<p>Tercera victoria consecutiva en un campo dif\u00edcil, dejando a los nuestros en las posiciones altas de la clasificaci\u00f3n. La semana que viene se ver\u00e1n las caras contra el l\u00edder.&nbsp;<\/p>\n\n\n\n<p>\u00a1Vamos con todo, azules!<\/p>\n","protected":false},"excerpt":{"rendered":"<p>Catalonia\u00a0\u00abD\u00bb 2 &#8211; Juvenil \u00abD\u00bb 3 El cap de setmana passat els nostres nois del Juvenil \u00abD\u00bb van jugar el seu partit setmanal fora\u00a0de casa, un partit que va comen\u00e7ar molt b\u00e9 per als nostres, ja que des del primer minut es veia una pressi\u00f3 alta dels quals va suposar un c\u00f3rner a favor dels [&hellip;]<\/p>\n","protected":false},"author":1,"featured_media":29676,"comment_status":"closed","ping_status":"closed","sticky":false,"template":"","format":"standard","meta":{"footnotes":""},"categories":[4,6],"tags":[],"class_list":["post-29675","post","type-post","status-publish","format-standard","has-post-thumbnail","hentry","category-base-inclusiu","category-juvenils"],"_links":{"self":[{"href":"http:\/\/fegrama.cat\/web\/wp-json\/wp\/v2\/posts\/29675","targetHints":{"allow":["GET"]}}],"collection":[{"href":"http:\/\/fegrama.cat\/web\/wp-json\/wp\/v2\/posts"}],"about":[{"href":"http:\/\/fegrama.cat\/web\/wp-json\/wp\/v2\/types\/post"}],"author":[{"embeddable":true,"href":"http:\/\/fegrama.cat\/web\/wp-json\/wp\/v2\/users\/1"}],"replies":[{"embeddable":true,"href":"http:\/\/fegrama.cat\/web\/wp-json\/wp\/v2\/comments?post=29675"}],"version-history":[{"count":1,"href":"http:\/\/fegrama.cat\/web\/wp-json\/wp\/v2\/posts\/29675\/revisions"}],"predecessor-version":[{"id":29677,"href":"http:\/\/fegrama.cat\/web\/wp-json\/wp\/v2\/posts\/29675\/revisions\/29677"}],"wp:featuredmedia":[{"embeddable":true,"href":"http:\/\/fegrama.cat\/web\/wp-json\/wp\/v2\/media\/29676"}],"wp:attachment":[{"href":"http:\/\/fegrama.cat\/web\/wp-json\/wp\/v2\/media?parent=29675"}],"wp:term":[{"taxonomy":"category","embeddable":true,"href":"http:\/\/fegrama.cat\/web\/wp-json\/wp\/v2\/categories?post=29675"},{"taxonomy":"post_tag","embeddable":true,"href":"http:\/\/fegrama.cat\/web\/wp-json\/wp\/v2\/tags?post=29675"}],"curies":[{"name":"wp","href":"https:\/\/api.w.org\/{rel}","templated":true}]}}